{"id":12137,"date":"2025-06-02T18:27:20","date_gmt":"2025-06-02T18:27:20","guid":{"rendered":"https:\/\/iberoleonenvio.com\/website_f1c4f9f2\/?p=12137"},"modified":"2025-06-03T16:50:06","modified_gmt":"2025-06-03T16:50:06","slug":"politica-exterior-de-la-santa-sede-en-el-pontificado-del-papa-francisco-y-primer-perfil-geopolitico-del-papa-leon-xiv-2","status":"publish","type":"post","link":"https:\/\/iberoleonenvio.com\/website_f1c4f9f2\/politica-exterior-de-la-santa-sede-en-el-pontificado-del-papa-francisco-y-primer-perfil-geopolitico-del-papa-leon-xiv-2\/","title":{"rendered":"Pol\u00edtica exterior de la Santa Sede en el pontificado del papa Francisco, y primer perfil geopol\u00edtico del papa Le\u00f3n XIV\u00a0"},"content":{"rendered":"\t\t<div data-elementor-type=\"wp-post\" data-elementor-id=\"12137\" class=\"elementor elementor-12137\">\n\t\t\t\t\t\t<section class=\"elementor-section elementor-top-section elementor-element elementor-element-eb1158a elementor-section-full_width elementor-section-stretched elementor-section-height-default elementor-section-height-default e-parent\" data-id=\"eb1158a\" data-element_type=\"section\" data-e-type=\"section\" data-settings=\"{&quot;stretch_section&quot;:&quot;section-stretched&quot;}\">\n\t\t\t\t\t\t<div class=\"elementor-container elementor-column-gap-no\">\n\t\t\t\t\t<div class=\"elementor-column elementor-col-100 elementor-top-column elementor-element elementor-element-04bfa96 lakit-col-width-auto-no\" data-id=\"04bfa96\" data-element_type=\"column\" data-e-type=\"column\">\n\t\t\t<div class=\"elementor-widget-wrap elementor-element-populated\">\n\t\t\t\t\t\t<div class=\"elementor-element elementor-element-92891d7 elementor-widget__width-initial cabecera-articulo elementor-widget elementor-widget-heading\" data-id=\"92891d7\" data-element_type=\"widget\" data-e-type=\"widget\" data-widget_type=\"heading.default\">\n\t\t\t\t<div class=\"elementor-widget-container\">\n\t\t\t\t\t<h2 class=\"elementor-heading-title elementor-size-large\">\n\n\n\n\n\n\n\n<\/h2>\t\t\t\t<\/div>\n\t\t\t\t<\/div>\n\t\t\t\t\t<\/div>\n\t\t<\/div>\n\t\t\t\t\t<\/div>\n\t\t<\/section>\n\t\t\t\t<section class=\"elementor-section elementor-top-section elementor-element elementor-element-1b06fc3 elementor-section-content-middle elementor-section-boxed elementor-section-height-default elementor-section-height-default e-parent\" data-id=\"1b06fc3\" data-element_type=\"section\" data-e-type=\"section\">\n\t\t\t\t\t\t<div class=\"elementor-container elementor-column-gap-no\">\n\t\t\t\t\t<div class=\"elementor-column elementor-col-66 elementor-top-column elementor-element elementor-element-db327b6 lakit-col-width-auto-no\" data-id=\"db327b6\" data-element_type=\"column\" data-e-type=\"column\">\n\t\t\t<div class=\"elementor-widget-wrap elementor-element-populated\">\n\t\t\t\t\t\t<div class=\"elementor-element elementor-element-2911c28 eael-dual-header-content-align-left elementor-widget elementor-widget-eael-dual-color-header\" data-id=\"2911c28\" data-element_type=\"widget\" data-e-type=\"widget\" data-widget_type=\"eael-dual-color-header.default\">\n\t\t\t\t<div class=\"elementor-widget-container\">\n\t\t\t\t\t\t\t\t<div class=\"eael-dual-header\">\n\t\t\t\t<h2 class=\"title eael-dch-title\"><span class=\"eael-dch-title-text eael-dch-title-lead lead solid-color\">Pol\u00edtica exterior de la Santa Sede en el pontificado del papa Francisco, <\/span> <span class=\"eael-dch-title-text\">y primer perfil geopol\u00edtico del papa Le\u00f3n XIV <\/span><\/h2>\t\t\t<\/div>\n\n\t\t\t\t\t\t<\/div>\n\t\t\t\t<\/div>\n\t\t\t\t\t<\/div>\n\t\t<\/div>\n\t\t\t\t<div class=\"elementor-column elementor-col-33 elementor-top-column elementor-element elementor-element-1b3cf7b lakit-col-width-auto-no\" data-id=\"1b3cf7b\" data-element_type=\"column\" data-e-type=\"column\">\n\t\t\t<div class=\"elementor-widget-wrap elementor-element-populated\">\n\t\t\t\t\t\t<div class=\"elementor-element elementor-element-369980b elementor-widget__width-auto elementor-widget elementor-widget-jblog_post_category\" data-id=\"369980b\" data-element_type=\"widget\" data-e-type=\"widget\" data-widget_type=\"jblog_post_category.default\">\n\t\t\t\t<div class=\"elementor-widget-container\">\n\t\t\t\t\t<div  class=\"jblog-post-category-elements jblog-post-category right jeg_module___69ee9fc2b3582 numero-actual  \"><a href=\"https:\/\/iberoleonenvio.com\/website_f1c4f9f2\/category\/numero-42-junio-2025\/\" class=\"category-numero-42-junio-2025\">N\u00famero 42 - Junio 2025<\/a><\/div>\t\t\t\t<\/div>\n\t\t\t\t<\/div>\n\t\t\t\t\t<\/div>\n\t\t<\/div>\n\t\t\t\t\t<\/div>\n\t\t<\/section>\n\t\t\t\t<section class=\"elementor-section elementor-top-section elementor-element elementor-element-6732a7a elementor-section-boxed elementor-section-height-default elementor-section-height-default e-parent\" data-id=\"6732a7a\" data-element_type=\"section\" data-e-type=\"section\">\n\t\t\t\t\t\t<div class=\"elementor-container elementor-column-gap-default\">\n\t\t\t\t\t<div class=\"elementor-column elementor-col-66 elementor-top-column elementor-element elementor-element-d7e31b3 lakit-col-width-auto-no\" data-id=\"d7e31b3\" data-element_type=\"column\" data-e-type=\"column\">\n\t\t\t<div class=\"elementor-widget-wrap elementor-element-populated\">\n\t\t\t\t\t\t<section class=\"elementor-section elementor-inner-section elementor-element elementor-element-031c7ad elementor-section-boxed elementor-section-height-default elementor-section-height-default\" data-id=\"031c7ad\" data-element_type=\"section\" data-e-type=\"section\">\n\t\t\t\t\t\t<div class=\"elementor-container elementor-column-gap-default\">\n\t\t\t\t\t<div class=\"elementor-column elementor-col-50 elementor-inner-column elementor-element elementor-element-c4a8e4c lakit-col-width-auto-no\" data-id=\"c4a8e4c\" data-element_type=\"column\" data-e-type=\"column\">\n\t\t\t<div class=\"elementor-widget-wrap\">\n\t\t\t\t\t\t\t<\/div>\n\t\t<\/div>\n\t\t\t\t<div class=\"elementor-column elementor-col-50 elementor-inner-column elementor-element elementor-element-fba3a11 lakit-col-width-auto-no\" data-id=\"fba3a11\" data-element_type=\"column\" data-e-type=\"column\">\n\t\t\t<div class=\"elementor-widget-wrap elementor-element-populated\">\n\t\t\t\t\t\t<div class=\"elementor-element elementor-element-7e749f8 elementor-widget elementor-widget-text-editor\" data-id=\"7e749f8\" data-element_type=\"widget\" data-e-type=\"widget\" data-widget_type=\"text-editor.default\">\n\t\t\t\t<div class=\"elementor-widget-container\">\n\t\t\t\t\t\t\t\t\t<p style=\"text-align: right;\"><span data-contrast=\"auto\">Dr. Jiri Sykora<\/span><span data-ccp-props=\"{&quot;335551550&quot;:3,&quot;335551620&quot;:3,&quot;335559739&quot;:0}\">\u00a0<\/span><\/p><p style=\"text-align: right;\"><strong>Acad\u00e9mico de las Relaciones Internacionales<\/strong><\/p>\t\t\t\t\t\t\t\t<\/div>\n\t\t\t\t<\/div>\n\t\t\t\t\t<\/div>\n\t\t<\/div>\n\t\t\t\t\t<\/div>\n\t\t<\/section>\n\t\t\t\t<div class=\"elementor-element elementor-element-dfceae0 elementor-widget__width-initial elementor-widget elementor-widget-text-editor\" data-id=\"dfceae0\" data-element_type=\"widget\" data-e-type=\"widget\" data-widget_type=\"text-editor.default\">\n\t\t\t\t<div class=\"elementor-widget-container\">\n\t\t\t\t\t\t\t\t\t<p><b><span data-contrast=\"auto\">La pol\u00edtica exterior del Papa Francisco<\/span><\/b><span data-ccp-props=\"{}\">\u00a0<\/span><\/p><p><span data-contrast=\"auto\">Tras la muerte del Papa Francisco, el 21 de abril, gran parte de la atenci\u00f3n mundial se ha centrado en su personalidad: su humildad, su humor, su estilo de gesti\u00f3n pr\u00e1ctico. Todo eso se va a la tumba. Las contribuciones del papa argentino a la diplomacia vaticana, mientras tanto, ser\u00e1n un legado perdurable. Francisco traz\u00f3 un rumbo diplom\u00e1tico independiente de las capitales occidentales, elev\u00f3 a l\u00edderes cat\u00f3licos en pa\u00edses que nunca hab\u00edan formado parte del gobierno de la Iglesia y perfeccion\u00f3 un m\u00e9todo diplom\u00e1tico pragm\u00e1tico y ambicioso.<\/span><span data-ccp-props=\"{}\">\u00a0<\/span><\/p><p><span data-contrast=\"auto\">Gracias a estos esfuerzos, Francisco restaur\u00f3 las relaciones que se hab\u00edan deteriorado bajo el mandato de sus predecesores y dej\u00f3 tras de s\u00ed una red diplom\u00e1tica fortalecida con acceso a todo el mundo. Su sucesor ahora debe capitalizar la vasta buena voluntad acumulada bajo el mandato de Francisco para promover las prioridades de la Iglesia: compasi\u00f3n, justicia y paz. Las herramientas para llevar a cabo una diplomacia papal significativa y de amplio alcance est\u00e1n a su disposici\u00f3n.<\/span><span data-ccp-props=\"{}\">\u00a0<\/span><\/p><p><i><span data-contrast=\"auto\">Mirando hacia fuera<\/span><\/i><span data-ccp-props=\"{}\">\u00a0<\/span><\/p><p><span data-contrast=\"auto\">El viaje m\u00e1s largo de Francisco como papa, un viaje de 12 d\u00edas por Indonesia, Pap\u00faa Nueva Guinea, Timor Oriental y Singapur el pasado septiembre, ejemplific\u00f3 muchas de sus prioridades diplom\u00e1ticas. Una de ellas fue mejorar las relaciones entre la Iglesia cat\u00f3lica y el mundo musulm\u00e1n, en particular con los seguidores del islam sunita. Dichas relaciones se encontraban en un punto bajo el mandato del predecesor de Francisco, el papa Benedicto XVI. Francisco logr\u00f3 reconciliarse con Gran Im\u00e1n de al-Azhar Ahmed al-Tayeb, una de las m\u00e1ximas autoridades sunitas del mundo y, finalmente, forj\u00f3 una amistad fruct\u00edfera. Ambos l\u00edderes se reunieron en 2019 en Abu Dabi para firmar un acuerdo conjunto hist\u00f3rico contra el extremismo religioso, durante lo que ya era un viaje hist\u00f3rico: era la primera vez que un papa visitaba la Pen\u00ednsula Ar\u00e1biga.<\/span><span data-ccp-props=\"{}\">\u00a0<\/span><\/p><p><span data-contrast=\"auto\">Francisco tambi\u00e9n inst\u00f3 a la Iglesia Cat\u00f3lica a ser menos institucional, o introspectiva, y m\u00e1s misionera, dirigiendo su atenci\u00f3n a las periferias de la sociedad global. Integr\u00f3 el Colegio Cardenalicio, que seleccionar\u00e1 a su sucesor, con hombres de pa\u00edses que anteriormente ten\u00edan poca o ninguna representaci\u00f3n en el liderazgo de la iglesia. Entre sus nombramientos se encontraban cardenales de 25 pa\u00edses que nunca antes hab\u00edan tenido una representaci\u00f3n, incluyendo Pap\u00faa Nueva Guinea, Singapur y Timor Oriental. Todos los papas utilizan cardenales como enviados, pero ning\u00fan papa los ha designado en tantos lugares.<\/span><span data-ccp-props=\"{}\">\u00a0<\/span><\/p><p><span data-contrast=\"auto\">Esta red de nuevos l\u00edderes contribuy\u00f3 al objetivo de Francisco de hacer que la iglesia fuera menos euroc\u00e9ntrica y se centrara m\u00e1s en los pa\u00edses donde el catolicismo se est\u00e1 extendiendo.\u00a0<\/span><span data-ccp-props=\"{}\">\u00a0<\/span><\/p><p><i><span data-contrast=\"auto\">Visis\u00f3n multipolar<\/span><\/i><span data-ccp-props=\"{}\">\u00a0<\/span><\/p><p><span data-contrast=\"auto\">Francisco sol\u00eda presentar su visi\u00f3n del mundo globalizado no como una esfera, sino como un poliedro, una met\u00e1fora que, seg\u00fan \u00e9l, &#8220;expresa c\u00f3mo se crea la unidad preservando las identidades de los pueblos, las personas y las culturas&#8221;. Apreci\u00f3, por ejemplo, la determinaci\u00f3n de Singapur de mantenerse al margen de las rivalidades geopol\u00edticas y abrazar la multipolaridad. Durante el papado de Francisco, el propio Vaticano realiz\u00f3 grandes esfuerzos para superar las divisiones geopol\u00edticas, dedicando especial atenci\u00f3n diplom\u00e1tica a China.<\/span><span data-ccp-props=\"{}\">\u00a0<\/span><\/p><p><span data-contrast=\"auto\">Adem\u00e1s de su enfoque hacia China, Francisco se distanci\u00f3 de las potencias occidentales en su respuesta a la guerra en Ucrania. Se opuso a las sanciones contra Rusia, siguiendo la postura tradicional de la Iglesia de que las sanciones no deben utilizarse como arma diplom\u00e1tica porque perjudican el bienestar de la gente com\u00fan.<\/span><span data-ccp-props=\"{}\">\u00a0<\/span><\/p><p><span data-contrast=\"auto\">A medida que el conflicto se intensificaba en Ucrania, Francisco se neg\u00f3 a demonizar a Rusia. En cambio, habl\u00f3 de la tragedia del &#8220;fratricidio&#8221; entre hermanos cristianos. A menudo acus\u00f3 a los traficantes de armas de fomentar la guerra. Incluso se atrevi\u00f3 a sugerir que la expansi\u00f3n de la OTAN \u2014que describi\u00f3 como &#8220;una OTAN ladrando a la puerta de Rusia&#8221;\u2014 contribuy\u00f3 a la decisi\u00f3n rusa de invadir. Es cierto que conden\u00f3 la guerra y ofreci\u00f3 oraciones p\u00fablicas por el \u201cpueblo ucraniano martirizado\u201d, incluso desde su cama de hospital, pero nunca lanz\u00f3 una acusaci\u00f3n personal contra el presidente ruso, Vladimir Putin.<\/span><span data-ccp-props=\"{}\">\u00a0<\/span><\/p><p><i><span data-contrast=\"auto\">El pr\u00f3ximo diplom\u00e1tico<\/span><\/i><span data-ccp-props=\"{}\">\u00a0<\/span><\/p><p><span data-contrast=\"auto\">Aunque algunas de sus posiciones pudieran ser controvertidas, Francisco devolvi\u00f3 la relevancia a la diplomacia cat\u00f3lica. Fortaleci\u00f3 el aparato diplom\u00e1tico del Vaticano, a\u00f1adiendo una nueva secci\u00f3n a la Secretar\u00eda de Estado para apoyar al personal diplom\u00e1tico. Fortaleci\u00f3 los esfuerzos de paz nombrando cardenales en zonas de conflicto, como Siria y Jerusal\u00e9n, jurisdicci\u00f3n esta \u00faltima que abarca Chipre, Jordania, Israel y los territorios palestinos, y est\u00e1 dirigida por el cardenal Pierbattista Pizzaballa. Francisco tambi\u00e9n impuls\u00f3 a las peque\u00f1as comunidades cat\u00f3licas nombrando cardenales por primera vez en Bangladesh, Ir\u00e1n y Pakist\u00e1n, pa\u00edses predominantemente musulmanes, y en Mongolia, Myanmar y Singapur, pa\u00edses predominantemente budistas. Para dirigir el departamento que se centra en el di\u00e1logo interreligioso, Francisco nombr\u00f3 a un diplom\u00e1tico indio, el cardenal George Koovakad.<\/span><span data-ccp-props=\"{}\">\u00a0<\/span><\/p><p><span data-contrast=\"auto\">Los valores y la estrategia que Francisco aport\u00f3 a la interacci\u00f3n internacional tienen sus ra\u00edces en el Evangelio; no son exclusivos de \u00e9l. Adem\u00e1s, su estilo diplom\u00e1tico se ense\u00f1a al cuerpo de sacerdotes diplom\u00e1ticos del Vaticano en la escuela de diplomacia m\u00e1s antigua del mundo, la Pontificia Academia Eclesi\u00e1stica.\u00a0<\/span><span data-ccp-props=\"{}\">\u00a0<\/span><\/p><p><b><span data-contrast=\"auto\">La pol\u00edtica internacional de Le\u00f3n XIV, \u00bfel nuevo papa diplom\u00e1tico?<\/span><\/b><span data-ccp-props=\"{}\">\u00a0<\/span><\/p><p><span data-contrast=\"auto\">Robert Prevost (Chicago, 1955) es el primer papa nacido en Estados Unidos, pero probablemente fue elegido porque es mucho m\u00e1s que eso. Tambi\u00e9n tiene nacionalidad de Per\u00fa, pa\u00eds al que lleg\u00f3 como misionero en 1985 y donde acab\u00f3 siendo obispo. En 2023 Francisco le nombr\u00f3 prefecto del Dicasterio de los Obispos, un importante \u00f3rgano encargado de preseleccionar a los obispos de todo el mundo, lo que le llev\u00f3 a tener contacto con los cat\u00f3licos de los cinco continentes.<\/span><span data-ccp-props=\"{}\">\u00a0<\/span><\/p><p><span data-contrast=\"auto\">Adem\u00e1s, Francisco le encomend\u00f3 la presidencia de la Pontifica Comisi\u00f3n para Am\u00e9rica Latina, regi\u00f3n con la que Prevost tiene una estrecha relaci\u00f3n. El propio Le\u00f3n XIV se ha encargado de presentarse al mundo como un papa global: en su primer discurso habl\u00f3 italiano y espa\u00f1ol, pero no dijo ni una palabra en ingl\u00e9s. Con todo, aunque Prevost est\u00e1 considerado un continuador de Francisco, no est\u00e1 claro que vaya a seguir la orientaci\u00f3n geopol\u00edtica marcada por el papa argentino.<\/span><span data-ccp-props=\"{}\">\u00a0<\/span><\/p><p><span data-contrast=\"auto\">La elecci\u00f3n del nombre de un papa siempre da pistas sobre la orientaci\u00f3n que piensa imprimir a su pontificado. Le\u00f3n XIII (1878-1903) es conocido por su importante labor diplom\u00e1tica, adem\u00e1s de por su defensa de la justicia social: suya es la enc\u00edclica\u202f<\/span><i><span data-contrast=\"auto\">Rerum novarum<\/span><\/i><span data-contrast=\"auto\">, sobre la situaci\u00f3n de la clase trabajadora.<\/span><span data-ccp-props=\"{}\">\u00a0<\/span><\/p><p><span data-contrast=\"auto\">La elecci\u00f3n de este nombre es un gui\u00f1o de Prevost al rol diplom\u00e1tico en defensa de la paz que tantas veces ha jugado la Santa Sede. De hecho, la paz fue el principal tema de su primer discurso, lo que confirma que esta ser\u00e1 una de las prioridades de su papado. En teor\u00eda es el Esp\u00edritu Santo quien elige al papa, pero los cardenales siempre est\u00e1n muy atentos al contexto de su tiempo a la hora de votar. El convulso contexto internacional, incluidos la invasi\u00f3n de Ucrania, el genocidio en Gaza, un acuerdo r\u00e1pido y duradero entre India y Pakist\u00e1n, o el rearme europeo, sin duda ha influido en la elecci\u00f3n de un pont\u00edfice comprometido con la paz.<\/span><span data-ccp-props=\"{}\">\u00a0<\/span><\/p><p><span data-contrast=\"auto\">*Art\u00edculo terminado 25 de mayo del 2025<\/span><span data-ccp-props=\"{}\">\u00a0<\/span><\/p>\t\t\t\t\t\t\t\t<\/div>\n\t\t\t\t<\/div>\n\t\t\t\t\t<\/div>\n\t\t<\/div>\n\t\t\t\t<div class=\"elementor-column elementor-col-33 elementor-top-column elementor-element elementor-element-30ca810 lakit-col-width-auto-no\" data-id=\"30ca810\" data-element_type=\"column\" data-e-type=\"column\">\n\t\t\t<div class=\"elementor-widget-wrap elementor-element-populated\">\n\t\t\t\t\t\t<div class=\"elementor-element elementor-element-70ab3ca elementor-widget elementor-widget-wp-widget-search\" data-id=\"70ab3ca\" data-element_type=\"widget\" data-e-type=\"widget\" data-widget_type=\"wp-widget-search.default\">\n\t\t\t\t<div class=\"elementor-widget-container\">\n\t\t\t\t\t<form  class=\"is-search-form is-form-style is-form-style-2 is-form-id-7 \" action=\"https:\/\/iberoleonenvio.com\/website_f1c4f9f2\/\" method=\"get\" role=\"search\" ><label for=\"is-search-input-7\"><span class=\"is-screen-reader-text\">Search for:<\/span><input  type=\"search\" id=\"is-search-input-7\" name=\"s\" value=\"\" class=\"is-search-input\" placeholder=\"Buscar\" autocomplete=off \/><\/label><\/form>\t\t\t\t<\/div>\n\t\t\t\t<\/div>\n\t\t\t\t<div class=\"elementor-element elementor-element-a2abf3e eael-dual-header-content-align-left elementor-widget elementor-widget-eael-dual-color-header\" data-id=\"a2abf3e\" data-element_type=\"widget\" data-e-type=\"widget\" data-widget_type=\"eael-dual-color-header.default\">\n\t\t\t\t<div class=\"elementor-widget-container\">\n\t\t\t\t\t\t\t\t<div class=\"eael-dual-header\">\n\t\t\t\t<h2 class=\"title eael-dch-title\"><span class=\"eael-dch-title-text eael-dch-title-lead lead solid-color\">EN ESTE<\/span> <span class=\"eael-dch-title-text\">N\u00daMERO<\/span><\/h2>\t\t\t<\/div>\n\n\t\t\t\t\t\t<\/div>\n\t\t\t\t<\/div>\n\t\t\t\t<div class=\"elementor-element elementor-element-cea8f06 elementor-widget elementor-widget-jblog_block_20\" data-id=\"cea8f06\" data-element_type=\"widget\" data-e-type=\"widget\" data-widget_type=\"jblog_block_20.default\">\n\t\t\t\t<div class=\"elementor-widget-container\">\n\t\t\t\t\t<div  class=\"jblog_postblock_20 jeg_postblock jeg_pagination_disable jeg_module__1_69ee9fc2b5d7c   \" data-unique=\"jeg_module__1_69ee9fc2b5d7c\"><div class=\"jeg_block_container\"><div class=\"jeg_posts jblog_ajax_flag\">\n                <article class=\"jeg_post post-12084 post type-post status-publish format-standard has-post-thumbnail hentry category-numero-42-junio-2025\">\n\t\t\t\t<div class=\"jeg_thumb\">\n                    \n                    <a href=\"https:\/\/iberoleonenvio.com\/website_f1c4f9f2\/dia-del-padre-para-corregir-primero-hay-que-conectar\/\"><div class=\"thumbnail-container  size-1000\"><img fetchpriority=\"high\" decoding=\"async\" width=\"750\" height=\"500\" src=\"https:\/\/i0.wp.com\/iberoleonenvio.com\/website_f1c4f9f2\/wp-content\/uploads\/2025\/06\/DSC0736.jpg?resize=750%2C500&amp;ssl=1\" class=\"attachment-jeg-featured-750 size-jeg-featured-750 wp-post-image\" alt=\"\" srcset=\"https:\/\/i0.wp.com\/iberoleonenvio.com\/website_f1c4f9f2\/wp-content\/uploads\/2025\/06\/DSC0736.jpg?w=2088&amp;ssl=1 2088w, https:\/\/i0.wp.com\/iberoleonenvio.com\/website_f1c4f9f2\/wp-content\/uploads\/2025\/06\/DSC0736.jpg?resize=300%2C200&amp;ssl=1 300w, https:\/\/i0.wp.com\/iberoleonenvio.com\/website_f1c4f9f2\/wp-content\/uploads\/2025\/06\/DSC0736.jpg?resize=1024%2C683&amp;ssl=1 1024w, https:\/\/i0.wp.com\/iberoleonenvio.com\/website_f1c4f9f2\/wp-content\/uploads\/2025\/06\/DSC0736.jpg?resize=768%2C512&amp;ssl=1 768w, https:\/\/i0.wp.com\/iberoleonenvio.com\/website_f1c4f9f2\/wp-content\/uploads\/2025\/06\/DSC0736.jpg?resize=1536%2C1024&amp;ssl=1 1536w, https:\/\/i0.wp.com\/iberoleonenvio.com\/website_f1c4f9f2\/wp-content\/uploads\/2025\/06\/DSC0736.jpg?resize=2048%2C1365&amp;ssl=1 2048w, https:\/\/i0.wp.com\/iberoleonenvio.com\/website_f1c4f9f2\/wp-content\/uploads\/2025\/06\/DSC0736.jpg?resize=500%2C333&amp;ssl=1 500w, https:\/\/i0.wp.com\/iberoleonenvio.com\/website_f1c4f9f2\/wp-content\/uploads\/2025\/06\/DSC0736.jpg?resize=700%2C467&amp;ssl=1 700w, https:\/\/i0.wp.com\/iberoleonenvio.com\/website_f1c4f9f2\/wp-content\/uploads\/2025\/06\/DSC0736.jpg?resize=1200%2C800&amp;ssl=1 1200w, https:\/\/i0.wp.com\/iberoleonenvio.com\/website_f1c4f9f2\/wp-content\/uploads\/2025\/06\/DSC0736.jpg?resize=750%2C500&amp;ssl=1 750w, https:\/\/i0.wp.com\/iberoleonenvio.com\/website_f1c4f9f2\/wp-content\/uploads\/2025\/06\/DSC0736.jpg?resize=1140%2C760&amp;ssl=1 1140w, https:\/\/i0.wp.com\/iberoleonenvio.com\/website_f1c4f9f2\/wp-content\/uploads\/2025\/06\/DSC0736.jpg?w=1600&amp;ssl=1 1600w\" sizes=\"(max-width: 750px) 100vw, 750px\" \/><\/div><\/a>\n                <\/div>\n                <div class=\"jeg_postblock_content\">\n                \t<div class=\"jeg_post_category\">\n                        <span><a href=\"https:\/\/iberoleonenvio.com\/website_f1c4f9f2\/category\/numero-42-junio-2025\/\" class=\"category-numero-42-junio-2025\">N\u00famero 42 - Junio 2025<\/a><\/span>\n                    <\/div>\n                    <h3 class=\"jeg_post_title\">\n                        <a href=\"https:\/\/iberoleonenvio.com\/website_f1c4f9f2\/dia-del-padre-para-corregir-primero-hay-que-conectar\/\">D\u00eda del Padre: \u201cPara corregir, primero hay que conectar\u201d\u00a0<\/a>\n                    <\/h3>\n                    <div class=\"jeg_post_meta\"><div class=\"jeg_meta_author\"><span class=\"by\">by<\/span> <a href=\"https:\/\/iberoleonenvio.com\/website_f1c4f9f2\/author\/cacho\/\">cacho<\/a><\/div><div class=\"jeg_meta_date\">junio 2, 2025<\/div><\/div>\n                <\/div>\n            <\/article><article class=\"jeg_post post-12092 post type-post status-publish format-standard has-post-thumbnail hentry category-numero-42-junio-2025\">\n\t\t\t\t<div class=\"jeg_thumb\">\n                    \n                    <a href=\"https:\/\/iberoleonenvio.com\/website_f1c4f9f2\/dia-mundial-del-medio-ambiente-una-llamada-urgente-contra-la-contaminacion-por-plasticos\/\"><div class=\"thumbnail-container  size-1000\"><img decoding=\"async\" width=\"750\" height=\"500\" src=\"https:\/\/i0.wp.com\/iberoleonenvio.com\/website_f1c4f9f2\/wp-content\/uploads\/2025\/06\/DSC_82731.jpg?resize=750%2C500&amp;ssl=1\" class=\"attachment-jeg-featured-750 size-jeg-featured-750 wp-post-image\" alt=\"\" srcset=\"https:\/\/i0.wp.com\/iberoleonenvio.com\/website_f1c4f9f2\/wp-content\/uploads\/2025\/06\/DSC_82731.jpg?w=1675&amp;ssl=1 1675w, https:\/\/i0.wp.com\/iberoleonenvio.com\/website_f1c4f9f2\/wp-content\/uploads\/2025\/06\/DSC_82731.jpg?resize=300%2C200&amp;ssl=1 300w, https:\/\/i0.wp.com\/iberoleonenvio.com\/website_f1c4f9f2\/wp-content\/uploads\/2025\/06\/DSC_82731.jpg?resize=1024%2C682&amp;ssl=1 1024w, https:\/\/i0.wp.com\/iberoleonenvio.com\/website_f1c4f9f2\/wp-content\/uploads\/2025\/06\/DSC_82731.jpg?resize=768%2C512&amp;ssl=1 768w, https:\/\/i0.wp.com\/iberoleonenvio.com\/website_f1c4f9f2\/wp-content\/uploads\/2025\/06\/DSC_82731.jpg?resize=1536%2C1023&amp;ssl=1 1536w, https:\/\/i0.wp.com\/iberoleonenvio.com\/website_f1c4f9f2\/wp-content\/uploads\/2025\/06\/DSC_82731.jpg?resize=500%2C333&amp;ssl=1 500w, https:\/\/i0.wp.com\/iberoleonenvio.com\/website_f1c4f9f2\/wp-content\/uploads\/2025\/06\/DSC_82731.jpg?resize=700%2C466&amp;ssl=1 700w, https:\/\/i0.wp.com\/iberoleonenvio.com\/website_f1c4f9f2\/wp-content\/uploads\/2025\/06\/DSC_82731.jpg?resize=1200%2C800&amp;ssl=1 1200w, https:\/\/i0.wp.com\/iberoleonenvio.com\/website_f1c4f9f2\/wp-content\/uploads\/2025\/06\/DSC_82731.jpg?resize=750%2C500&amp;ssl=1 750w, https:\/\/i0.wp.com\/iberoleonenvio.com\/website_f1c4f9f2\/wp-content\/uploads\/2025\/06\/DSC_82731.jpg?resize=1140%2C760&amp;ssl=1 1140w, https:\/\/i0.wp.com\/iberoleonenvio.com\/website_f1c4f9f2\/wp-content\/uploads\/2025\/06\/DSC_82731.jpg?w=1600&amp;ssl=1 1600w\" sizes=\"(max-width: 750px) 100vw, 750px\" \/><\/div><\/a>\n                <\/div>\n                <div class=\"jeg_postblock_content\">\n                \t<div class=\"jeg_post_category\">\n                        <span><a href=\"https:\/\/iberoleonenvio.com\/website_f1c4f9f2\/category\/numero-42-junio-2025\/\" class=\"category-numero-42-junio-2025\">N\u00famero 42 - Junio 2025<\/a><\/span>\n                    <\/div>\n                    <h3 class=\"jeg_post_title\">\n                        <a href=\"https:\/\/iberoleonenvio.com\/website_f1c4f9f2\/dia-mundial-del-medio-ambiente-una-llamada-urgente-contra-la-contaminacion-por-plasticos\/\">Ibero Le\u00f3n estrecha lazos con el IECA y No + Pobreza\u00a0\u00a0<\/a>\n                    <\/h3>\n                    <div class=\"jeg_post_meta\"><div class=\"jeg_meta_author\"><span class=\"by\">by<\/span> <a href=\"https:\/\/iberoleonenvio.com\/website_f1c4f9f2\/author\/cacho\/\">cacho<\/a><\/div><div class=\"jeg_meta_date\">junio 2, 2025<\/div><\/div>\n                <\/div>\n            <\/article><article class=\"jeg_post post-12097 post type-post status-publish format-standard has-post-thumbnail hentry category-numero-42-junio-2025\">\n\t\t\t\t<div class=\"jeg_thumb\">\n                    \n                    <a href=\"https:\/\/iberoleonenvio.com\/website_f1c4f9f2\/sed-cero-salud-10-guia-rapida-de-hidratacion\/\"><div class=\"thumbnail-container  size-1000\"><img decoding=\"async\" width=\"750\" height=\"500\" src=\"https:\/\/i0.wp.com\/iberoleonenvio.com\/website_f1c4f9f2\/wp-content\/uploads\/2025\/06\/young-beautiful-curvy-woman-taking-a-break-from-wo-2025-03-05-06-41-19-utc-scaled.jpg?resize=750%2C500&amp;ssl=1\" class=\"attachment-jeg-featured-750 size-jeg-featured-750 wp-post-image\" alt=\"\" srcset=\"https:\/\/i0.wp.com\/iberoleonenvio.com\/website_f1c4f9f2\/wp-content\/uploads\/2025\/06\/young-beautiful-curvy-woman-taking-a-break-from-wo-2025-03-05-06-41-19-utc-scaled.jpg?w=2560&amp;ssl=1 2560w, https:\/\/i0.wp.com\/iberoleonenvio.com\/website_f1c4f9f2\/wp-content\/uploads\/2025\/06\/young-beautiful-curvy-woman-taking-a-break-from-wo-2025-03-05-06-41-19-utc-scaled.jpg?resize=300%2C200&amp;ssl=1 300w, https:\/\/i0.wp.com\/iberoleonenvio.com\/website_f1c4f9f2\/wp-content\/uploads\/2025\/06\/young-beautiful-curvy-woman-taking-a-break-from-wo-2025-03-05-06-41-19-utc-scaled.jpg?resize=1024%2C683&amp;ssl=1 1024w, https:\/\/i0.wp.com\/iberoleonenvio.com\/website_f1c4f9f2\/wp-content\/uploads\/2025\/06\/young-beautiful-curvy-woman-taking-a-break-from-wo-2025-03-05-06-41-19-utc-scaled.jpg?resize=768%2C512&amp;ssl=1 768w, https:\/\/i0.wp.com\/iberoleonenvio.com\/website_f1c4f9f2\/wp-content\/uploads\/2025\/06\/young-beautiful-curvy-woman-taking-a-break-from-wo-2025-03-05-06-41-19-utc-scaled.jpg?resize=1536%2C1024&amp;ssl=1 1536w, https:\/\/i0.wp.com\/iberoleonenvio.com\/website_f1c4f9f2\/wp-content\/uploads\/2025\/06\/young-beautiful-curvy-woman-taking-a-break-from-wo-2025-03-05-06-41-19-utc-scaled.jpg?resize=2048%2C1366&amp;ssl=1 2048w, https:\/\/i0.wp.com\/iberoleonenvio.com\/website_f1c4f9f2\/wp-content\/uploads\/2025\/06\/young-beautiful-curvy-woman-taking-a-break-from-wo-2025-03-05-06-41-19-utc-scaled.jpg?resize=500%2C333&amp;ssl=1 500w, https:\/\/i0.wp.com\/iberoleonenvio.com\/website_f1c4f9f2\/wp-content\/uploads\/2025\/06\/young-beautiful-curvy-woman-taking-a-break-from-wo-2025-03-05-06-41-19-utc-scaled.jpg?resize=700%2C467&amp;ssl=1 700w, https:\/\/i0.wp.com\/iberoleonenvio.com\/website_f1c4f9f2\/wp-content\/uploads\/2025\/06\/young-beautiful-curvy-woman-taking-a-break-from-wo-2025-03-05-06-41-19-utc-scaled.jpg?resize=1200%2C800&amp;ssl=1 1200w, https:\/\/i0.wp.com\/iberoleonenvio.com\/website_f1c4f9f2\/wp-content\/uploads\/2025\/06\/young-beautiful-curvy-woman-taking-a-break-from-wo-2025-03-05-06-41-19-utc-scaled.jpg?resize=750%2C500&amp;ssl=1 750w, https:\/\/i0.wp.com\/iberoleonenvio.com\/website_f1c4f9f2\/wp-content\/uploads\/2025\/06\/young-beautiful-curvy-woman-taking-a-break-from-wo-2025-03-05-06-41-19-utc-scaled.jpg?resize=1140%2C760&amp;ssl=1 1140w, https:\/\/i0.wp.com\/iberoleonenvio.com\/website_f1c4f9f2\/wp-content\/uploads\/2025\/06\/young-beautiful-curvy-woman-taking-a-break-from-wo-2025-03-05-06-41-19-utc-scaled.jpg?w=1600&amp;ssl=1 1600w, https:\/\/i0.wp.com\/iberoleonenvio.com\/website_f1c4f9f2\/wp-content\/uploads\/2025\/06\/young-beautiful-curvy-woman-taking-a-break-from-wo-2025-03-05-06-41-19-utc-scaled.jpg?w=2400&amp;ssl=1 2400w\" sizes=\"(max-width: 750px) 100vw, 750px\" \/><\/div><\/a>\n                <\/div>\n                <div class=\"jeg_postblock_content\">\n                \t<div class=\"jeg_post_category\">\n                        <span><a href=\"https:\/\/iberoleonenvio.com\/website_f1c4f9f2\/category\/numero-42-junio-2025\/\" class=\"category-numero-42-junio-2025\">N\u00famero 42 - Junio 2025<\/a><\/span>\n                    <\/div>\n                    <h3 class=\"jeg_post_title\">\n                        <a href=\"https:\/\/iberoleonenvio.com\/website_f1c4f9f2\/sed-cero-salud-10-guia-rapida-de-hidratacion\/\">Sed cero, salud 10: gu\u00eda r\u00e1pida de hidrataci\u00f3n\u00a0<\/a>\n                    <\/h3>\n                    <div class=\"jeg_post_meta\"><div class=\"jeg_meta_author\"><span class=\"by\">by<\/span> <a href=\"https:\/\/iberoleonenvio.com\/website_f1c4f9f2\/author\/cacho\/\">cacho<\/a><\/div><div class=\"jeg_meta_date\">junio 2, 2025<\/div><\/div>\n                <\/div>\n            <\/article><article class=\"jeg_post post-12111 post type-post status-publish format-standard has-post-thumbnail hentry category-numero-42-junio-2025\">\n\t\t\t\t<div class=\"jeg_thumb\">\n                    \n                    <a href=\"https:\/\/iberoleonenvio.com\/website_f1c4f9f2\/dia-mundial-del-medio-ambiente-una-llamada-urgente-contra-la-contaminacion-por-plasticos-2\/\"><div class=\"thumbnail-container  size-1000\"><img loading=\"lazy\" decoding=\"async\" width=\"750\" height=\"501\" src=\"https:\/\/i0.wp.com\/iberoleonenvio.com\/website_f1c4f9f2\/wp-content\/uploads\/2025\/06\/0_plastic_bandaged-globe-near-plastic-garbage-on-grey-ecolo-2024-11-14-04-42-52-utc.jpg?resize=750%2C501&amp;ssl=1\" class=\"attachment-jeg-featured-750 size-jeg-featured-750 wp-post-image\" alt=\"\" srcset=\"https:\/\/i0.wp.com\/iberoleonenvio.com\/website_f1c4f9f2\/wp-content\/uploads\/2025\/06\/0_plastic_bandaged-globe-near-plastic-garbage-on-grey-ecolo-2024-11-14-04-42-52-utc.jpg?w=2429&amp;ssl=1 2429w, https:\/\/i0.wp.com\/iberoleonenvio.com\/website_f1c4f9f2\/wp-content\/uploads\/2025\/06\/0_plastic_bandaged-globe-near-plastic-garbage-on-grey-ecolo-2024-11-14-04-42-52-utc.jpg?resize=300%2C200&amp;ssl=1 300w, https:\/\/i0.wp.com\/iberoleonenvio.com\/website_f1c4f9f2\/wp-content\/uploads\/2025\/06\/0_plastic_bandaged-globe-near-plastic-garbage-on-grey-ecolo-2024-11-14-04-42-52-utc.jpg?resize=1024%2C683&amp;ssl=1 1024w, https:\/\/i0.wp.com\/iberoleonenvio.com\/website_f1c4f9f2\/wp-content\/uploads\/2025\/06\/0_plastic_bandaged-globe-near-plastic-garbage-on-grey-ecolo-2024-11-14-04-42-52-utc.jpg?resize=768%2C513&amp;ssl=1 768w, https:\/\/i0.wp.com\/iberoleonenvio.com\/website_f1c4f9f2\/wp-content\/uploads\/2025\/06\/0_plastic_bandaged-globe-near-plastic-garbage-on-grey-ecolo-2024-11-14-04-42-52-utc.jpg?resize=1536%2C1025&amp;ssl=1 1536w, https:\/\/i0.wp.com\/iberoleonenvio.com\/website_f1c4f9f2\/wp-content\/uploads\/2025\/06\/0_plastic_bandaged-globe-near-plastic-garbage-on-grey-ecolo-2024-11-14-04-42-52-utc.jpg?resize=2048%2C1367&amp;ssl=1 2048w, https:\/\/i0.wp.com\/iberoleonenvio.com\/website_f1c4f9f2\/wp-content\/uploads\/2025\/06\/0_plastic_bandaged-globe-near-plastic-garbage-on-grey-ecolo-2024-11-14-04-42-52-utc.jpg?resize=500%2C334&amp;ssl=1 500w, https:\/\/i0.wp.com\/iberoleonenvio.com\/website_f1c4f9f2\/wp-content\/uploads\/2025\/06\/0_plastic_bandaged-globe-near-plastic-garbage-on-grey-ecolo-2024-11-14-04-42-52-utc.jpg?resize=700%2C467&amp;ssl=1 700w, https:\/\/i0.wp.com\/iberoleonenvio.com\/website_f1c4f9f2\/wp-content\/uploads\/2025\/06\/0_plastic_bandaged-globe-near-plastic-garbage-on-grey-ecolo-2024-11-14-04-42-52-utc.jpg?resize=1200%2C800&amp;ssl=1 1200w, https:\/\/i0.wp.com\/iberoleonenvio.com\/website_f1c4f9f2\/wp-content\/uploads\/2025\/06\/0_plastic_bandaged-globe-near-plastic-garbage-on-grey-ecolo-2024-11-14-04-42-52-utc.jpg?resize=750%2C501&amp;ssl=1 750w, https:\/\/i0.wp.com\/iberoleonenvio.com\/website_f1c4f9f2\/wp-content\/uploads\/2025\/06\/0_plastic_bandaged-globe-near-plastic-garbage-on-grey-ecolo-2024-11-14-04-42-52-utc.jpg?resize=1140%2C761&amp;ssl=1 1140w, https:\/\/i0.wp.com\/iberoleonenvio.com\/website_f1c4f9f2\/wp-content\/uploads\/2025\/06\/0_plastic_bandaged-globe-near-plastic-garbage-on-grey-ecolo-2024-11-14-04-42-52-utc.jpg?w=1600&amp;ssl=1 1600w\" sizes=\"(max-width: 750px) 100vw, 750px\" \/><\/div><\/a>\n                <\/div>\n                <div class=\"jeg_postblock_content\">\n                \t<div class=\"jeg_post_category\">\n                        <span><a href=\"https:\/\/iberoleonenvio.com\/website_f1c4f9f2\/category\/numero-42-junio-2025\/\" class=\"category-numero-42-junio-2025\">N\u00famero 42 - Junio 2025<\/a><\/span>\n                    <\/div>\n                    <h3 class=\"jeg_post_title\">\n                        <a href=\"https:\/\/iberoleonenvio.com\/website_f1c4f9f2\/dia-mundial-del-medio-ambiente-una-llamada-urgente-contra-la-contaminacion-por-plasticos-2\/\">\u201cD\u00eda Mundial del Medio Ambiente: una llamada urgente contra la contaminaci\u00f3n por pl\u00e1sticos\u201d\u00a0\u00a0<\/a>\n                    <\/h3>\n                    <div class=\"jeg_post_meta\"><div class=\"jeg_meta_author\"><span class=\"by\">by<\/span> <a href=\"https:\/\/iberoleonenvio.com\/website_f1c4f9f2\/author\/cacho\/\">cacho<\/a><\/div><div class=\"jeg_meta_date\">junio 2, 2025<\/div><\/div>\n                <\/div>\n            <\/article>\n            <\/div><\/div>\n\t\t\t\t<div class=\"jeg_block_pagination jeg_align\"><\/div><script>var jeg_module__1_69ee9fc2b5d7c = {\"compatible_column_notice\":\"info\",\"post_type\":\"post\",\"number_post\":{\"unit\":\"px\",\"size\":4,\"sizes\":[]},\"post_offset\":0,\"unique_content\":\"disable\",\"include_post\":\"\",\"exclude_post\":\"12137\",\"include_category\":\"49\",\"exclude_category\":\"\",\"include_author\":\"\",\"include_tag\":\"\",\"exclude_tag\":\"\",\"sort_by\":\"oldest\",\"date_type\":\"published\",\"date_format\":\"default\",\"date_format_custom\":\"F j, Y\",\"pagination_mode\":\"disable\",\"pagination_number_post\":{\"unit\":\"px\",\"size\":3,\"sizes\":[]},\"pagination_scroll_limit\":0,\"el_id\":\"\",\"el_class\":\"\",\"css\":\"\",\"_title\":\"\",\"_margin\":{\"unit\":\"px\",\"top\":\"\",\"right\":\"\",\"bottom\":\"\",\"left\":\"\",\"isLinked\":true},\"_padding\":{\"unit\":\"px\",\"top\":\"\",\"right\":\"\",\"bottom\":\"\",\"left\":\"\",\"isLinked\":true},\"_element_width\":\"\",\"_element_width_tablet\":\"\",\"_element_width_mobile\":\"\",\"_element_custom_width\":{\"unit\":\"%\",\"size\":\"\",\"sizes\":[]},\"_grid_column\":\"\",\"_grid_column_custom\":\"\",\"_grid_row\":\"\",\"_grid_row_custom\":\"\",\"_element_vertical_align\":\"\",\"_position_description\":\"\",\"_position\":\"\",\"_offset_orientation_h\":\"start\",\"_offset_x\":{\"unit\":\"px\",\"size\":0,\"sizes\":[]},\"_offset_x_end\":{\"unit\":\"px\",\"size\":0,\"sizes\":[]},\"_offset_orientation_v\":\"start\",\"_offset_y\":{\"unit\":\"px\",\"size\":0,\"sizes\":[]},\"_offset_y_end\":{\"unit\":\"px\",\"size\":0,\"sizes\":[]},\"_z_index\":\"\",\"_element_id\":\"\",\"_css_classes\":\"\",\"_element_cache\":\"\",\"_w_fullright\":\"\",\"eael_wrapper_link_switch\":\"\",\"eael_wrapper_link\":{\"url\":\"\",\"is_external\":\"\",\"nofollow\":\"\",\"custom_attributes\":\"\"},\"eael_wrapper_link_disable_traditional\":\"\",\"eael_hover_effect_switch\":\"\",\"eael_hover_effect_enable_live_changes\":\"\",\"eael_hover_effect_opacity_popover\":\"\",\"eael_hover_effect_opacity\":{\"unit\":\"px\",\"size\":0.8000000000000000444089209850062616169452667236328125,\"sizes\":[]},\"eael_hover_effect_filter_popover\":\"\",\"eael_hover_effect_blur_is_on\":\"\",\"eael_hover_effect_blur\":{\"unit\":\"px\",\"size\":1,\"sizes\":[]},\"eael_hover_effect_contrast_is_on\":\"\",\"eael_hover_effect_contrast\":{\"unit\":\"px\",\"size\":80,\"sizes\":[]},\"eael_hover_effect_grayscale_is_on\":\"\",\"eael_hover_effect_grayscal\":{\"unit\":\"px\",\"size\":40,\"sizes\":[]},\"eael_hover_effect_invert_is_on\":\"\",\"eael_hover_effect_invert\":{\"unit\":\"px\",\"size\":70,\"sizes\":[]},\"eael_hover_effect_saturate_is_on\":\"\",\"eael_hover_effect_saturate\":{\"unit\":\"px\",\"size\":50,\"sizes\":[]},\"eael_hover_effect_sepia_is_on\":\"\",\"eael_hover_effect_sepia\":{\"unit\":\"px\",\"size\":50,\"sizes\":[]},\"eael_hover_effect_offset_popover\":\"\",\"eael_hover_effect_offset_left\":{\"unit\":\"px\",\"size\":5,\"sizes\":[]},\"eael_hover_effect_offset_left_tablet\":{\"unit\":\"px\",\"size\":\"\",\"sizes\":[]},\"eael_hover_effect_offset_left_mobile\":{\"unit\":\"px\",\"size\":\"\",\"sizes\":[]},\"eael_hover_effect_offset_top\":{\"unit\":\"px\",\"size\":5,\"sizes\":[]},\"eael_hover_effect_offset_top_tablet\":{\"unit\":\"px\",\"size\":\"\",\"sizes\":[]},\"eael_hover_effect_offset_top_mobile\":{\"unit\":\"px\",\"size\":\"\",\"sizes\":[]},\"eael_hover_effect_transform_popover\":\"\",\"eael_hover_effect_rotate_is_on\":\"\",\"eael_hover_effect_transform_rotatex\":{\"unit\":\"px\",\"size\":0,\"sizes\":[]},\"eael_hover_effect_transform_rotatey\":{\"unit\":\"px\",\"size\":0,\"sizes\":[]},\"eael_hover_effect_transform_rotatez\":{\"unit\":\"px\",\"size\":5,\"sizes\":[]},\"eael_hover_effect_scale_is_on\":\"\",\"eael_hover_effect_transform_scalex\":{\"unit\":\"px\",\"size\":0.90000000000000002220446049250313080847263336181640625,\"sizes\":[]},\"eael_hover_effect_transform_scaley\":{\"unit\":\"px\",\"size\":0.90000000000000002220446049250313080847263336181640625,\"sizes\":[]},\"eael_hover_effect_skew_is_on\":\"\",\"eael_hover_effect_transform_skewx\":{\"unit\":\"px\",\"size\":5,\"sizes\":[]},\"eael_hover_effect_transform_skewy\":{\"unit\":\"px\",\"size\":5,\"sizes\":[]},\"eael_hover_effect_general_settings_duration\":{\"unit\":\"px\",\"size\":1000,\"sizes\":[]},\"eael_hover_effect_general_settings_delay\":{\"unit\":\"px\",\"size\":\"\",\"sizes\":[]},\"eael_hover_effect_general_settings_easing\":\"ease\",\"eael_hover_effect_opacity_popover_hover\":\"\",\"eael_hover_effect_opacity_hover\":{\"unit\":\"px\",\"size\":1,\"sizes\":[]},\"eael_hover_effect_filter_hover_popover\":\"\",\"eael_hover_effect_blur_hover_is_on\":\"\",\"eael_hover_effect_blur_hover\":{\"unit\":\"px\",\"size\":0,\"sizes\":[]},\"eael_hover_effect_contrast_hover_is_on\":\"\",\"eael_hover_effect_contrast_hover\":{\"unit\":\"%\",\"size\":100,\"sizes\":[]},\"eael_hover_effect_grayscale_hover_is_on\":\"\",\"eael_hover_effect_grayscal_hover\":{\"unit\":\"%\",\"size\":0,\"sizes\":[]},\"eael_hover_effect_invert_hover_is_on\":\"\",\"eael_hover_effect_invert_hover\":{\"unit\":\"%\",\"size\":0,\"sizes\":[]},\"eael_hover_effect_saturate_hover_is_on\":\"\",\"eael_hover_effect_saturate_hover\":{\"unit\":\"%\",\"size\":100,\"sizes\":[]},\"eael_hover_effect_sepia_hover_is_on\":\"\",\"eael_hover_effect_sepia_hover\":{\"unit\":\"px\",\"size\":1,\"sizes\":[]},\"eael_hover_effect_offset_hover_popover\":\"\",\"eael_hover_effect_offset_hover_left\":{\"unit\":\"px\",\"size\":0,\"sizes\":[]},\"eael_hover_effect_offset_hover_left_tablet\":{\"unit\":\"px\",\"size\":\"\",\"sizes\":[]},\"eael_hover_effect_offset_hover_left_mobile\":{\"unit\":\"px\",\"size\":\"\",\"sizes\":[]},\"eael_hover_effect_offset_hover_top\":{\"unit\":\"px\",\"size\":0,\"sizes\":[]},\"eael_hover_effect_offset_hover_top_tablet\":{\"unit\":\"px\",\"size\":\"\",\"sizes\":[]},\"eael_hover_effect_offset_hover_top_mobile\":{\"unit\":\"px\",\"size\":\"\",\"sizes\":[]},\"eael_hover_effect_transform_hover_popover\":\"\",\"eael_hover_effect_rotate_hover_is_on\":\"\",\"eael_hover_effect_transform_hover_rotatex\":{\"unit\":\"px\",\"size\":0,\"sizes\":[]},\"eael_hover_effect_transform_hover_rotatey\":{\"unit\":\"px\",\"size\":0,\"sizes\":[]},\"eael_hover_effect_transform_hover_rotatez\":{\"unit\":\"px\",\"size\":0,\"sizes\":[]},\"eael_hover_effect_scale_hover_is_on\":\"\",\"eael_hover_effect_transform_hover_scalex\":{\"unit\":\"px\",\"size\":1,\"sizes\":[]},\"eael_hover_effect_transform_hover_scaley\":{\"unit\":\"px\",\"size\":0,\"sizes\":[]},\"eael_hover_effect_skew_hover_is_on\":\"\",\"eael_hover_effect_transform_hover_skewx\":{\"unit\":\"px\",\"size\":0,\"sizes\":[]},\"eael_hover_effect_transform_hover_skewy\":{\"unit\":\"px\",\"size\":0,\"sizes\":[]},\"eael_hover_effect_general_settings_hover_duration\":{\"unit\":\"px\",\"size\":1000,\"sizes\":[]},\"eael_hover_effect_general_settings_hover_delay\":{\"unit\":\"px\",\"size\":\"\",\"sizes\":[]},\"eael_hover_effect_general_settings_hover_easing\":\"ease\",\"eael_hover_effect_hover_tilt\":\"\",\"eael_liquid_glass_effect_switch\":\"\",\"eael_liquid_glass_effect_notice\":\"\",\"eael_liquid_glass_effect\":\"effect1\",\"eael_liquid_glass_effect_bg_color_effect1\":\"#FFFFFF1F\",\"eael_liquid_glass_effect_bg_color_effect2\":\"#FFFFFF1F\",\"eael_liquid_glass_effect_backdrop_filter_effect1\":{\"unit\":\"px\",\"size\":24,\"sizes\":[]},\"eael_liquid_glass_effect_backdrop_filter_effect2\":{\"unit\":\"px\",\"size\":20,\"sizes\":[]},\"eael_liquid_glass_effect_brightness_effect2\":{\"unit\":\"px\",\"size\":1,\"sizes\":[]},\"eael_liquid_glass_border_distortion\":\"\",\"eael_liquid_glass_border_radious_distortion\":{\"unit\":\"px\",\"top\":24,\"right\":24,\"bottom\":24,\"left\":24,\"isLinked\":true},\"eael_liquid_glass_shadow_effect\":\"effect1\",\"eael_liquid_glass_border_effect1_border\":\"solid\",\"eael_liquid_glass_border_effect1_width\":{\"unit\":\"px\",\"top\":\"1\",\"right\":\"1\",\"bottom\":\"1\",\"left\":\"1\",\"isLinked\":false},\"eael_liquid_glass_border_effect1_color\":\"#FFFFFF1F\",\"eael_liquid_glass_border_effect2_border\":\"solid\",\"eael_liquid_glass_border_effect2_width\":{\"unit\":\"px\",\"top\":\"1\",\"right\":\"1\",\"bottom\":\"1\",\"left\":\"1\",\"isLinked\":false},\"eael_liquid_glass_border_effect2_color\":\"#FFFFFF1F\",\"eael_liquid_glass_border_effect3_border\":\"solid\",\"eael_liquid_glass_border_effect3_width\":{\"unit\":\"px\",\"top\":\"1\",\"right\":\"1\",\"bottom\":\"1\",\"left\":\"1\",\"isLinked\":false},\"eael_liquid_glass_border_effect3_color\":\"#FFFFFF1F\",\"eael_liquid_glass_border_effect4_border\":\"solid\",\"eael_liquid_glass_border_effect4_width\":{\"unit\":\"px\",\"top\":\"1\",\"right\":\"1\",\"bottom\":\"1\",\"left\":\"1\",\"isLinked\":false},\"eael_liquid_glass_border_effect4_color\":\"#AAAAAA1A\",\"eael_liquid_glass_border_radius_effect1\":{\"unit\":\"px\",\"top\":24,\"right\":24,\"bottom\":24,\"left\":24,\"isLinked\":true},\"eael_liquid_glass_border_radius_effect2\":{\"unit\":\"px\",\"top\":16,\"right\":16,\"bottom\":16,\"left\":16,\"isLinked\":true},\"eael_liquid_glass_border_radius_effect3\":{\"unit\":\"px\",\"top\":8,\"right\":8,\"bottom\":8,\"left\":8,\"isLinked\":true},\"eael_liquid_glass_border_radius_effect4\":{\"unit\":\"px\",\"top\":24,\"right\":24,\"bottom\":24,\"left\":24,\"isLinked\":true},\"eael_liquid_glass_shadow_effect1_box_shadow_type\":\"yes\",\"eael_liquid_glass_shadow_effect1__boxshadow_c\":\"rgba(0,0,0,0.15)\",\"eael_liquid_glass_shadow_effect1__boxshadow_h\":{\"unit\":\"px\",\"size\":\"\",\"sizes\":[]},\"eael_liquid_glass_shadow_effect1__boxshadow_v\":{\"unit\":\"px\",\"size\":\"\",\"sizes\":[]},\"eael_liquid_glass_shadow_effect1__boxshadow_b\":{\"unit\":\"px\",\"size\":\"\",\"sizes\":[]},\"eael_liquid_glass_shadow_effect1__boxshadow_s\":{\"unit\":\"px\",\"size\":\"\",\"sizes\":[]},\"eael_liquid_glass_shadow_effect1__boxshadow_p\":\" \",\"eael_liquid_glass_shadow_effect2_box_shadow_type\":\"yes\",\"eael_liquid_glass_shadow_effect2__boxshadow_c\":\"rgba(0,0,0,0.15)\",\"eael_liquid_glass_shadow_effect2__boxshadow_h\":{\"unit\":\"px\",\"size\":\"\",\"sizes\":[]},\"eael_liquid_glass_shadow_effect2__boxshadow_v\":{\"unit\":\"px\",\"size\":\"\",\"sizes\":[]},\"eael_liquid_glass_shadow_effect2__boxshadow_b\":{\"unit\":\"px\",\"size\":\"\",\"sizes\":[]},\"eael_liquid_glass_shadow_effect2__boxshadow_s\":{\"unit\":\"px\",\"size\":\"\",\"sizes\":[]},\"eael_liquid_glass_shadow_effect2__boxshadow_p\":\" \",\"eael_liquid_glass_shadow_effect3_box_shadow_type\":\"yes\",\"eael_liquid_glass_shadow_effect3__boxshadow_c\":\"rgba(0,0,0,0.15)\",\"eael_liquid_glass_shadow_effect3__boxshadow_h\":{\"unit\":\"px\",\"size\":\"\",\"sizes\":[]},\"eael_liquid_glass_shadow_effect3__boxshadow_v\":{\"unit\":\"px\",\"size\":\"\",\"sizes\":[]},\"eael_liquid_glass_shadow_effect3__boxshadow_b\":{\"unit\":\"px\",\"size\":\"\",\"sizes\":[]},\"eael_liquid_glass_shadow_effect3__boxshadow_s\":{\"unit\":\"px\",\"size\":\"\",\"sizes\":[]},\"eael_liquid_glass_shadow_effect3__boxshadow_p\":\" \",\"eael_liquid_glass_shadow_effect4_box_shadow_type\":\"yes\",\"eael_liquid_glass_shadow_effect4__boxshadow_c\":\"rgba(0,0,0,0.15)\",\"eael_liquid_glass_shadow_effect4__boxshadow_h\":{\"unit\":\"px\",\"size\":\"\",\"sizes\":[]},\"eael_liquid_glass_shadow_effect4__boxshadow_v\":{\"unit\":\"px\",\"size\":\"\",\"sizes\":[]},\"eael_liquid_glass_shadow_effect4__boxshadow_b\":{\"unit\":\"px\",\"size\":\"\",\"sizes\":[]},\"eael_liquid_glass_shadow_effect4__boxshadow_s\":{\"unit\":\"px\",\"size\":\"\",\"sizes\":[]},\"eael_liquid_glass_shadow_effect4__boxshadow_p\":\" \",\"eael_enable_image_masking\":\"\",\"eael_image_masking_type\":\"clip\",\"eael_image_masking_clip_path\":\"bavel\",\"eael_image_masking_enable_custom_clip_path\":\"\",\"eael_image_masking_custom_clip_path\":\"clip-path: polygon(50% 0%, 80% 10%, 100% 35%, 100% 70%, 80% 90%, 50% 100%, 20% 90%, 0% 70%, 0% 35%, 20% 10%);\",\"eael_image_masking_svg\":\"polygon\",\"eael_image_masking_hover_effect\":\"\",\"eael_image_masking_clip_path_hover\":\"bavel\",\"eael_image_masking_enable_custom_clip_path_hover\":\"\",\"eael_image_masking_custom_clip_path_hover\":\"clip-path: polygon(50% 0%, 80% 10%, 100% 35%, 100% 70%, 80% 90%, 50% 100%, 20% 90%, 0% 70%, 0% 35%, 20% 10%);\",\"eael_image_masking_svg_hover\":\"polygon\",\"eael_image_masking_hover_selector\":\"\",\"eael_image_masking_image_size\":\"contain\",\"eael_image_masking_image_custom_size_custom\":{\"unit\":\"px\",\"size\":\"\",\"sizes\":[]},\"eael_image_masking_image_position\":\"center center\",\"eael_image_masking_image_repeat\":\"no-repeat\",\"lakit_floating_fx\":\"\",\"lakit_floating_fx_translate_toggle\":\"\",\"lakit_floating_fx_translate_x\":{\"unit\":\"px\",\"size\":\"\",\"sizes\":{\"from\":0,\"to\":5}},\"lakit_floating_fx_translate_y\":{\"unit\":\"px\",\"size\":\"\",\"sizes\":{\"from\":0,\"to\":5}},\"lakit_floating_fx_translate_duration\":{\"unit\":\"px\",\"size\":1000,\"sizes\":[]},\"lakit_floating_fx_translate_delay\":{\"unit\":\"px\",\"size\":\"\",\"sizes\":[]},\"lakit_floating_fx_rotate_toggle\":\"\",\"lakit_floating_fx_rotate_x\":{\"unit\":\"px\",\"size\":\"\",\"sizes\":{\"from\":0,\"to\":45}},\"lakit_floating_fx_rotate_y\":{\"unit\":\"px\",\"size\":\"\",\"sizes\":{\"from\":0,\"to\":45}},\"lakit_floating_fx_rotate_z\":{\"unit\":\"px\",\"size\":\"\",\"sizes\":{\"from\":0,\"to\":45}},\"lakit_floating_fx_rotate_duration\":{\"unit\":\"px\",\"size\":1000,\"sizes\":[]},\"lakit_floating_fx_rotate_delay\":{\"unit\":\"px\",\"size\":\"\",\"sizes\":[]},\"lakit_floating_fx_scale_toggle\":\"\",\"lakit_floating_fx_scale_x\":{\"unit\":\"px\",\"size\":\"\",\"sizes\":{\"from\":1,\"to\":1.1999999999999999555910790149937383830547332763671875}},\"lakit_floating_fx_scale_y\":{\"unit\":\"px\",\"size\":\"\",\"sizes\":{\"from\":1,\"to\":1.1999999999999999555910790149937383830547332763671875}},\"lakit_floating_fx_scale_duration\":{\"unit\":\"px\",\"size\":1000,\"sizes\":[]},\"lakit_floating_fx_scale_delay\":{\"unit\":\"px\",\"size\":\"\",\"sizes\":[]},\"lakit_transform_fx\":\"\",\"lakit_transform_fx_translate_toggle\":\"\",\"lakit_transform_fx_translate_x\":{\"unit\":\"px\",\"size\":\"\",\"sizes\":[]},\"lakit_transform_fx_translate_y\":{\"unit\":\"px\",\"size\":\"\",\"sizes\":[]},\"lakit_transform_fx_rotate_toggle\":\"\",\"lakit_transform_fx_rotate_mode\":\"loose\",\"lakit_transform_fx_rotate_x\":{\"unit\":\"px\",\"size\":\"\",\"sizes\":[]},\"lakit_transform_fx_rotate_y\":{\"unit\":\"px\",\"size\":\"\",\"sizes\":[]},\"lakit_transform_fx_rotate_z\":{\"unit\":\"px\",\"size\":\"\",\"sizes\":[]},\"lakit_transform_fx_scale_toggle\":\"\",\"lakit_transform_fx_scale_mode\":\"loose\",\"lakit_transform_fx_scale_x\":{\"unit\":\"px\",\"size\":1,\"sizes\":[]},\"lakit_transform_fx_scale_y\":{\"unit\":\"px\",\"size\":1,\"sizes\":[]},\"lakit_transform_fx_skew_toggle\":\"\",\"lakit_transform_fx_skew_x\":{\"unit\":\"px\",\"size\":\"\",\"sizes\":[]},\"lakit_transform_fx_skew_y\":{\"unit\":\"px\",\"size\":\"\",\"sizes\":[]},\"lakit_transform_fx_translate_toggle_hover\":\"\",\"lakit_transform_fx_translate_x_hover\":{\"unit\":\"px\",\"size\":\"\",\"sizes\":[]},\"lakit_transform_fx_translate_y_hover\":{\"unit\":\"px\",\"size\":\"\",\"sizes\":[]},\"lakit_transform_fx_rotate_toggle_hover\":\"\",\"lakit_transform_fx_rotate_mode_hover\":\"loose\",\"lakit_transform_fx_rotate_x_hover\":{\"unit\":\"px\",\"size\":\"\",\"sizes\":[]},\"lakit_transform_fx_rotate_y_hover\":{\"unit\":\"px\",\"size\":\"\",\"sizes\":[]},\"lakit_transform_fx_rotate_z_hover\":{\"unit\":\"px\",\"size\":\"\",\"sizes\":[]},\"lakit_transform_fx_scale_toggle_hover\":\"\",\"lakit_transform_fx_scale_mode_hover\":\"loose\",\"lakit_transform_fx_scale_x_hover\":{\"unit\":\"px\",\"size\":1,\"sizes\":[]},\"lakit_transform_fx_scale_y_hover\":{\"unit\":\"px\",\"size\":1,\"sizes\":[]},\"lakit_transform_fx_skew_toggle_hover\":\"\",\"lakit_transform_fx_skew_x_hover\":{\"unit\":\"px\",\"size\":\"\",\"sizes\":[]},\"lakit_transform_fx_skew_y_hover\":{\"unit\":\"px\",\"size\":\"\",\"sizes\":[]},\"lakit_transform_fx_transition_duration\":{\"unit\":\"px\",\"size\":\"\",\"sizes\":[]},\"lakit_vlogic_enabled\":\"\",\"lakit_vlogic_role_visible\":\"\",\"lakit_vlogic_role_hidden\":\"\",\"motion_fx_motion_fx_scrolling\":\"\",\"motion_fx_translateY_effect\":\"\",\"motion_fx_translateY_direction\":\"\",\"motion_fx_translateY_speed\":{\"unit\":\"px\",\"size\":3,\"sizes\":[]},\"motion_fx_translateY_affectedRange\":{\"unit\":\"%\",\"size\":\"\",\"sizes\":{\"start\":20,\"end\":80}},\"motion_fx_translateX_effect\":\"\",\"motion_fx_translateX_direction\":\"\",\"motion_fx_translateX_speed\":{\"unit\":\"px\",\"size\":4,\"sizes\":[]},\"motion_fx_translateX_affectedRange\":{\"unit\":\"%\",\"size\":\"\",\"sizes\":{\"start\":20,\"end\":80}},\"motion_fx_opacity_effect\":\"\",\"motion_fx_opacity_direction\":\"out-in\",\"motion_fx_opacity_level\":{\"unit\":\"px\",\"size\":10,\"sizes\":[]},\"motion_fx_opacity_range\":{\"unit\":\"%\",\"size\":\"\",\"sizes\":{\"start\":20,\"end\":80}},\"motion_fx_blur_effect\":\"\",\"motion_fx_blur_direction\":\"out-in\",\"motion_fx_blur_level\":{\"unit\":\"px\",\"size\":7,\"sizes\":[]},\"motion_fx_blur_range\":{\"unit\":\"%\",\"size\":\"\",\"sizes\":{\"start\":20,\"end\":80}},\"motion_fx_rotateZ_effect\":\"\",\"motion_fx_rotateZ_direction\":\"\",\"motion_fx_rotateZ_speed\":{\"unit\":\"px\",\"size\":1,\"sizes\":[]},\"motion_fx_rotateZ_affectedRange\":{\"unit\":\"%\",\"size\":\"\",\"sizes\":{\"start\":0,\"end\":100}},\"motion_fx_scale_effect\":\"\",\"motion_fx_scale_direction\":\"out-in\",\"motion_fx_scale_speed\":{\"unit\":\"px\",\"size\":4,\"sizes\":[]},\"motion_fx_scale_range\":{\"unit\":\"%\",\"size\":\"\",\"sizes\":{\"start\":20,\"end\":80}},\"motion_fx_transform_origin_x\":\"center\",\"motion_fx_transform_origin_y\":\"center\",\"motion_fx_range\":\"\",\"motion_fx_motion_fx_mouse\":\"\",\"motion_fx_mouseTrack_effect\":\"\",\"motion_fx_mouseTrack_direction\":\"\",\"motion_fx_mouseTrack_speed\":{\"unit\":\"px\",\"size\":1,\"sizes\":[]},\"motion_fx_tilt_effect\":\"\",\"motion_fx_tilt_direction\":\"\",\"motion_fx_tilt_speed\":{\"unit\":\"px\",\"size\":4,\"sizes\":[]},\"motion_fx_devices\":[\"mobile\",\"tablet\",\"desktop\"],\"sticky\":\"\",\"sticky_on\":[\"desktop\",\"mobile\",\"tablet\"],\"sticky_offset\":0,\"sticky_effects_offset\":0,\"sticky_parent\":\"\",\"_animation\":\"\",\"_animation_tablet\":\"\",\"_animation_mobile\":\"\",\"animation_duration\":\"\",\"_animation_delay\":\"\",\"_transform_rotate_popover\":\"\",\"_transform_rotateZ_effect\":{\"unit\":\"px\",\"size\":\"\",\"sizes\":[]},\"_transform_rotateZ_effect_tablet\":{\"unit\":\"deg\",\"size\":\"\",\"sizes\":[]},\"_transform_rotateZ_effect_mobile\":{\"unit\":\"deg\",\"size\":\"\",\"sizes\":[]},\"_transform_rotate_3d\":\"\",\"_transform_rotateX_effect\":{\"unit\":\"px\",\"size\":\"\",\"sizes\":[]},\"_transform_rotateX_effect_tablet\":{\"unit\":\"deg\",\"size\":\"\",\"sizes\":[]},\"_transform_rotateX_effect_mobile\":{\"unit\":\"deg\",\"size\":\"\",\"sizes\":[]},\"_transform_rotateY_effect\":{\"unit\":\"px\",\"size\":\"\",\"sizes\":[]},\"_transform_rotateY_effect_tablet\":{\"unit\":\"deg\",\"size\":\"\",\"sizes\":[]},\"_transform_rotateY_effect_mobile\":{\"unit\":\"deg\",\"size\":\"\",\"sizes\":[]},\"_transform_perspective_effect\":{\"unit\":\"px\",\"size\":\"\",\"sizes\":[]},\"_transform_perspective_effect_tablet\":{\"unit\":\"px\",\"size\":\"\",\"sizes\":[]},\"_transform_perspective_effect_mobile\":{\"unit\":\"px\",\"size\":\"\",\"sizes\":[]},\"_transform_translate_popover\":\"\",\"_transform_translateX_effect\":{\"unit\":\"px\",\"size\":\"\",\"sizes\":[]},\"_transform_translateX_effect_tablet\":{\"unit\":\"px\",\"size\":\"\",\"sizes\":[]},\"_transform_translateX_effect_mobile\":{\"unit\":\"px\",\"size\":\"\",\"sizes\":[]},\"_transform_translateY_effect\":{\"unit\":\"px\",\"size\":\"\",\"sizes\":[]},\"_transform_translateY_effect_tablet\":{\"unit\":\"px\",\"size\":\"\",\"sizes\":[]},\"_transform_translateY_effect_mobile\":{\"unit\":\"px\",\"size\":\"\",\"sizes\":[]},\"_transform_scale_popover\":\"\",\"_transform_keep_proportions\":\"yes\",\"_transform_scale_effect\":{\"unit\":\"px\",\"size\":\"\",\"sizes\":[]},\"_transform_scale_effect_tablet\":{\"unit\":\"px\",\"size\":\"\",\"sizes\":[]},\"_transform_scale_effect_mobile\":{\"unit\":\"px\",\"size\":\"\",\"sizes\":[]},\"_transform_scaleX_effect\":{\"unit\":\"px\",\"size\":\"\",\"sizes\":[]},\"_transform_scaleX_effect_tablet\":{\"unit\":\"px\",\"size\":\"\",\"sizes\":[]},\"_transform_scaleX_effect_mobile\":{\"unit\":\"px\",\"size\":\"\",\"sizes\":[]},\"_transform_scaleY_effect\":{\"unit\":\"px\",\"size\":\"\",\"sizes\":[]},\"_transform_scaleY_effect_tablet\":{\"unit\":\"px\",\"size\":\"\",\"sizes\":[]},\"_transform_scaleY_effect_mobile\":{\"unit\":\"px\",\"size\":\"\",\"sizes\":[]},\"_transform_skew_popover\":\"\",\"_transform_skewX_effect\":{\"unit\":\"px\",\"size\":\"\",\"sizes\":[]},\"_transform_skewX_effect_tablet\":{\"unit\":\"deg\",\"size\":\"\",\"sizes\":[]},\"_transform_skewX_effect_mobile\":{\"unit\":\"deg\",\"size\":\"\",\"sizes\":[]},\"_transform_skewY_effect\":{\"unit\":\"px\",\"size\":\"\",\"sizes\":[]},\"_transform_skewY_effect_tablet\":{\"unit\":\"deg\",\"size\":\"\",\"sizes\":[]},\"_transform_skewY_effect_mobile\":{\"unit\":\"deg\",\"size\":\"\",\"sizes\":[]},\"_transform_flipX_effect\":\"\",\"_transform_flipY_effect\":\"\",\"_transform_rotate_popover_hover\":\"\",\"_transform_rotateZ_effect_hover\":{\"unit\":\"px\",\"size\":\"\",\"sizes\":[]},\"_transform_rotateZ_effect_hover_tablet\":{\"unit\":\"deg\",\"size\":\"\",\"sizes\":[]},\"_transform_rotateZ_effect_hover_mobile\":{\"unit\":\"deg\",\"size\":\"\",\"sizes\":[]},\"_transform_rotate_3d_hover\":\"\",\"_transform_rotateX_effect_hover\":{\"unit\":\"px\",\"size\":\"\",\"sizes\":[]},\"_transform_rotateX_effect_hover_tablet\":{\"unit\":\"deg\",\"size\":\"\",\"sizes\":[]},\"_transform_rotateX_effect_hover_mobile\":{\"unit\":\"deg\",\"size\":\"\",\"sizes\":[]},\"_transform_rotateY_effect_hover\":{\"unit\":\"px\",\"size\":\"\",\"sizes\":[]},\"_transform_rotateY_effect_hover_tablet\":{\"unit\":\"deg\",\"size\":\"\",\"sizes\":[]},\"_transform_rotateY_effect_hover_mobile\":{\"unit\":\"deg\",\"size\":\"\",\"sizes\":[]},\"_transform_perspective_effect_hover\":{\"unit\":\"px\",\"size\":\"\",\"sizes\":[]},\"_transform_perspective_effect_hover_tablet\":{\"unit\":\"px\",\"size\":\"\",\"sizes\":[]},\"_transform_perspective_effect_hover_mobile\":{\"unit\":\"px\",\"size\":\"\",\"sizes\":[]},\"_transform_translate_popover_hover\":\"\",\"_transform_translateX_effect_hover\":{\"unit\":\"px\",\"size\":\"\",\"sizes\":[]},\"_transform_translateX_effect_hover_tablet\":{\"unit\":\"px\",\"size\":\"\",\"sizes\":[]},\"_transform_translateX_effect_hover_mobile\":{\"unit\":\"px\",\"size\":\"\",\"sizes\":[]},\"_transform_translateY_effect_hover\":{\"unit\":\"px\",\"size\":\"\",\"sizes\":[]},\"_transform_translateY_effect_hover_tablet\":{\"unit\":\"px\",\"size\":\"\",\"sizes\":[]},\"_transform_translateY_effect_hover_mobile\":{\"unit\":\"px\",\"size\":\"\",\"sizes\":[]},\"_transform_scale_popover_hover\":\"\",\"_transform_keep_proportions_hover\":\"yes\",\"_transform_scale_effect_hover\":{\"unit\":\"px\",\"size\":\"\",\"sizes\":[]},\"_transform_scale_effect_hover_tablet\":{\"unit\":\"px\",\"size\":\"\",\"sizes\":[]},\"_transform_scale_effect_hover_mobile\":{\"unit\":\"px\",\"size\":\"\",\"sizes\":[]},\"_transform_scaleX_effect_hover\":{\"unit\":\"px\",\"size\":\"\",\"sizes\":[]},\"_transform_scaleX_effect_hover_tablet\":{\"unit\":\"px\",\"size\":\"\",\"sizes\":[]},\"_transform_scaleX_effect_hover_mobile\":{\"unit\":\"px\",\"size\":\"\",\"sizes\":[]},\"_transform_scaleY_effect_hover\":{\"unit\":\"px\",\"size\":\"\",\"sizes\":[]},\"_transform_scaleY_effect_hover_tablet\":{\"unit\":\"px\",\"size\":\"\",\"sizes\":[]},\"_transform_scaleY_effect_hover_mobile\":{\"unit\":\"px\",\"size\":\"\",\"sizes\":[]},\"_transform_skew_popover_hover\":\"\",\"_transform_skewX_effect_hover\":{\"unit\":\"px\",\"size\":\"\",\"sizes\":[]},\"_transform_skewX_effect_hover_tablet\":{\"unit\":\"deg\",\"size\":\"\",\"sizes\":[]},\"_transform_skewX_effect_hover_mobile\":{\"unit\":\"deg\",\"size\":\"\",\"sizes\":[]},\"_transform_skewY_effect_hover\":{\"unit\":\"px\",\"size\":\"\",\"sizes\":[]},\"_transform_skewY_effect_hover_tablet\":{\"unit\":\"deg\",\"size\":\"\",\"sizes\":[]},\"_transform_skewY_effect_hover_mobile\":{\"unit\":\"deg\",\"size\":\"\",\"sizes\":[]},\"_transform_flipX_effect_hover\":\"\",\"_transform_flipY_effect_hover\":\"\",\"_transform_transition_hover\":{\"unit\":\"px\",\"size\":\"\",\"sizes\":[]},\"motion_fx_transform_x_anchor_point\":\"\",\"motion_fx_transform_y_anchor_point\":\"\",\"_background_background\":\"\",\"_background_gradient_notice\":\"\",\"_background_color\":\"\",\"_background_color_stop\":{\"unit\":\"%\",\"size\":0,\"sizes\":[]},\"_background_color_b\":\"#f2295b\",\"_background_color_b_stop\":{\"unit\":\"%\",\"size\":100,\"sizes\":[]},\"_background_gradient_type\":\"linear\",\"_background_gradient_angle\":{\"unit\":\"deg\",\"size\":180,\"sizes\":[]},\"_background_gradient_position\":\"center center\",\"_background_image\":{\"url\":\"\",\"id\":\"\",\"size\":\"\"},\"_background_position\":\"\",\"_background_xpos\":{\"unit\":\"px\",\"size\":0,\"sizes\":[]},\"_background_ypos\":{\"unit\":\"px\",\"size\":0,\"sizes\":[]},\"_background_attachment\":\"\",\"_background_repeat\":\"\",\"_background_size\":\"\",\"_background_bg_width\":{\"unit\":\"%\",\"size\":100,\"sizes\":[]},\"_background_video_link\":\"\",\"_background_video_start\":\"\",\"_background_video_end\":\"\",\"_background_play_once\":\"\",\"_background_play_on_mobile\":\"\",\"_background_privacy_mode\":\"\",\"_background_video_fallback\":{\"url\":\"\",\"id\":\"\",\"size\":\"\"},\"_background_slideshow_gallery\":[],\"_background_slideshow_loop\":\"yes\",\"_background_slideshow_slide_duration\":5000,\"_background_slideshow_slide_transition\":\"fade\",\"_background_slideshow_transition_duration\":500,\"_background_slideshow_background_size\":\"\",\"_background_slideshow_background_position\":\"\",\"_background_slideshow_lazyload\":\"\",\"_background_slideshow_ken_burns\":\"\",\"_background_slideshow_ken_burns_zoom_direction\":\"in\",\"_background_hover_background\":\"\",\"_background_hover_gradient_notice\":\"\",\"_background_hover_color\":\"\",\"_background_hover_color_stop\":{\"unit\":\"%\",\"size\":0,\"sizes\":[]},\"_background_hover_color_b\":\"#f2295b\",\"_background_hover_color_b_stop\":{\"unit\":\"%\",\"size\":100,\"sizes\":[]},\"_background_hover_gradient_type\":\"linear\",\"_background_hover_gradient_angle\":{\"unit\":\"deg\",\"size\":180,\"sizes\":[]},\"_background_hover_gradient_position\":\"center center\",\"_background_hover_image\":{\"url\":\"\",\"id\":\"\",\"size\":\"\"},\"_background_hover_position\":\"\",\"_background_hover_xpos\":{\"unit\":\"px\",\"size\":0,\"sizes\":[]},\"_background_hover_ypos\":{\"unit\":\"px\",\"size\":0,\"sizes\":[]},\"_background_hover_attachment\":\"\",\"_background_hover_repeat\":\"\",\"_background_hover_size\":\"\",\"_background_hover_bg_width\":{\"unit\":\"%\",\"size\":100,\"sizes\":[]},\"_background_hover_video_link\":\"\",\"_background_hover_video_start\":\"\",\"_background_hover_video_end\":\"\",\"_background_hover_play_once\":\"\",\"_background_hover_play_on_mobile\":\"\",\"_background_hover_privacy_mode\":\"\",\"_background_hover_video_fallback\":{\"url\":\"\",\"id\":\"\",\"size\":\"\"},\"_background_hover_slideshow_gallery\":[],\"_background_hover_slideshow_loop\":\"yes\",\"_background_hover_slideshow_slide_duration\":5000,\"_background_hover_slideshow_slide_transition\":\"fade\",\"_background_hover_slideshow_transition_duration\":500,\"_background_hover_slideshow_background_size\":\"\",\"_background_hover_slideshow_background_position\":\"\",\"_background_hover_slideshow_lazyload\":\"\",\"_background_hover_slideshow_ken_burns\":\"\",\"_background_hover_slideshow_ken_burns_zoom_direction\":\"in\",\"_background_hover_transition\":{\"unit\":\"px\",\"size\":\"\",\"sizes\":[]},\"_border_border\":\"\",\"_border_width\":{\"unit\":\"px\",\"top\":\"\",\"right\":\"\",\"bottom\":\"\",\"left\":\"\",\"isLinked\":true},\"_border_color\":\"\",\"_border_radius\":{\"unit\":\"px\",\"top\":\"\",\"right\":\"\",\"bottom\":\"\",\"left\":\"\",\"isLinked\":true},\"_box_shadow_box_shadow_type\":\"\",\"_box_shadow__boxshadow_c\":\"rgba(0,0,0,0.15)\",\"_box_shadow__boxshadow_h\":{\"unit\":\"px\",\"size\":\"\",\"sizes\":[]},\"_box_shadow__boxshadow_v\":{\"unit\":\"px\",\"size\":\"\",\"sizes\":[]},\"_box_shadow__boxshadow_b\":{\"unit\":\"px\",\"size\":\"\",\"sizes\":[]},\"_box_shadow__boxshadow_s\":{\"unit\":\"px\",\"size\":\"\",\"sizes\":[]},\"_box_shadow__boxshadow_p\":\" \",\"_border_hover_border\":\"\",\"_border_hover_width\":{\"unit\":\"px\",\"top\":\"\",\"right\":\"\",\"bottom\":\"\",\"left\":\"\",\"isLinked\":true},\"_border_hover_color\":\"\",\"_border_radius_hover\":{\"unit\":\"px\",\"top\":\"\",\"right\":\"\",\"bottom\":\"\",\"left\":\"\",\"isLinked\":true},\"_box_shadow_hover_box_shadow_type\":\"\",\"_box_shadow_hover__boxshadow_c\":\"rgba(0,0,0,0.15)\",\"_box_shadow_hover__boxshadow_h\":{\"unit\":\"px\",\"size\":\"\",\"sizes\":[]},\"_box_shadow_hover__boxshadow_v\":{\"unit\":\"px\",\"size\":\"\",\"sizes\":[]},\"_box_shadow_hover__boxshadow_b\":{\"unit\":\"px\",\"size\":\"\",\"sizes\":[]},\"_box_shadow_hover__boxshadow_s\":{\"unit\":\"px\",\"size\":\"\",\"sizes\":[]},\"_box_shadow_hover__boxshadow_p\":\" \",\"_border_hover_transition\":{\"unit\":\"px\",\"size\":\"\",\"sizes\":[]},\"_mask_switch\":\"\",\"_mask_shape\":\"circle\",\"_mask_image\":{\"url\":\"\",\"id\":\"\",\"size\":\"\"},\"_mask_size\":\"contain\",\"_mask_size_scale\":{\"unit\":\"%\",\"size\":100,\"sizes\":[]},\"_mask_position\":\"center center\",\"_mask_position_x\":{\"unit\":\"%\",\"size\":0,\"sizes\":[]},\"_mask_position_y\":{\"unit\":\"%\",\"size\":0,\"sizes\":[]},\"_mask_repeat\":\"no-repeat\",\"hide_desktop\":\"\",\"hide_tablet\":\"\",\"hide_mobile\":\"\",\"_attributes\":\"\",\"custom_css\":\"\",\"paged\":1,\"class\":\"jblog_block_20\"};<\/script><\/div>\t\t\t\t<\/div>\n\t\t\t\t<\/div>\n\t\t\t\t<div class=\"elementor-element elementor-element-5cb034d elementor-widget elementor-widget-image\" data-id=\"5cb034d\" data-element_type=\"widget\" data-e-type=\"widget\" data-widget_type=\"image.default\">\n\t\t\t\t<div class=\"elementor-widget-container\">\n\t\t\t\t\t\t\t\t\t\t\t\t\t\t\t<img loading=\"lazy\" decoding=\"async\" width=\"829\" height=\"416\" src=\"https:\/\/i0.wp.com\/iberoleonenvio.com\/website_f1c4f9f2\/wp-content\/uploads\/2022\/03\/recuerda-1.jpg?fit=829%2C416&amp;ssl=1\" class=\"attachment-full size-full wp-image-40\" alt=\"\" srcset=\"https:\/\/i0.wp.com\/iberoleonenvio.com\/website_f1c4f9f2\/wp-content\/uploads\/2022\/03\/recuerda-1.jpg?w=829&amp;ssl=1 829w, https:\/\/i0.wp.com\/iberoleonenvio.com\/website_f1c4f9f2\/wp-content\/uploads\/2022\/03\/recuerda-1.jpg?resize=300%2C150&amp;ssl=1 300w, https:\/\/i0.wp.com\/iberoleonenvio.com\/website_f1c4f9f2\/wp-content\/uploads\/2022\/03\/recuerda-1.jpg?resize=768%2C385&amp;ssl=1 768w\" sizes=\"(max-width: 800px) 100vw, 800px\" \/>\t\t\t\t\t\t\t\t\t\t\t\t\t\t\t<\/div>\n\t\t\t\t<\/div>\n\t\t\t\t<div class=\"elementor-element elementor-element-3965dfe elementor-widget elementor-widget-eael-feature-list\" data-id=\"3965dfe\" data-element_type=\"widget\" data-e-type=\"widget\" data-widget_type=\"eael-feature-list.default\">\n\t\t\t\t<div class=\"elementor-widget-container\">\n\t\t\t\t\t\t\t<div class=\"-icon-position-left -tablet-icon-position-left -mobile-icon-position-left\">\n\t\t\t<ul id=\"eael-feature-list-3965dfe\" class=\"eael-feature-list-items circle framed connector-type-modern eael-feature-list-vertical\" data-layout-tablet=\"vertical\" data-layout-mobile=\"vertical\">\n\t\t\t                <li class=\"eael-feature-list-item elementor-repeater-item-43ee1aa\">\n                                            <span class=\"connector\" style=\"right: calc(100% - 42px); left: 0;\"><\/span>\n                        <span class=\"connector connector-tablet\" style=\"right: calc(100% - 42px); left: 0;\"><\/span>\n                        <span class=\"connector connector-mobile\" style=\"right: calc(100% - 42px); left: 0;\"><\/span>\n                    \n\t\t\t\t\t\t<div class=\"eael-feature-list-icon-box\">\n\t\t\t\t\t\t\t<div class=\"eael-feature-list-icon-inner\">\n\n\t\t\t\t\t\t\t\t<span class=\"eael-feature-list-icon fl-icon-0\">\n\n\t\t<i aria-hidden=\"true\" class=\"fas fa-calendar-check\"><\/i>\t\t\t\t\t\t\t\t<\/span>\n\t\t\t\t\t\t\t<\/div>\n\t\t\t\t\t\t<\/div>\n\t\t\t\t\t\t<div class=\"eael-feature-list-content-box\">\n                            <h2 class=\"eael-feature-list-title\">4, 5 y 6 de junio<\/h2>\t\t\t\t\t\t<p class=\"eael-feature-list-content\">Solicitud de ex\u00e1menes a t\u00edtulo y extraordinarios <\/p>\n\t\t\t\t\t\t<\/div>\n\n\t\t\t\t\t<\/li>\n\t\t\t\t                <li class=\"eael-feature-list-item elementor-repeater-item-f4a2b39\">\n                                            <span class=\"connector\" style=\"right: calc(100% - 42px); left: 0;\"><\/span>\n                        <span class=\"connector connector-tablet\" style=\"right: calc(100% - 42px); left: 0;\"><\/span>\n                        <span class=\"connector connector-mobile\" style=\"right: calc(100% - 42px); left: 0;\"><\/span>\n                    \n\t\t\t\t\t\t<div class=\"eael-feature-list-icon-box\">\n\t\t\t\t\t\t\t<div class=\"eael-feature-list-icon-inner\">\n\n\t\t\t\t\t\t\t\t<span class=\"eael-feature-list-icon fl-icon-1\">\n\n\t\t<i aria-hidden=\"true\" class=\"fas fa-calendar-check\"><\/i>\t\t\t\t\t\t\t\t<\/span>\n\t\t\t\t\t\t\t<\/div>\n\t\t\t\t\t\t<\/div>\n\t\t\t\t\t\t<div class=\"eael-feature-list-content-box\">\n                            <h2 class=\"eael-feature-list-title\">10 de junio<\/h2>\t\t\t\t\t\t<p class=\"eael-feature-list-content\">Fecha l\u00edmite de pago de colegiaturas<\/p>\n\t\t\t\t\t\t<\/div>\n\n\t\t\t\t\t<\/li>\n\t\t\t\t                <li class=\"eael-feature-list-item elementor-repeater-item-6112275\">\n                                            <span class=\"connector\" style=\"right: calc(100% - 42px); left: 0;\"><\/span>\n                        <span class=\"connector connector-tablet\" style=\"right: calc(100% - 42px); left: 0;\"><\/span>\n                        <span class=\"connector connector-mobile\" style=\"right: calc(100% - 42px); left: 0;\"><\/span>\n                    \n\t\t\t\t\t\t<div class=\"eael-feature-list-icon-box\">\n\t\t\t\t\t\t\t<div class=\"eael-feature-list-icon-inner\">\n\n\t\t\t\t\t\t\t\t<span class=\"eael-feature-list-icon fl-icon-2\">\n\n\t\t<i aria-hidden=\"true\" class=\"fas fa-calendar-check\"><\/i>\t\t\t\t\t\t\t\t<\/span>\n\t\t\t\t\t\t\t<\/div>\n\t\t\t\t\t\t<\/div>\n\t\t\t\t\t\t<div class=\"eael-feature-list-content-box\">\n                            <h2 class=\"eael-feature-list-title\">16 al 20 de junio<\/h2>\t\t\t\t\t\t<p class=\"eael-feature-list-content\">Baja de asignaturas<\/p>\n\t\t\t\t\t\t<\/div>\n\n\t\t\t\t\t<\/li>\n\t\t\t\t                <li class=\"eael-feature-list-item elementor-repeater-item-22a5dd5\">\n                                            <span class=\"connector\" style=\"right: calc(100% - 42px); left: 0;\"><\/span>\n                        <span class=\"connector connector-tablet\" style=\"right: calc(100% - 42px); left: 0;\"><\/span>\n                        <span class=\"connector connector-mobile\" style=\"right: calc(100% - 42px); left: 0;\"><\/span>\n                    \n\t\t\t\t\t\t<div class=\"eael-feature-list-icon-box\">\n\t\t\t\t\t\t\t<div class=\"eael-feature-list-icon-inner\">\n\n\t\t\t\t\t\t\t\t<span class=\"eael-feature-list-icon fl-icon-3\">\n\n\t\t<i aria-hidden=\"true\" class=\"fas fa-calendar-check\"><\/i>\t\t\t\t\t\t\t\t<\/span>\n\t\t\t\t\t\t\t<\/div>\n\t\t\t\t\t\t<\/div>\n\t\t\t\t\t\t<div class=\"eael-feature-list-content-box\">\n                            <h2 class=\"eael-feature-list-title\">23 al 27 de junio<\/h2>\t\t\t\t\t\t<p class=\"eael-feature-list-content\">Aplicaci\u00f3n de ex\u00e1menes a t\u00edtulo y extraordinarios<\/p>\n\t\t\t\t\t\t<\/div>\n\n\t\t\t\t\t<\/li>\n\t\t\t\t                <li class=\"eael-feature-list-item elementor-repeater-item-dfb3453\">\n                                            <span class=\"connector\" style=\"right: calc(100% - 42px); left: 0;\"><\/span>\n                        <span class=\"connector connector-tablet\" style=\"right: calc(100% - 42px); left: 0;\"><\/span>\n                        <span class=\"connector connector-mobile\" style=\"right: calc(100% - 42px); left: 0;\"><\/span>\n                    \n\t\t\t\t\t\t<div class=\"eael-feature-list-icon-box\">\n\t\t\t\t\t\t\t<div class=\"eael-feature-list-icon-inner\">\n\n\t\t\t\t\t\t\t\t<span class=\"eael-feature-list-icon fl-icon-4\">\n\n\t\t<i aria-hidden=\"true\" class=\"fas fa-calendar-check\"><\/i>\t\t\t\t\t\t\t\t<\/span>\n\t\t\t\t\t\t\t<\/div>\n\t\t\t\t\t\t<\/div>\n\t\t\t\t\t\t<div class=\"eael-feature-list-content-box\">\n                            <h2 class=\"eael-feature-list-title\"> 26 de junio<\/h2>\t\t\t\t\t\t<p class=\"eael-feature-list-content\">Fecha l\u00edmite de solicitud de cambio de licenciatura y posgrado <\/p>\n\t\t\t\t\t\t<\/div>\n\n\t\t\t\t\t<\/li>\n\t\t\t\t                <li class=\"eael-feature-list-item elementor-repeater-item-5e69766\">\n                                            <span class=\"connector\" style=\"right: calc(100% - 42px); left: 0;\"><\/span>\n                        <span class=\"connector connector-tablet\" style=\"right: calc(100% - 42px); left: 0;\"><\/span>\n                        <span class=\"connector connector-mobile\" style=\"right: calc(100% - 42px); left: 0;\"><\/span>\n                    \n\t\t\t\t\t\t<div class=\"eael-feature-list-icon-box\">\n\t\t\t\t\t\t\t<div class=\"eael-feature-list-icon-inner\">\n\n\t\t\t\t\t\t\t\t<span class=\"eael-feature-list-icon fl-icon-5\">\n\n\t\t<i aria-hidden=\"true\" class=\"fas fa-calendar-check\"><\/i>\t\t\t\t\t\t\t\t<\/span>\n\t\t\t\t\t\t\t<\/div>\n\t\t\t\t\t\t<\/div>\n\t\t\t\t\t\t<div class=\"eael-feature-list-content-box\">\n                            <h2 class=\"eael-feature-list-title\">27 de junio<\/h2>\t\t\t\t\t\t<p class=\"eael-feature-list-content\">Fecha l\u00edmite de baja total<\/p>\n\t\t\t\t\t\t<\/div>\n\n\t\t\t\t\t<\/li>\n\t\t\t\t                <li class=\"eael-feature-list-item elementor-repeater-item-ef11d1e\">\n                                            <span class=\"connector\" style=\"right: calc(100% - 42px); left: 0;\"><\/span>\n                        <span class=\"connector connector-tablet\" style=\"right: calc(100% - 42px); left: 0;\"><\/span>\n                        <span class=\"connector connector-mobile\" style=\"right: calc(100% - 42px); left: 0;\"><\/span>\n                    \n\t\t\t\t\t\t<div class=\"eael-feature-list-icon-box\">\n\t\t\t\t\t\t\t<div class=\"eael-feature-list-icon-inner\">\n\n\t\t\t\t\t\t\t\t<span class=\"eael-feature-list-icon fl-icon-6\">\n\n\t\t<i aria-hidden=\"true\" class=\"fas fa-calendar-check\"><\/i>\t\t\t\t\t\t\t\t<\/span>\n\t\t\t\t\t\t\t<\/div>\n\t\t\t\t\t\t<\/div>\n\t\t\t\t\t\t<div class=\"eael-feature-list-content-box\">\n                            <h2 class=\"eael-feature-list-title\">28 de junio<\/h2>\t\t\t\t\t\t<p class=\"eael-feature-list-content\">Fin de cursos de posgrado<\/p>\n\t\t\t\t\t\t<\/div>\n\n\t\t\t\t\t<\/li>\n\t\t\t\t                <li class=\"eael-feature-list-item elementor-repeater-item-eedb149\">\n                                            <span class=\"connector\" style=\"right: calc(100% - 42px); left: 0;\"><\/span>\n                        <span class=\"connector connector-tablet\" style=\"right: calc(100% - 42px); left: 0;\"><\/span>\n                        <span class=\"connector connector-mobile\" style=\"right: calc(100% - 42px); left: 0;\"><\/span>\n                    \n\t\t\t\t\t\t<div class=\"eael-feature-list-icon-box\">\n\t\t\t\t\t\t\t<div class=\"eael-feature-list-icon-inner\">\n\n\t\t\t\t\t\t\t\t<span class=\"eael-feature-list-icon fl-icon-7\">\n\n\t\t<i aria-hidden=\"true\" class=\"fas fa-calendar-check\"><\/i>\t\t\t\t\t\t\t\t<\/span>\n\t\t\t\t\t\t\t<\/div>\n\t\t\t\t\t\t<\/div>\n\t\t\t\t\t\t<div class=\"eael-feature-list-content-box\">\n                            <h2 class=\"eael-feature-list-title\">30 de junio<\/h2>\t\t\t\t\t\t<p class=\"eael-feature-list-content\">Periodo de evaluaci\u00f3n y fecha l\u00edmite para captura de calificaciones de ex\u00e1menes a t\u00edtulo y extraordinarios<\/p>\n\t\t\t\t\t\t<\/div>\n\n\t\t\t\t\t<\/li>\n\t\t\t\t\t\t\t<\/ul>\n\t\t<\/div>\n\t\t\t\t\t\t<\/div>\n\t\t\t\t<\/div>\n\t\t\t\t\t<\/div>\n\t\t<\/div>\n\t\t\t\t\t<\/div>\n\t\t<\/section>\n\t\t\t\t<\/div>\n\t\t","protected":false},"excerpt":{"rendered":"<p>Este a\u00f1o ha estado marcado por importantes avances que evidencian el compromiso de quienes forman parte de nuestra universidad con la excelencia, la sostenibilidad y la responsabilidad social. En particular, la Direcci\u00f3n General de Administraci\u00f3n y Finanzas ha centrado sus esfuerzos en robustecer procesos clave, acompa\u00f1ar el crecimiento institucional y dar continuidad a proyectos estrat\u00e9gicos alineados con nuestra visi\u00f3n de cuidado integral y respeto por la Casa Com\u00fan. <\/p>\n","protected":false},"author":1,"featured_media":12154,"comment_status":"closed","ping_status":"closed","sticky":false,"template":"","format":"standard","meta":{"_monsterinsights_skip_tracking":false,"_monsterinsights_sitenote_active":false,"_monsterinsights_sitenote_note":"","_monsterinsights_sitenote_category":0,"_jetpack_memberships_contains_paid_content":false,"footnotes":""},"categories":[49],"tags":[],"class_list":["post-12137","post","type-post","status-publish","format-standard","has-post-thumbnail","hentry","category-numero-42-junio-2025"],"yoast_head":"<!-- This site is optimized with the Yoast SEO plugin v27.4 - https:\/\/yoast.com\/product\/yoast-seo-wordpress\/ -->\n<title>Pol\u00edtica exterior de la Santa Sede en el pontificado del papa Francisco, y primer perfil geopol\u00edtico del papa Le\u00f3n XIV\u00a0 - Pulso<\/title>\n<meta name=\"robots\" content=\"index, follow, max-snippet:-1, max-image-preview:large, max-video-preview:-1\" \/>\n<link rel=\"canonical\" href=\"https:\/\/iberoleonenvio.com\/website_f1c4f9f2\/politica-exterior-de-la-santa-sede-en-el-pontificado-del-papa-francisco-y-primer-perfil-geopolitico-del-papa-leon-xiv-2\/\" \/>\n<meta property=\"og:locale\" content=\"es_MX\" \/>\n<meta property=\"og:type\" content=\"article\" \/>\n<meta property=\"og:title\" content=\"Pol\u00edtica exterior de la Santa Sede en el pontificado del papa Francisco, y primer perfil geopol\u00edtico del papa Le\u00f3n XIV\u00a0 - Pulso\" \/>\n<meta property=\"og:description\" content=\"Este a\u00f1o ha estado marcado por importantes avances que evidencian el compromiso de quienes forman parte de nuestra universidad con la excelencia, la sostenibilidad y la responsabilidad social. En particular, la Direcci\u00f3n General de Administraci\u00f3n y Finanzas ha centrado sus esfuerzos en robustecer procesos clave, acompa\u00f1ar el crecimiento institucional y dar continuidad a proyectos estrat\u00e9gicos alineados con nuestra visi\u00f3n de cuidado integral y respeto por la Casa Com\u00fan.\" \/>\n<meta property=\"og:url\" content=\"https:\/\/iberoleonenvio.com\/website_f1c4f9f2\/politica-exterior-de-la-santa-sede-en-el-pontificado-del-papa-francisco-y-primer-perfil-geopolitico-del-papa-leon-xiv-2\/\" \/>\n<meta property=\"og:site_name\" content=\"Pulso\" \/>\n<meta property=\"article:published_time\" content=\"2025-06-02T18:27:20+00:00\" \/>\n<meta property=\"article:modified_time\" content=\"2025-06-03T16:50:06+00:00\" \/>\n<meta property=\"og:image\" content=\"https:\/\/iberoleonenvio.com\/website_f1c4f9f2\/wp-content\/uploads\/2025\/06\/32545884693_42d7cfc2a0_o-\u00a9-Mazurcatholicnews.org_.uk_.jpg\" \/>\n\t<meta property=\"og:image:width\" content=\"2000\" \/>\n\t<meta property=\"og:image:height\" content=\"1556\" \/>\n\t<meta property=\"og:image:type\" content=\"image\/jpeg\" \/>\n<meta name=\"author\" content=\"cacho\" \/>\n<meta name=\"twitter:card\" content=\"summary_large_image\" \/>\n<meta name=\"twitter:label1\" content=\"Escrito por\" \/>\n\t<meta name=\"twitter:data1\" content=\"cacho\" \/>\n\t<meta name=\"twitter:label2\" content=\"Tiempo de lectura\" \/>\n\t<meta name=\"twitter:data2\" content=\"8 minutos\" \/>\n<script type=\"application\/ld+json\" class=\"yoast-schema-graph\">{\"@context\":\"https:\\\/\\\/schema.org\",\"@graph\":[{\"@type\":\"Article\",\"@id\":\"https:\\\/\\\/iberoleonenvio.com\\\/website_f1c4f9f2\\\/politica-exterior-de-la-santa-sede-en-el-pontificado-del-papa-francisco-y-primer-perfil-geopolitico-del-papa-leon-xiv-2\\\/#article\",\"isPartOf\":{\"@id\":\"https:\\\/\\\/iberoleonenvio.com\\\/website_f1c4f9f2\\\/politica-exterior-de-la-santa-sede-en-el-pontificado-del-papa-francisco-y-primer-perfil-geopolitico-del-papa-leon-xiv-2\\\/\"},\"author\":{\"name\":\"cacho\",\"@id\":\"https:\\\/\\\/iberoleonenvio.com\\\/website_f1c4f9f2\\\/#\\\/schema\\\/person\\\/e05285d2ac1b686990b936521536478d\"},\"headline\":\"Pol\u00edtica exterior de la Santa Sede en el pontificado del papa Francisco, y primer perfil geopol\u00edtico del papa Le\u00f3n XIV\u00a0\",\"datePublished\":\"2025-06-02T18:27:20+00:00\",\"dateModified\":\"2025-06-03T16:50:06+00:00\",\"mainEntityOfPage\":{\"@id\":\"https:\\\/\\\/iberoleonenvio.com\\\/website_f1c4f9f2\\\/politica-exterior-de-la-santa-sede-en-el-pontificado-del-papa-francisco-y-primer-perfil-geopolitico-del-papa-leon-xiv-2\\\/\"},\"wordCount\":1533,\"publisher\":{\"@id\":\"https:\\\/\\\/iberoleonenvio.com\\\/website_f1c4f9f2\\\/#organization\"},\"image\":{\"@id\":\"https:\\\/\\\/iberoleonenvio.com\\\/website_f1c4f9f2\\\/politica-exterior-de-la-santa-sede-en-el-pontificado-del-papa-francisco-y-primer-perfil-geopolitico-del-papa-leon-xiv-2\\\/#primaryimage\"},\"thumbnailUrl\":\"https:\\\/\\\/i0.wp.com\\\/iberoleonenvio.com\\\/website_f1c4f9f2\\\/wp-content\\\/uploads\\\/2025\\\/06\\\/32545884693_42d7cfc2a0_o-%C2%A9-Mazurcatholicnews.org_.uk_.jpg?fit=2000%2C1556&ssl=1\",\"articleSection\":[\"N\u00famero 42 - Junio 2025\"],\"inLanguage\":\"es\"},{\"@type\":\"WebPage\",\"@id\":\"https:\\\/\\\/iberoleonenvio.com\\\/website_f1c4f9f2\\\/politica-exterior-de-la-santa-sede-en-el-pontificado-del-papa-francisco-y-primer-perfil-geopolitico-del-papa-leon-xiv-2\\\/\",\"url\":\"https:\\\/\\\/iberoleonenvio.com\\\/website_f1c4f9f2\\\/politica-exterior-de-la-santa-sede-en-el-pontificado-del-papa-francisco-y-primer-perfil-geopolitico-del-papa-leon-xiv-2\\\/\",\"name\":\"Pol\u00edtica exterior de la Santa Sede en el pontificado del papa Francisco, y primer perfil geopol\u00edtico del papa Le\u00f3n XIV\u00a0 - Pulso\",\"isPartOf\":{\"@id\":\"https:\\\/\\\/iberoleonenvio.com\\\/website_f1c4f9f2\\\/#website\"},\"primaryImageOfPage\":{\"@id\":\"https:\\\/\\\/iberoleonenvio.com\\\/website_f1c4f9f2\\\/politica-exterior-de-la-santa-sede-en-el-pontificado-del-papa-francisco-y-primer-perfil-geopolitico-del-papa-leon-xiv-2\\\/#primaryimage\"},\"image\":{\"@id\":\"https:\\\/\\\/iberoleonenvio.com\\\/website_f1c4f9f2\\\/politica-exterior-de-la-santa-sede-en-el-pontificado-del-papa-francisco-y-primer-perfil-geopolitico-del-papa-leon-xiv-2\\\/#primaryimage\"},\"thumbnailUrl\":\"https:\\\/\\\/i0.wp.com\\\/iberoleonenvio.com\\\/website_f1c4f9f2\\\/wp-content\\\/uploads\\\/2025\\\/06\\\/32545884693_42d7cfc2a0_o-%C2%A9-Mazurcatholicnews.org_.uk_.jpg?fit=2000%2C1556&ssl=1\",\"datePublished\":\"2025-06-02T18:27:20+00:00\",\"dateModified\":\"2025-06-03T16:50:06+00:00\",\"breadcrumb\":{\"@id\":\"https:\\\/\\\/iberoleonenvio.com\\\/website_f1c4f9f2\\\/politica-exterior-de-la-santa-sede-en-el-pontificado-del-papa-francisco-y-primer-perfil-geopolitico-del-papa-leon-xiv-2\\\/#breadcrumb\"},\"inLanguage\":\"es\",\"potentialAction\":[{\"@type\":\"ReadAction\",\"target\":[\"https:\\\/\\\/iberoleonenvio.com\\\/website_f1c4f9f2\\\/politica-exterior-de-la-santa-sede-en-el-pontificado-del-papa-francisco-y-primer-perfil-geopolitico-del-papa-leon-xiv-2\\\/\"]}]},{\"@type\":\"ImageObject\",\"inLanguage\":\"es\",\"@id\":\"https:\\\/\\\/iberoleonenvio.com\\\/website_f1c4f9f2\\\/politica-exterior-de-la-santa-sede-en-el-pontificado-del-papa-francisco-y-primer-perfil-geopolitico-del-papa-leon-xiv-2\\\/#primaryimage\",\"url\":\"https:\\\/\\\/i0.wp.com\\\/iberoleonenvio.com\\\/website_f1c4f9f2\\\/wp-content\\\/uploads\\\/2025\\\/06\\\/32545884693_42d7cfc2a0_o-%C2%A9-Mazurcatholicnews.org_.uk_.jpg?fit=2000%2C1556&ssl=1\",\"contentUrl\":\"https:\\\/\\\/i0.wp.com\\\/iberoleonenvio.com\\\/website_f1c4f9f2\\\/wp-content\\\/uploads\\\/2025\\\/06\\\/32545884693_42d7cfc2a0_o-%C2%A9-Mazurcatholicnews.org_.uk_.jpg?fit=2000%2C1556&ssl=1\",\"width\":2000,\"height\":1556},{\"@type\":\"BreadcrumbList\",\"@id\":\"https:\\\/\\\/iberoleonenvio.com\\\/website_f1c4f9f2\\\/politica-exterior-de-la-santa-sede-en-el-pontificado-del-papa-francisco-y-primer-perfil-geopolitico-del-papa-leon-xiv-2\\\/#breadcrumb\",\"itemListElement\":[{\"@type\":\"ListItem\",\"position\":1,\"name\":\"Inicio\",\"item\":\"https:\\\/\\\/iberoleonenvio.com\\\/website_f1c4f9f2\\\/\"},{\"@type\":\"ListItem\",\"position\":2,\"name\":\"Pol\u00edtica exterior de la Santa Sede en el pontificado del papa Francisco, y primer perfil geopol\u00edtico del papa Le\u00f3n XIV\u00a0\"}]},{\"@type\":\"WebSite\",\"@id\":\"https:\\\/\\\/iberoleonenvio.com\\\/website_f1c4f9f2\\\/#website\",\"url\":\"https:\\\/\\\/iberoleonenvio.com\\\/website_f1c4f9f2\\\/\",\"name\":\"Pulso\",\"description\":\"\",\"publisher\":{\"@id\":\"https:\\\/\\\/iberoleonenvio.com\\\/website_f1c4f9f2\\\/#organization\"},\"potentialAction\":[{\"@type\":\"SearchAction\",\"target\":{\"@type\":\"EntryPoint\",\"urlTemplate\":\"https:\\\/\\\/iberoleonenvio.com\\\/website_f1c4f9f2\\\/?s={search_term_string}\"},\"query-input\":{\"@type\":\"PropertyValueSpecification\",\"valueRequired\":true,\"valueName\":\"search_term_string\"}}],\"inLanguage\":\"es\"},{\"@type\":\"Organization\",\"@id\":\"https:\\\/\\\/iberoleonenvio.com\\\/website_f1c4f9f2\\\/#organization\",\"name\":\"Pulso\",\"url\":\"https:\\\/\\\/iberoleonenvio.com\\\/website_f1c4f9f2\\\/\",\"logo\":{\"@type\":\"ImageObject\",\"inLanguage\":\"es\",\"@id\":\"https:\\\/\\\/iberoleonenvio.com\\\/website_f1c4f9f2\\\/#\\\/schema\\\/logo\\\/image\\\/\",\"url\":\"https:\\\/\\\/i0.wp.com\\\/iberoleonenvio.com\\\/website_f1c4f9f2\\\/wp-content\\\/uploads\\\/2022\\\/04\\\/cropped-logo_pulso.png?fit=347%2C101&ssl=1\",\"contentUrl\":\"https:\\\/\\\/i0.wp.com\\\/iberoleonenvio.com\\\/website_f1c4f9f2\\\/wp-content\\\/uploads\\\/2022\\\/04\\\/cropped-logo_pulso.png?fit=347%2C101&ssl=1\",\"width\":347,\"height\":101,\"caption\":\"Pulso\"},\"image\":{\"@id\":\"https:\\\/\\\/iberoleonenvio.com\\\/website_f1c4f9f2\\\/#\\\/schema\\\/logo\\\/image\\\/\"}},{\"@type\":\"Person\",\"@id\":\"https:\\\/\\\/iberoleonenvio.com\\\/website_f1c4f9f2\\\/#\\\/schema\\\/person\\\/e05285d2ac1b686990b936521536478d\",\"name\":\"cacho\",\"sameAs\":[\"https:\\\/\\\/iberoleonenvio.com\\\/website_f1c4f9f2\"],\"url\":\"https:\\\/\\\/iberoleonenvio.com\\\/website_f1c4f9f2\\\/author\\\/cacho\\\/\"}]}<\/script>\n<!-- \/ Yoast SEO plugin. -->","yoast_head_json":{"title":"Pol\u00edtica exterior de la Santa Sede en el pontificado del papa Francisco, y primer perfil geopol\u00edtico del papa Le\u00f3n XIV\u00a0 - Pulso","robots":{"index":"index","follow":"follow","max-snippet":"max-snippet:-1","max-image-preview":"max-image-preview:large","max-video-preview":"max-video-preview:-1"},"canonical":"https:\/\/iberoleonenvio.com\/website_f1c4f9f2\/politica-exterior-de-la-santa-sede-en-el-pontificado-del-papa-francisco-y-primer-perfil-geopolitico-del-papa-leon-xiv-2\/","og_locale":"es_MX","og_type":"article","og_title":"Pol\u00edtica exterior de la Santa Sede en el pontificado del papa Francisco, y primer perfil geopol\u00edtico del papa Le\u00f3n XIV\u00a0 - Pulso","og_description":"Este a\u00f1o ha estado marcado por importantes avances que evidencian el compromiso de quienes forman parte de nuestra universidad con la excelencia, la sostenibilidad y la responsabilidad social. En particular, la Direcci\u00f3n General de Administraci\u00f3n y Finanzas ha centrado sus esfuerzos en robustecer procesos clave, acompa\u00f1ar el crecimiento institucional y dar continuidad a proyectos estrat\u00e9gicos alineados con nuestra visi\u00f3n de cuidado integral y respeto por la Casa Com\u00fan.","og_url":"https:\/\/iberoleonenvio.com\/website_f1c4f9f2\/politica-exterior-de-la-santa-sede-en-el-pontificado-del-papa-francisco-y-primer-perfil-geopolitico-del-papa-leon-xiv-2\/","og_site_name":"Pulso","article_published_time":"2025-06-02T18:27:20+00:00","article_modified_time":"2025-06-03T16:50:06+00:00","og_image":[{"width":2000,"height":1556,"url":"https:\/\/iberoleonenvio.com\/website_f1c4f9f2\/wp-content\/uploads\/2025\/06\/32545884693_42d7cfc2a0_o-\u00a9-Mazurcatholicnews.org_.uk_.jpg","type":"image\/jpeg"}],"author":"cacho","twitter_card":"summary_large_image","twitter_misc":{"Escrito por":"cacho","Tiempo de lectura":"8 minutos"},"schema":{"@context":"https:\/\/schema.org","@graph":[{"@type":"Article","@id":"https:\/\/iberoleonenvio.com\/website_f1c4f9f2\/politica-exterior-de-la-santa-sede-en-el-pontificado-del-papa-francisco-y-primer-perfil-geopolitico-del-papa-leon-xiv-2\/#article","isPartOf":{"@id":"https:\/\/iberoleonenvio.com\/website_f1c4f9f2\/politica-exterior-de-la-santa-sede-en-el-pontificado-del-papa-francisco-y-primer-perfil-geopolitico-del-papa-leon-xiv-2\/"},"author":{"name":"cacho","@id":"https:\/\/iberoleonenvio.com\/website_f1c4f9f2\/#\/schema\/person\/e05285d2ac1b686990b936521536478d"},"headline":"Pol\u00edtica exterior de la Santa Sede en el pontificado del papa Francisco, y primer perfil geopol\u00edtico del papa Le\u00f3n XIV\u00a0","datePublished":"2025-06-02T18:27:20+00:00","dateModified":"2025-06-03T16:50:06+00:00","mainEntityOfPage":{"@id":"https:\/\/iberoleonenvio.com\/website_f1c4f9f2\/politica-exterior-de-la-santa-sede-en-el-pontificado-del-papa-francisco-y-primer-perfil-geopolitico-del-papa-leon-xiv-2\/"},"wordCount":1533,"publisher":{"@id":"https:\/\/iberoleonenvio.com\/website_f1c4f9f2\/#organization"},"image":{"@id":"https:\/\/iberoleonenvio.com\/website_f1c4f9f2\/politica-exterior-de-la-santa-sede-en-el-pontificado-del-papa-francisco-y-primer-perfil-geopolitico-del-papa-leon-xiv-2\/#primaryimage"},"thumbnailUrl":"https:\/\/i0.wp.com\/iberoleonenvio.com\/website_f1c4f9f2\/wp-content\/uploads\/2025\/06\/32545884693_42d7cfc2a0_o-%C2%A9-Mazurcatholicnews.org_.uk_.jpg?fit=2000%2C1556&ssl=1","articleSection":["N\u00famero 42 - Junio 2025"],"inLanguage":"es"},{"@type":"WebPage","@id":"https:\/\/iberoleonenvio.com\/website_f1c4f9f2\/politica-exterior-de-la-santa-sede-en-el-pontificado-del-papa-francisco-y-primer-perfil-geopolitico-del-papa-leon-xiv-2\/","url":"https:\/\/iberoleonenvio.com\/website_f1c4f9f2\/politica-exterior-de-la-santa-sede-en-el-pontificado-del-papa-francisco-y-primer-perfil-geopolitico-del-papa-leon-xiv-2\/","name":"Pol\u00edtica exterior de la Santa Sede en el pontificado del papa Francisco, y primer perfil geopol\u00edtico del papa Le\u00f3n XIV\u00a0 - Pulso","isPartOf":{"@id":"https:\/\/iberoleonenvio.com\/website_f1c4f9f2\/#website"},"primaryImageOfPage":{"@id":"https:\/\/iberoleonenvio.com\/website_f1c4f9f2\/politica-exterior-de-la-santa-sede-en-el-pontificado-del-papa-francisco-y-primer-perfil-geopolitico-del-papa-leon-xiv-2\/#primaryimage"},"image":{"@id":"https:\/\/iberoleonenvio.com\/website_f1c4f9f2\/politica-exterior-de-la-santa-sede-en-el-pontificado-del-papa-francisco-y-primer-perfil-geopolitico-del-papa-leon-xiv-2\/#primaryimage"},"thumbnailUrl":"https:\/\/i0.wp.com\/iberoleonenvio.com\/website_f1c4f9f2\/wp-content\/uploads\/2025\/06\/32545884693_42d7cfc2a0_o-%C2%A9-Mazurcatholicnews.org_.uk_.jpg?fit=2000%2C1556&ssl=1","datePublished":"2025-06-02T18:27:20+00:00","dateModified":"2025-06-03T16:50:06+00:00","breadcrumb":{"@id":"https:\/\/iberoleonenvio.com\/website_f1c4f9f2\/politica-exterior-de-la-santa-sede-en-el-pontificado-del-papa-francisco-y-primer-perfil-geopolitico-del-papa-leon-xiv-2\/#breadcrumb"},"inLanguage":"es","potentialAction":[{"@type":"ReadAction","target":["https:\/\/iberoleonenvio.com\/website_f1c4f9f2\/politica-exterior-de-la-santa-sede-en-el-pontificado-del-papa-francisco-y-primer-perfil-geopolitico-del-papa-leon-xiv-2\/"]}]},{"@type":"ImageObject","inLanguage":"es","@id":"https:\/\/iberoleonenvio.com\/website_f1c4f9f2\/politica-exterior-de-la-santa-sede-en-el-pontificado-del-papa-francisco-y-primer-perfil-geopolitico-del-papa-leon-xiv-2\/#primaryimage","url":"https:\/\/i0.wp.com\/iberoleonenvio.com\/website_f1c4f9f2\/wp-content\/uploads\/2025\/06\/32545884693_42d7cfc2a0_o-%C2%A9-Mazurcatholicnews.org_.uk_.jpg?fit=2000%2C1556&ssl=1","contentUrl":"https:\/\/i0.wp.com\/iberoleonenvio.com\/website_f1c4f9f2\/wp-content\/uploads\/2025\/06\/32545884693_42d7cfc2a0_o-%C2%A9-Mazurcatholicnews.org_.uk_.jpg?fit=2000%2C1556&ssl=1","width":2000,"height":1556},{"@type":"BreadcrumbList","@id":"https:\/\/iberoleonenvio.com\/website_f1c4f9f2\/politica-exterior-de-la-santa-sede-en-el-pontificado-del-papa-francisco-y-primer-perfil-geopolitico-del-papa-leon-xiv-2\/#breadcrumb","itemListElement":[{"@type":"ListItem","position":1,"name":"Inicio","item":"https:\/\/iberoleonenvio.com\/website_f1c4f9f2\/"},{"@type":"ListItem","position":2,"name":"Pol\u00edtica exterior de la Santa Sede en el pontificado del papa Francisco, y primer perfil geopol\u00edtico del papa Le\u00f3n XIV\u00a0"}]},{"@type":"WebSite","@id":"https:\/\/iberoleonenvio.com\/website_f1c4f9f2\/#website","url":"https:\/\/iberoleonenvio.com\/website_f1c4f9f2\/","name":"Pulso","description":"","publisher":{"@id":"https:\/\/iberoleonenvio.com\/website_f1c4f9f2\/#organization"},"potentialAction":[{"@type":"SearchAction","target":{"@type":"EntryPoint","urlTemplate":"https:\/\/iberoleonenvio.com\/website_f1c4f9f2\/?s={search_term_string}"},"query-input":{"@type":"PropertyValueSpecification","valueRequired":true,"valueName":"search_term_string"}}],"inLanguage":"es"},{"@type":"Organization","@id":"https:\/\/iberoleonenvio.com\/website_f1c4f9f2\/#organization","name":"Pulso","url":"https:\/\/iberoleonenvio.com\/website_f1c4f9f2\/","logo":{"@type":"ImageObject","inLanguage":"es","@id":"https:\/\/iberoleonenvio.com\/website_f1c4f9f2\/#\/schema\/logo\/image\/","url":"https:\/\/i0.wp.com\/iberoleonenvio.com\/website_f1c4f9f2\/wp-content\/uploads\/2022\/04\/cropped-logo_pulso.png?fit=347%2C101&ssl=1","contentUrl":"https:\/\/i0.wp.com\/iberoleonenvio.com\/website_f1c4f9f2\/wp-content\/uploads\/2022\/04\/cropped-logo_pulso.png?fit=347%2C101&ssl=1","width":347,"height":101,"caption":"Pulso"},"image":{"@id":"https:\/\/iberoleonenvio.com\/website_f1c4f9f2\/#\/schema\/logo\/image\/"}},{"@type":"Person","@id":"https:\/\/iberoleonenvio.com\/website_f1c4f9f2\/#\/schema\/person\/e05285d2ac1b686990b936521536478d","name":"cacho","sameAs":["https:\/\/iberoleonenvio.com\/website_f1c4f9f2"],"url":"https:\/\/iberoleonenvio.com\/website_f1c4f9f2\/author\/cacho\/"}]}},"jetpack_featured_media_url":"https:\/\/i0.wp.com\/iberoleonenvio.com\/website_f1c4f9f2\/wp-content\/uploads\/2025\/06\/32545884693_42d7cfc2a0_o-%C2%A9-Mazurcatholicnews.org_.uk_.jpg?fit=2000%2C1556&ssl=1","jetpack_sharing_enabled":true,"_links":{"self":[{"href":"https:\/\/iberoleonenvio.com\/website_f1c4f9f2\/wp-json\/wp\/v2\/posts\/12137","targetHints":{"allow":["GET"]}}],"collection":[{"href":"https:\/\/iberoleonenvio.com\/website_f1c4f9f2\/wp-json\/wp\/v2\/posts"}],"about":[{"href":"https:\/\/iberoleonenvio.com\/website_f1c4f9f2\/wp-json\/wp\/v2\/types\/post"}],"author":[{"embeddable":true,"href":"https:\/\/iberoleonenvio.com\/website_f1c4f9f2\/wp-json\/wp\/v2\/users\/1"}],"replies":[{"embeddable":true,"href":"https:\/\/iberoleonenvio.com\/website_f1c4f9f2\/wp-json\/wp\/v2\/comments?post=12137"}],"version-history":[{"count":10,"href":"https:\/\/iberoleonenvio.com\/website_f1c4f9f2\/wp-json\/wp\/v2\/posts\/12137\/revisions"}],"predecessor-version":[{"id":12282,"href":"https:\/\/iberoleonenvio.com\/website_f1c4f9f2\/wp-json\/wp\/v2\/posts\/12137\/revisions\/12282"}],"wp:featuredmedia":[{"embeddable":true,"href":"https:\/\/iberoleonenvio.com\/website_f1c4f9f2\/wp-json\/wp\/v2\/media\/12154"}],"wp:attachment":[{"href":"https:\/\/iberoleonenvio.com\/website_f1c4f9f2\/wp-json\/wp\/v2\/media?parent=12137"}],"wp:term":[{"taxonomy":"category","embeddable":true,"href":"https:\/\/iberoleonenvio.com\/website_f1c4f9f2\/wp-json\/wp\/v2\/categories?post=12137"},{"taxonomy":"post_tag","embeddable":true,"href":"https:\/\/iberoleonenvio.com\/website_f1c4f9f2\/wp-json\/wp\/v2\/tags?post=12137"}],"curies":[{"name":"wp","href":"https:\/\/api.w.org\/{rel}","templated":true}]}}