{"id":13571,"date":"2025-12-05T16:37:20","date_gmt":"2025-12-05T16:37:20","guid":{"rendered":"https:\/\/iberoleonenvio.com\/website_f1c4f9f2\/?p=13571"},"modified":"2025-12-05T22:53:20","modified_gmt":"2025-12-05T22:53:20","slug":"rectores-del-suj-llaman-a-priorizar-la-salud-mental-universitaria-en-la-fil-guadalajara-2","status":"publish","type":"post","link":"https:\/\/iberoleonenvio.com\/website_f1c4f9f2\/rectores-del-suj-llaman-a-priorizar-la-salud-mental-universitaria-en-la-fil-guadalajara-2\/","title":{"rendered":"Rectores del SUJ llaman a priorizar la salud mental universitaria en la FIL Guadalajara\u00a0"},"content":{"rendered":"\t\t<div data-elementor-type=\"wp-post\" data-elementor-id=\"13571\" class=\"elementor elementor-13571\">\n\t\t\t\t\t\t<section class=\"elementor-section elementor-top-section elementor-element elementor-element-eb1158a elementor-section-full_width elementor-section-stretched elementor-section-height-default elementor-section-height-default e-parent\" data-id=\"eb1158a\" data-element_type=\"section\" data-e-type=\"section\" data-settings=\"{&quot;stretch_section&quot;:&quot;section-stretched&quot;}\">\n\t\t\t\t\t\t<div class=\"elementor-container elementor-column-gap-no\">\n\t\t\t\t\t<div class=\"elementor-column elementor-col-100 elementor-top-column elementor-element elementor-element-04bfa96 lakit-col-width-auto-no\" data-id=\"04bfa96\" data-element_type=\"column\" data-e-type=\"column\">\n\t\t\t<div class=\"elementor-widget-wrap elementor-element-populated\">\n\t\t\t\t\t\t<div class=\"elementor-element elementor-element-92891d7 elementor-widget__width-initial cabecera-articulo elementor-widget elementor-widget-heading\" data-id=\"92891d7\" data-element_type=\"widget\" data-e-type=\"widget\" data-widget_type=\"heading.default\">\n\t\t\t\t<div class=\"elementor-widget-container\">\n\t\t\t\t\t<h2 class=\"elementor-heading-title elementor-size-large\">\n\n\n\n\n\n\n\n<\/h2>\t\t\t\t<\/div>\n\t\t\t\t<\/div>\n\t\t\t\t\t<\/div>\n\t\t<\/div>\n\t\t\t\t\t<\/div>\n\t\t<\/section>\n\t\t\t\t<section class=\"elementor-section elementor-top-section elementor-element elementor-element-1b06fc3 elementor-section-content-middle elementor-section-boxed elementor-section-height-default elementor-section-height-default e-parent\" data-id=\"1b06fc3\" data-element_type=\"section\" data-e-type=\"section\">\n\t\t\t\t\t\t<div class=\"elementor-container elementor-column-gap-no\">\n\t\t\t\t\t<div class=\"elementor-column elementor-col-66 elementor-top-column elementor-element elementor-element-db327b6 lakit-col-width-auto-no\" data-id=\"db327b6\" data-element_type=\"column\" data-e-type=\"column\">\n\t\t\t<div class=\"elementor-widget-wrap elementor-element-populated\">\n\t\t\t\t\t\t<div class=\"elementor-element elementor-element-2911c28 eael-dual-header-content-align-left elementor-widget elementor-widget-eael-dual-color-header\" data-id=\"2911c28\" data-element_type=\"widget\" data-e-type=\"widget\" data-widget_type=\"eael-dual-color-header.default\">\n\t\t\t\t<div class=\"elementor-widget-container\">\n\t\t\t\t\t\t\t\t<div class=\"eael-dual-header\">\n\t\t\t\t<h2 class=\"title eael-dch-title\"><span class=\"eael-dch-title-text eael-dch-title-lead lead solid-color\">Rectores del SUJ llaman a <\/span> <span class=\"eael-dch-title-text\">priorizar la salud mental universitaria en la FIL Guadalajara <\/span><\/h2>\t\t\t<\/div>\n\n\t\t\t\t\t\t<\/div>\n\t\t\t\t<\/div>\n\t\t\t\t<section class=\"elementor-section elementor-inner-section elementor-element elementor-element-4944cb9 elementor-section-boxed elementor-section-height-default elementor-section-height-default\" data-id=\"4944cb9\" data-element_type=\"section\" data-e-type=\"section\">\n\t\t\t\t\t\t<div class=\"elementor-container elementor-column-gap-default\">\n\t\t\t\t\t<div class=\"elementor-column elementor-col-50 elementor-inner-column elementor-element elementor-element-8217f20 lakit-col-width-auto-no\" data-id=\"8217f20\" data-element_type=\"column\" data-e-type=\"column\">\n\t\t\t<div class=\"elementor-widget-wrap\">\n\t\t\t\t\t\t\t<\/div>\n\t\t<\/div>\n\t\t\t\t<div class=\"elementor-column elementor-col-50 elementor-inner-column elementor-element elementor-element-d1293ed lakit-col-width-auto-no\" data-id=\"d1293ed\" data-element_type=\"column\" data-e-type=\"column\">\n\t\t\t<div class=\"elementor-widget-wrap elementor-element-populated\">\n\t\t\t\t\t\t<div class=\"elementor-element elementor-element-93a35a8 elementor-widget elementor-widget-text-editor\" data-id=\"93a35a8\" data-element_type=\"widget\" data-e-type=\"widget\" data-widget_type=\"text-editor.default\">\n\t\t\t\t<div class=\"elementor-widget-container\">\n\t\t\t\t\t\t\t\t\t<p style=\"text-align: right;\">Con informaci\u00f3n de Ibero Ciudad de M\u00e9xico<\/p>\t\t\t\t\t\t\t\t<\/div>\n\t\t\t\t<\/div>\n\t\t\t\t\t<\/div>\n\t\t<\/div>\n\t\t\t\t\t<\/div>\n\t\t<\/section>\n\t\t\t\t\t<\/div>\n\t\t<\/div>\n\t\t\t\t<div class=\"elementor-column elementor-col-33 elementor-top-column elementor-element elementor-element-1b3cf7b lakit-col-width-auto-no\" data-id=\"1b3cf7b\" data-element_type=\"column\" data-e-type=\"column\">\n\t\t\t<div class=\"elementor-widget-wrap elementor-element-populated\">\n\t\t\t\t\t\t<div class=\"elementor-element elementor-element-369980b elementor-widget__width-auto elementor-widget elementor-widget-jblog_post_category\" data-id=\"369980b\" data-element_type=\"widget\" data-e-type=\"widget\" data-widget_type=\"jblog_post_category.default\">\n\t\t\t\t<div class=\"elementor-widget-container\">\n\t\t\t\t\t<div  class=\"jblog-post-category-elements jblog-post-category right jeg_module___69eed72487cd1 numero-actual  \"><a href=\"https:\/\/iberoleonenvio.com\/website_f1c4f9f2\/category\/numero-47-diciembre-2025\/\" class=\"category-numero-47-diciembre-2025\">N\u00famero 47 - Diciembre 2025<\/a><\/div>\t\t\t\t<\/div>\n\t\t\t\t<\/div>\n\t\t\t\t\t<\/div>\n\t\t<\/div>\n\t\t\t\t\t<\/div>\n\t\t<\/section>\n\t\t\t\t<section class=\"elementor-section elementor-top-section elementor-element elementor-element-6732a7a elementor-section-boxed elementor-section-height-default elementor-section-height-default e-parent\" data-id=\"6732a7a\" data-element_type=\"section\" data-e-type=\"section\">\n\t\t\t\t\t\t<div class=\"elementor-container elementor-column-gap-default\">\n\t\t\t\t\t<div class=\"elementor-column elementor-col-66 elementor-top-column elementor-element elementor-element-d7e31b3 lakit-col-width-auto-no\" data-id=\"d7e31b3\" data-element_type=\"column\" data-e-type=\"column\">\n\t\t\t<div class=\"elementor-widget-wrap elementor-element-populated\">\n\t\t\t\t\t\t<div class=\"elementor-element elementor-element-dfceae0 elementor-widget__width-initial elementor-widget elementor-widget-text-editor\" data-id=\"dfceae0\" data-element_type=\"widget\" data-e-type=\"widget\" data-widget_type=\"text-editor.default\">\n\t\t\t\t<div class=\"elementor-widget-container\">\n\t\t\t\t\t\t\t\t\t<p><span data-contrast=\"none\">En el marco de la Feria Internacional del Libro de Guadalajara, rectores del Sistema Universitario Jesuita (SUJ) participaron en una mesa de di\u00e1logo donde coincidieron en la necesidad de fortalecer la\u202f<\/span><b><span data-contrast=\"none\">salud mental<\/span><\/b><span data-contrast=\"none\">\u202fcomo eje estrat\u00e9gico de las instituciones de educaci\u00f3n superior.<\/span><span data-ccp-props=\"{}\">\u00a0<\/span><\/p><p><span data-contrast=\"none\">El\u202f<\/span><b><span data-contrast=\"none\">Mtro. Luis Alfonso Gonz\u00e1lez Valencia<\/span><\/b><span data-contrast=\"none\">, Rector de la\u202f<\/span><b><span data-contrast=\"none\">IBERO Le\u00f3n<\/span><\/b><span data-contrast=\"none\">, aport\u00f3 datos que reflejan la urgencia de atender el tema:\u202f<\/span><b><span data-contrast=\"none\">uno de cada siete j\u00f3venes de entre 10 y 19 a\u00f1os padece un trastorno mental<\/span><\/b><span data-contrast=\"none\">, y el\u202f<\/span><b><span data-contrast=\"none\">suicidio es la tercera causa de muerte entre j\u00f3venes de 15 a 29 a\u00f1os<\/span><\/b><span data-contrast=\"none\">. \u201c<\/span><b><span data-contrast=\"none\">Hablar de salud mental hoy no es una opci\u00f3n, es una necesidad \u00e9tica<\/span><\/b><span data-contrast=\"none\">\u201d, afirm\u00f3. Subray\u00f3 adem\u00e1s que\u202f<\/span><b><span data-contrast=\"none\">\u201cno hay futuro universitario sin cuidado de la salud mental\u201d<\/span><\/b><span data-contrast=\"none\">, e hizo un llamado a profundizar las acciones de prevenci\u00f3n, acompa\u00f1amiento y formaci\u00f3n socioemocional.<\/span><span data-ccp-props=\"{}\">\u00a0<\/span><\/p>\t\t\t\t\t\t\t\t<\/div>\n\t\t\t\t<\/div>\n\t\t\t\t<div class=\"elementor-element elementor-element-11aa551 elementor-widget elementor-widget-image\" data-id=\"11aa551\" data-element_type=\"widget\" data-e-type=\"widget\" data-widget_type=\"image.default\">\n\t\t\t\t<div class=\"elementor-widget-container\">\n\t\t\t\t\t\t\t\t\t\t\t\t\t\t\t<img fetchpriority=\"high\" decoding=\"async\" width=\"800\" height=\"534\" src=\"https:\/\/i0.wp.com\/iberoleonenvio.com\/website_f1c4f9f2\/wp-content\/uploads\/2025\/12\/whatsapp_image_2025-12-01_at_09.00.191.jpeg?fit=800%2C534&amp;ssl=1\" class=\"attachment-large size-large wp-image-13663\" alt=\"\" srcset=\"https:\/\/i0.wp.com\/iberoleonenvio.com\/website_f1c4f9f2\/wp-content\/uploads\/2025\/12\/whatsapp_image_2025-12-01_at_09.00.191.jpeg?w=1200&amp;ssl=1 1200w, https:\/\/i0.wp.com\/iberoleonenvio.com\/website_f1c4f9f2\/wp-content\/uploads\/2025\/12\/whatsapp_image_2025-12-01_at_09.00.191.jpeg?resize=300%2C200&amp;ssl=1 300w, https:\/\/i0.wp.com\/iberoleonenvio.com\/website_f1c4f9f2\/wp-content\/uploads\/2025\/12\/whatsapp_image_2025-12-01_at_09.00.191.jpeg?resize=1024%2C683&amp;ssl=1 1024w, https:\/\/i0.wp.com\/iberoleonenvio.com\/website_f1c4f9f2\/wp-content\/uploads\/2025\/12\/whatsapp_image_2025-12-01_at_09.00.191.jpeg?resize=768%2C512&amp;ssl=1 768w, https:\/\/i0.wp.com\/iberoleonenvio.com\/website_f1c4f9f2\/wp-content\/uploads\/2025\/12\/whatsapp_image_2025-12-01_at_09.00.191.jpeg?resize=500%2C333&amp;ssl=1 500w, https:\/\/i0.wp.com\/iberoleonenvio.com\/website_f1c4f9f2\/wp-content\/uploads\/2025\/12\/whatsapp_image_2025-12-01_at_09.00.191.jpeg?resize=700%2C467&amp;ssl=1 700w, https:\/\/i0.wp.com\/iberoleonenvio.com\/website_f1c4f9f2\/wp-content\/uploads\/2025\/12\/whatsapp_image_2025-12-01_at_09.00.191.jpeg?resize=750%2C500&amp;ssl=1 750w, https:\/\/i0.wp.com\/iberoleonenvio.com\/website_f1c4f9f2\/wp-content\/uploads\/2025\/12\/whatsapp_image_2025-12-01_at_09.00.191.jpeg?resize=1140%2C760&amp;ssl=1 1140w\" sizes=\"(max-width: 800px) 100vw, 800px\" \/>\t\t\t\t\t\t\t\t\t\t\t\t\t\t\t<\/div>\n\t\t\t\t<\/div>\n\t\t\t\t<div class=\"elementor-element elementor-element-7062b6c elementor-widget__width-initial elementor-widget elementor-widget-text-editor\" data-id=\"7062b6c\" data-element_type=\"widget\" data-e-type=\"widget\" data-widget_type=\"text-editor.default\">\n\t\t\t\t<div class=\"elementor-widget-container\">\n\t\t\t\t\t\t\t\t\t<p><span data-contrast=\"none\">El\u202f<b> <\/b><\/span><b><span data-contrast=\"none\">Dr. Luis Arriaga Valenzuela, S. J.<\/span><\/b><span data-contrast=\"none\">\u202f(IBERO CDMX) subray\u00f3 que la comunidad universitaria enfrenta niveles crecientes de\u202f<\/span><b><span data-contrast=\"none\">ansiedad, desmotivaci\u00f3n y fatiga emocional<\/span><\/b><span data-contrast=\"none\">, y destac\u00f3 el modelo de acompa\u00f1amiento integral que su instituci\u00f3n ha impulsado para responder a estas necesidades.<\/span><span data-ccp-props=\"{}\">\u00a0<\/span><\/p><p><span data-contrast=\"none\">El\u202f<\/span><b><span data-contrast=\"none\">Dr. Alexander Zatyrka, S. J.<\/span><\/b><span data-contrast=\"none\">\u202f(ITESO Universidad Jesuita de Guadalajara) alert\u00f3 sobre el incremento de la\u202f<\/span><b><span data-contrast=\"none\">ideaci\u00f3n suicida<\/span><\/b><span data-contrast=\"none\">\u202fen j\u00f3venes que no desarrollaron autonom\u00eda emocional tras la pandemia, mientras que el\u202f<\/span><b><span data-contrast=\"none\">Dr. Alejandro Guevara Sangin\u00e9s<\/span><\/b><span data-contrast=\"none\">\u202f(IBERO Puebla) se\u00f1al\u00f3 que la demanda de atenci\u00f3n psicol\u00f3gica se ha incrementado notablemente, especialmente en perfiles estudiantiles que requieren canalizaci\u00f3n oportuna.<\/span><span data-ccp-props=\"{}\">\u00a0<\/span><\/p><p><b><span data-contrast=\"none\">Hacia una cultura de cuidado<\/span><\/b><span data-ccp-props=\"{}\">\u00a0<\/span><\/p><p><span data-contrast=\"none\">Los rectores coincidieron en que la salud mental es un desaf\u00edo acad\u00e9mico, social y espiritual. El Padre Luis Alfonso Gonz\u00e1lez resumi\u00f3 la misi\u00f3n com\u00fan:\u202f<\/span><b><span data-contrast=\"none\">\u201cla universidad no solo ense\u00f1a a pensar el mundo, sino tambi\u00e9n a habitarlo con mayor humanidad\u201d<\/span><\/b><span data-contrast=\"none\">. Reiteraron su compromiso con la construcci\u00f3n de universidades que cuiden, acompa\u00f1en y sostengan a sus comunidades, fortaleciendo entornos donde el bienestar sea parte de la vida cotidiana.<\/span><span data-ccp-props=\"{}\">\u00a0<\/span><\/p>\t\t\t\t\t\t\t\t<\/div>\n\t\t\t\t<\/div>\n\t\t\t\t\t<\/div>\n\t\t<\/div>\n\t\t\t\t<div class=\"elementor-column elementor-col-33 elementor-top-column elementor-element elementor-element-30ca810 lakit-col-width-auto-no\" data-id=\"30ca810\" data-element_type=\"column\" data-e-type=\"column\">\n\t\t\t<div class=\"elementor-widget-wrap elementor-element-populated\">\n\t\t\t\t\t\t<div class=\"elementor-element elementor-element-70ab3ca elementor-widget elementor-widget-wp-widget-search\" data-id=\"70ab3ca\" data-element_type=\"widget\" data-e-type=\"widget\" data-widget_type=\"wp-widget-search.default\">\n\t\t\t\t<div class=\"elementor-widget-container\">\n\t\t\t\t\t<form  class=\"is-search-form is-form-style is-form-style-2 is-form-id-7 \" action=\"https:\/\/iberoleonenvio.com\/website_f1c4f9f2\/\" method=\"get\" role=\"search\" ><label for=\"is-search-input-7\"><span class=\"is-screen-reader-text\">Search for:<\/span><input  type=\"search\" id=\"is-search-input-7\" name=\"s\" value=\"\" class=\"is-search-input\" placeholder=\"Buscar\" autocomplete=off \/><\/label><\/form>\t\t\t\t<\/div>\n\t\t\t\t<\/div>\n\t\t\t\t<div class=\"elementor-element elementor-element-a2abf3e eael-dual-header-content-align-left elementor-widget elementor-widget-eael-dual-color-header\" data-id=\"a2abf3e\" data-element_type=\"widget\" data-e-type=\"widget\" data-widget_type=\"eael-dual-color-header.default\">\n\t\t\t\t<div class=\"elementor-widget-container\">\n\t\t\t\t\t\t\t\t<div class=\"eael-dual-header\">\n\t\t\t\t<h2 class=\"title eael-dch-title\"><span class=\"eael-dch-title-text eael-dch-title-lead lead solid-color\">EN ESTE<\/span> <span class=\"eael-dch-title-text\">N\u00daMERO<\/span><\/h2>\t\t\t<\/div>\n\n\t\t\t\t\t\t<\/div>\n\t\t\t\t<\/div>\n\t\t\t\t<div class=\"elementor-element elementor-element-cea8f06 elementor-widget elementor-widget-jblog_block_20\" data-id=\"cea8f06\" data-element_type=\"widget\" data-e-type=\"widget\" data-widget_type=\"jblog_block_20.default\">\n\t\t\t\t<div class=\"elementor-widget-container\">\n\t\t\t\t\t<div  class=\"jblog_postblock_20 jeg_postblock jeg_pagination_disable jeg_module__1_69eed7248931e   \" data-unique=\"jeg_module__1_69eed7248931e\"><div class=\"jeg_block_container\"><div class=\"jeg_posts jblog_ajax_flag\">\n                <article class=\"jeg_post post-13524 post type-post status-publish format-standard has-post-thumbnail hentry category-numero-47-diciembre-2025\">\n\t\t\t\t<div class=\"jeg_thumb\">\n                    \n                    <a href=\"https:\/\/iberoleonenvio.com\/website_f1c4f9f2\/conciencia-social-desde-el-diseno-de-producto\/\"><div class=\"thumbnail-container  size-1000\"><img decoding=\"async\" width=\"750\" height=\"500\" src=\"https:\/\/i0.wp.com\/iberoleonenvio.com\/website_f1c4f9f2\/wp-content\/uploads\/2025\/12\/DSC_8199-copia.jpg?resize=750%2C500&amp;ssl=1\" class=\"attachment-jeg-featured-750 size-jeg-featured-750 wp-post-image\" alt=\"\" srcset=\"https:\/\/i0.wp.com\/iberoleonenvio.com\/website_f1c4f9f2\/wp-content\/uploads\/2025\/12\/DSC_8199-copia.jpg?w=1837&amp;ssl=1 1837w, https:\/\/i0.wp.com\/iberoleonenvio.com\/website_f1c4f9f2\/wp-content\/uploads\/2025\/12\/DSC_8199-copia.jpg?resize=300%2C200&amp;ssl=1 300w, https:\/\/i0.wp.com\/iberoleonenvio.com\/website_f1c4f9f2\/wp-content\/uploads\/2025\/12\/DSC_8199-copia.jpg?resize=1024%2C683&amp;ssl=1 1024w, https:\/\/i0.wp.com\/iberoleonenvio.com\/website_f1c4f9f2\/wp-content\/uploads\/2025\/12\/DSC_8199-copia.jpg?resize=768%2C512&amp;ssl=1 768w, https:\/\/i0.wp.com\/iberoleonenvio.com\/website_f1c4f9f2\/wp-content\/uploads\/2025\/12\/DSC_8199-copia.jpg?resize=1536%2C1024&amp;ssl=1 1536w, https:\/\/i0.wp.com\/iberoleonenvio.com\/website_f1c4f9f2\/wp-content\/uploads\/2025\/12\/DSC_8199-copia.jpg?resize=500%2C333&amp;ssl=1 500w, https:\/\/i0.wp.com\/iberoleonenvio.com\/website_f1c4f9f2\/wp-content\/uploads\/2025\/12\/DSC_8199-copia.jpg?resize=700%2C467&amp;ssl=1 700w, https:\/\/i0.wp.com\/iberoleonenvio.com\/website_f1c4f9f2\/wp-content\/uploads\/2025\/12\/DSC_8199-copia.jpg?resize=1200%2C800&amp;ssl=1 1200w, https:\/\/i0.wp.com\/iberoleonenvio.com\/website_f1c4f9f2\/wp-content\/uploads\/2025\/12\/DSC_8199-copia.jpg?resize=750%2C500&amp;ssl=1 750w, https:\/\/i0.wp.com\/iberoleonenvio.com\/website_f1c4f9f2\/wp-content\/uploads\/2025\/12\/DSC_8199-copia.jpg?resize=1140%2C760&amp;ssl=1 1140w, https:\/\/i0.wp.com\/iberoleonenvio.com\/website_f1c4f9f2\/wp-content\/uploads\/2025\/12\/DSC_8199-copia.jpg?w=1600&amp;ssl=1 1600w\" sizes=\"(max-width: 750px) 100vw, 750px\" \/><\/div><\/a>\n                <\/div>\n                <div class=\"jeg_postblock_content\">\n                \t<div class=\"jeg_post_category\">\n                        <span><a href=\"https:\/\/iberoleonenvio.com\/website_f1c4f9f2\/category\/numero-47-diciembre-2025\/\" class=\"category-numero-47-diciembre-2025\">N\u00famero 47 - Diciembre 2025<\/a><\/span>\n                    <\/div>\n                    <h3 class=\"jeg_post_title\">\n                        <a href=\"https:\/\/iberoleonenvio.com\/website_f1c4f9f2\/conciencia-social-desde-el-diseno-de-producto\/\">Conciencia Social desde el Dise\u00f1o de Producto\u00a0<\/a>\n                    <\/h3>\n                    <div class=\"jeg_post_meta\"><div class=\"jeg_meta_author\"><span class=\"by\">by<\/span> <a href=\"https:\/\/iberoleonenvio.com\/website_f1c4f9f2\/author\/cacho\/\">cacho<\/a><\/div><div class=\"jeg_meta_date\">diciembre 5, 2025<\/div><\/div>\n                <\/div>\n            <\/article><article class=\"jeg_post post-13540 post type-post status-publish format-standard has-post-thumbnail hentry category-numero-47-diciembre-2025\">\n\t\t\t\t<div class=\"jeg_thumb\">\n                    \n                    <a href=\"https:\/\/iberoleonenvio.com\/website_f1c4f9f2\/ibero-leon-institucion-colaboradora-y-observadora-en-seleccion-de-aspirantes-a-notarias-en-guanajuato-2\/\"><div class=\"thumbnail-container  size-1000\"><img decoding=\"async\" width=\"750\" height=\"500\" src=\"https:\/\/i0.wp.com\/iberoleonenvio.com\/website_f1c4f9f2\/wp-content\/uploads\/2025\/12\/IMAGEN-5-1.jpeg?resize=750%2C500&amp;ssl=1\" class=\"attachment-jeg-featured-750 size-jeg-featured-750 wp-post-image\" alt=\"\" srcset=\"https:\/\/i0.wp.com\/iberoleonenvio.com\/website_f1c4f9f2\/wp-content\/uploads\/2025\/12\/IMAGEN-5-1.jpeg?w=1116&amp;ssl=1 1116w, https:\/\/i0.wp.com\/iberoleonenvio.com\/website_f1c4f9f2\/wp-content\/uploads\/2025\/12\/IMAGEN-5-1.jpeg?resize=300%2C200&amp;ssl=1 300w, https:\/\/i0.wp.com\/iberoleonenvio.com\/website_f1c4f9f2\/wp-content\/uploads\/2025\/12\/IMAGEN-5-1.jpeg?resize=1024%2C683&amp;ssl=1 1024w, https:\/\/i0.wp.com\/iberoleonenvio.com\/website_f1c4f9f2\/wp-content\/uploads\/2025\/12\/IMAGEN-5-1.jpeg?resize=768%2C512&amp;ssl=1 768w, https:\/\/i0.wp.com\/iberoleonenvio.com\/website_f1c4f9f2\/wp-content\/uploads\/2025\/12\/IMAGEN-5-1.jpeg?resize=500%2C333&amp;ssl=1 500w, https:\/\/i0.wp.com\/iberoleonenvio.com\/website_f1c4f9f2\/wp-content\/uploads\/2025\/12\/IMAGEN-5-1.jpeg?resize=700%2C467&amp;ssl=1 700w, https:\/\/i0.wp.com\/iberoleonenvio.com\/website_f1c4f9f2\/wp-content\/uploads\/2025\/12\/IMAGEN-5-1.jpeg?resize=750%2C500&amp;ssl=1 750w\" sizes=\"(max-width: 750px) 100vw, 750px\" \/><\/div><\/a>\n                <\/div>\n                <div class=\"jeg_postblock_content\">\n                \t<div class=\"jeg_post_category\">\n                        <span><a href=\"https:\/\/iberoleonenvio.com\/website_f1c4f9f2\/category\/numero-47-diciembre-2025\/\" class=\"category-numero-47-diciembre-2025\">N\u00famero 47 - Diciembre 2025<\/a><\/span>\n                    <\/div>\n                    <h3 class=\"jeg_post_title\">\n                        <a href=\"https:\/\/iberoleonenvio.com\/website_f1c4f9f2\/ibero-leon-institucion-colaboradora-y-observadora-en-seleccion-de-aspirantes-a-notarias-en-guanajuato-2\/\">Ibero Le\u00f3n, instituci\u00f3n colaboradora y observadora en selecci\u00f3n de aspirantes a notar\u00edas en Guanajuato\u00a0<\/a>\n                    <\/h3>\n                    <div class=\"jeg_post_meta\"><div class=\"jeg_meta_author\"><span class=\"by\">by<\/span> <a href=\"https:\/\/iberoleonenvio.com\/website_f1c4f9f2\/author\/cacho\/\">cacho<\/a><\/div><div class=\"jeg_meta_date\">diciembre 5, 2025<\/div><\/div>\n                <\/div>\n            <\/article><article class=\"jeg_post post-13548 post type-post status-publish format-standard has-post-thumbnail hentry category-numero-47-diciembre-2025\">\n\t\t\t\t<div class=\"jeg_thumb\">\n                    \n                    <a href=\"https:\/\/iberoleonenvio.com\/website_f1c4f9f2\/13-estudiantes-de-ibero-leon-egresan-del-pliul-reconocen-su-consciencia-critica-espiritu-de-servicio-y-comprension-de-la-realidad\/\"><div class=\"thumbnail-container  size-1000\"><img loading=\"lazy\" decoding=\"async\" width=\"750\" height=\"500\" src=\"https:\/\/i0.wp.com\/iberoleonenvio.com\/website_f1c4f9f2\/wp-content\/uploads\/2025\/12\/DSC_8042.jpg?resize=750%2C500&amp;ssl=1\" class=\"attachment-jeg-featured-750 size-jeg-featured-750 wp-post-image\" alt=\"\" srcset=\"https:\/\/i0.wp.com\/iberoleonenvio.com\/website_f1c4f9f2\/wp-content\/uploads\/2025\/12\/DSC_8042.jpg?w=1837&amp;ssl=1 1837w, https:\/\/i0.wp.com\/iberoleonenvio.com\/website_f1c4f9f2\/wp-content\/uploads\/2025\/12\/DSC_8042.jpg?resize=300%2C200&amp;ssl=1 300w, https:\/\/i0.wp.com\/iberoleonenvio.com\/website_f1c4f9f2\/wp-content\/uploads\/2025\/12\/DSC_8042.jpg?resize=1024%2C683&amp;ssl=1 1024w, https:\/\/i0.wp.com\/iberoleonenvio.com\/website_f1c4f9f2\/wp-content\/uploads\/2025\/12\/DSC_8042.jpg?resize=768%2C512&amp;ssl=1 768w, https:\/\/i0.wp.com\/iberoleonenvio.com\/website_f1c4f9f2\/wp-content\/uploads\/2025\/12\/DSC_8042.jpg?resize=1536%2C1024&amp;ssl=1 1536w, https:\/\/i0.wp.com\/iberoleonenvio.com\/website_f1c4f9f2\/wp-content\/uploads\/2025\/12\/DSC_8042.jpg?resize=500%2C333&amp;ssl=1 500w, https:\/\/i0.wp.com\/iberoleonenvio.com\/website_f1c4f9f2\/wp-content\/uploads\/2025\/12\/DSC_8042.jpg?resize=700%2C467&amp;ssl=1 700w, https:\/\/i0.wp.com\/iberoleonenvio.com\/website_f1c4f9f2\/wp-content\/uploads\/2025\/12\/DSC_8042.jpg?resize=1200%2C800&amp;ssl=1 1200w, https:\/\/i0.wp.com\/iberoleonenvio.com\/website_f1c4f9f2\/wp-content\/uploads\/2025\/12\/DSC_8042.jpg?resize=750%2C500&amp;ssl=1 750w, https:\/\/i0.wp.com\/iberoleonenvio.com\/website_f1c4f9f2\/wp-content\/uploads\/2025\/12\/DSC_8042.jpg?resize=1140%2C760&amp;ssl=1 1140w, https:\/\/i0.wp.com\/iberoleonenvio.com\/website_f1c4f9f2\/wp-content\/uploads\/2025\/12\/DSC_8042.jpg?w=1600&amp;ssl=1 1600w\" sizes=\"(max-width: 750px) 100vw, 750px\" \/><\/div><\/a>\n                <\/div>\n                <div class=\"jeg_postblock_content\">\n                \t<div class=\"jeg_post_category\">\n                        <span><a href=\"https:\/\/iberoleonenvio.com\/website_f1c4f9f2\/category\/numero-47-diciembre-2025\/\" class=\"category-numero-47-diciembre-2025\">N\u00famero 47 - Diciembre 2025<\/a><\/span>\n                    <\/div>\n                    <h3 class=\"jeg_post_title\">\n                        <a href=\"https:\/\/iberoleonenvio.com\/website_f1c4f9f2\/13-estudiantes-de-ibero-leon-egresan-del-pliul-reconocen-su-consciencia-critica-espiritu-de-servicio-y-comprension-de-la-realidad\/\">13 estudiantes de Ibero Le\u00f3n egresan del PLIUL; reconocen su consciencia cr\u00edtica, esp\u00edritu de servicio y comprensi\u00f3n de la realidad\u00a0<\/a>\n                    <\/h3>\n                    <div class=\"jeg_post_meta\"><div class=\"jeg_meta_author\"><span class=\"by\">by<\/span> <a href=\"https:\/\/iberoleonenvio.com\/website_f1c4f9f2\/author\/cacho\/\">cacho<\/a><\/div><div class=\"jeg_meta_date\">diciembre 5, 2025<\/div><\/div>\n                <\/div>\n            <\/article><article class=\"jeg_post post-13553 post type-post status-publish format-standard has-post-thumbnail hentry category-numero-47-diciembre-2025\">\n\t\t\t\t<div class=\"jeg_thumb\">\n                    \n                    <a href=\"https:\/\/iberoleonenvio.com\/website_f1c4f9f2\/ibero-leon-celebra-el-1er-desafio-emprendedor\/\"><div class=\"thumbnail-container  size-1000\"><img loading=\"lazy\" decoding=\"async\" width=\"750\" height=\"562\" src=\"https:\/\/i0.wp.com\/iberoleonenvio.com\/website_f1c4f9f2\/wp-content\/uploads\/2025\/12\/IMG_2477.jpg?resize=750%2C562&amp;ssl=1\" class=\"attachment-jeg-featured-750 size-jeg-featured-750 wp-post-image\" alt=\"\" srcset=\"https:\/\/i0.wp.com\/iberoleonenvio.com\/website_f1c4f9f2\/wp-content\/uploads\/2025\/12\/IMG_2477.jpg?w=1331&amp;ssl=1 1331w, https:\/\/i0.wp.com\/iberoleonenvio.com\/website_f1c4f9f2\/wp-content\/uploads\/2025\/12\/IMG_2477.jpg?resize=300%2C225&amp;ssl=1 300w, https:\/\/i0.wp.com\/iberoleonenvio.com\/website_f1c4f9f2\/wp-content\/uploads\/2025\/12\/IMG_2477.jpg?resize=1024%2C768&amp;ssl=1 1024w, https:\/\/i0.wp.com\/iberoleonenvio.com\/website_f1c4f9f2\/wp-content\/uploads\/2025\/12\/IMG_2477.jpg?resize=768%2C576&amp;ssl=1 768w, https:\/\/i0.wp.com\/iberoleonenvio.com\/website_f1c4f9f2\/wp-content\/uploads\/2025\/12\/IMG_2477.jpg?resize=500%2C375&amp;ssl=1 500w, https:\/\/i0.wp.com\/iberoleonenvio.com\/website_f1c4f9f2\/wp-content\/uploads\/2025\/12\/IMG_2477.jpg?resize=800%2C600&amp;ssl=1 800w, https:\/\/i0.wp.com\/iberoleonenvio.com\/website_f1c4f9f2\/wp-content\/uploads\/2025\/12\/IMG_2477.jpg?resize=700%2C525&amp;ssl=1 700w, https:\/\/i0.wp.com\/iberoleonenvio.com\/website_f1c4f9f2\/wp-content\/uploads\/2025\/12\/IMG_2477.jpg?resize=750%2C562&amp;ssl=1 750w, https:\/\/i0.wp.com\/iberoleonenvio.com\/website_f1c4f9f2\/wp-content\/uploads\/2025\/12\/IMG_2477.jpg?resize=1140%2C855&amp;ssl=1 1140w\" sizes=\"(max-width: 750px) 100vw, 750px\" \/><\/div><\/a>\n                <\/div>\n                <div class=\"jeg_postblock_content\">\n                \t<div class=\"jeg_post_category\">\n                        <span><a href=\"https:\/\/iberoleonenvio.com\/website_f1c4f9f2\/category\/numero-47-diciembre-2025\/\" class=\"category-numero-47-diciembre-2025\">N\u00famero 47 - Diciembre 2025<\/a><\/span>\n                    <\/div>\n                    <h3 class=\"jeg_post_title\">\n                        <a href=\"https:\/\/iberoleonenvio.com\/website_f1c4f9f2\/ibero-leon-celebra-el-1er-desafio-emprendedor\/\">Ibero Le\u00f3n celebra el 1er \u2018Desaf\u00edo Emprendedor\u2019\u00a0<\/a>\n                    <\/h3>\n                    <div class=\"jeg_post_meta\"><div class=\"jeg_meta_author\"><span class=\"by\">by<\/span> <a href=\"https:\/\/iberoleonenvio.com\/website_f1c4f9f2\/author\/cacho\/\">cacho<\/a><\/div><div class=\"jeg_meta_date\">diciembre 5, 2025<\/div><\/div>\n                <\/div>\n            <\/article>\n            <\/div><\/div>\n\t\t\t\t<div class=\"jeg_block_pagination jeg_align\"><\/div><script>var jeg_module__1_69eed7248931e = {\"compatible_column_notice\":\"info\",\"post_type\":\"post\",\"number_post\":{\"unit\":\"px\",\"size\":4,\"sizes\":[]},\"post_offset\":0,\"unique_content\":\"disable\",\"include_post\":\"\",\"exclude_post\":\"\",\"include_category\":\"54\",\"exclude_category\":\"\",\"include_author\":\"\",\"include_tag\":\"\",\"exclude_tag\":\"\",\"sort_by\":\"oldest\",\"date_type\":\"published\",\"date_format\":\"default\",\"date_format_custom\":\"F j, Y\",\"pagination_mode\":\"disable\",\"pagination_number_post\":{\"unit\":\"px\",\"size\":3,\"sizes\":[]},\"pagination_scroll_limit\":0,\"el_id\":\"\",\"el_class\":\"\",\"css\":\"\",\"eael_image_masking_custom_clip_path\":\"clip-path: polygon(50% 0%, 80% 10%, 100% 35%, 100% 70%, 80% 90%, 50% 100%, 20% 90%, 0% 70%, 0% 35%, 20% 10%);\",\"eael_image_masking_custom_clip_path_hover\":\"clip-path: polygon(50% 0%, 80% 10%, 100% 35%, 100% 70%, 80% 90%, 50% 100%, 20% 90%, 0% 70%, 0% 35%, 20% 10%);\",\"_title\":\"\",\"_margin\":{\"unit\":\"px\",\"top\":\"\",\"right\":\"\",\"bottom\":\"\",\"left\":\"\",\"isLinked\":true},\"_padding\":{\"unit\":\"px\",\"top\":\"\",\"right\":\"\",\"bottom\":\"\",\"left\":\"\",\"isLinked\":true},\"_element_width\":\"\",\"_element_width_tablet\":\"\",\"_element_width_mobile\":\"\",\"_element_custom_width\":{\"unit\":\"%\",\"size\":\"\",\"sizes\":[]},\"_grid_column\":\"\",\"_grid_column_custom\":\"\",\"_grid_row\":\"\",\"_grid_row_custom\":\"\",\"_element_vertical_align\":\"\",\"_position_description\":\"\",\"_position\":\"\",\"_offset_orientation_h\":\"start\",\"_offset_x\":{\"unit\":\"px\",\"size\":0,\"sizes\":[]},\"_offset_x_end\":{\"unit\":\"px\",\"size\":0,\"sizes\":[]},\"_offset_orientation_v\":\"start\",\"_offset_y\":{\"unit\":\"px\",\"size\":0,\"sizes\":[]},\"_offset_y_end\":{\"unit\":\"px\",\"size\":0,\"sizes\":[]},\"_z_index\":\"\",\"_element_id\":\"\",\"_css_classes\":\"\",\"_element_cache\":\"\",\"_w_fullright\":\"\",\"eael_wrapper_link_switch\":\"\",\"eael_wrapper_link\":{\"url\":\"\",\"is_external\":\"\",\"nofollow\":\"\",\"custom_attributes\":\"\"},\"eael_wrapper_link_disable_traditional\":\"\",\"eael_hover_effect_switch\":\"\",\"eael_hover_effect_enable_live_changes\":\"\",\"eael_hover_effect_opacity_popover\":\"\",\"eael_hover_effect_opacity\":{\"unit\":\"px\",\"size\":0.8000000000000000444089209850062616169452667236328125,\"sizes\":[]},\"eael_hover_effect_filter_popover\":\"\",\"eael_hover_effect_blur_is_on\":\"\",\"eael_hover_effect_blur\":{\"unit\":\"px\",\"size\":1,\"sizes\":[]},\"eael_hover_effect_contrast_is_on\":\"\",\"eael_hover_effect_contrast\":{\"unit\":\"px\",\"size\":80,\"sizes\":[]},\"eael_hover_effect_grayscale_is_on\":\"\",\"eael_hover_effect_grayscal\":{\"unit\":\"px\",\"size\":40,\"sizes\":[]},\"eael_hover_effect_invert_is_on\":\"\",\"eael_hover_effect_invert\":{\"unit\":\"px\",\"size\":70,\"sizes\":[]},\"eael_hover_effect_saturate_is_on\":\"\",\"eael_hover_effect_saturate\":{\"unit\":\"px\",\"size\":50,\"sizes\":[]},\"eael_hover_effect_sepia_is_on\":\"\",\"eael_hover_effect_sepia\":{\"unit\":\"px\",\"size\":50,\"sizes\":[]},\"eael_hover_effect_offset_popover\":\"\",\"eael_hover_effect_offset_left\":{\"unit\":\"px\",\"size\":5,\"sizes\":[]},\"eael_hover_effect_offset_left_tablet\":{\"unit\":\"px\",\"size\":\"\",\"sizes\":[]},\"eael_hover_effect_offset_left_mobile\":{\"unit\":\"px\",\"size\":\"\",\"sizes\":[]},\"eael_hover_effect_offset_top\":{\"unit\":\"px\",\"size\":5,\"sizes\":[]},\"eael_hover_effect_offset_top_tablet\":{\"unit\":\"px\",\"size\":\"\",\"sizes\":[]},\"eael_hover_effect_offset_top_mobile\":{\"unit\":\"px\",\"size\":\"\",\"sizes\":[]},\"eael_hover_effect_transform_popover\":\"\",\"eael_hover_effect_rotate_is_on\":\"\",\"eael_hover_effect_transform_rotatex\":{\"unit\":\"px\",\"size\":0,\"sizes\":[]},\"eael_hover_effect_transform_rotatey\":{\"unit\":\"px\",\"size\":0,\"sizes\":[]},\"eael_hover_effect_transform_rotatez\":{\"unit\":\"px\",\"size\":5,\"sizes\":[]},\"eael_hover_effect_scale_is_on\":\"\",\"eael_hover_effect_transform_scalex\":{\"unit\":\"px\",\"size\":0.90000000000000002220446049250313080847263336181640625,\"sizes\":[]},\"eael_hover_effect_transform_scaley\":{\"unit\":\"px\",\"size\":0.90000000000000002220446049250313080847263336181640625,\"sizes\":[]},\"eael_hover_effect_skew_is_on\":\"\",\"eael_hover_effect_transform_skewx\":{\"unit\":\"px\",\"size\":5,\"sizes\":[]},\"eael_hover_effect_transform_skewy\":{\"unit\":\"px\",\"size\":5,\"sizes\":[]},\"eael_hover_effect_general_settings_duration\":{\"unit\":\"px\",\"size\":1000,\"sizes\":[]},\"eael_hover_effect_general_settings_delay\":{\"unit\":\"px\",\"size\":\"\",\"sizes\":[]},\"eael_hover_effect_general_settings_easing\":\"ease\",\"eael_hover_effect_opacity_popover_hover\":\"\",\"eael_hover_effect_opacity_hover\":{\"unit\":\"px\",\"size\":1,\"sizes\":[]},\"eael_hover_effect_filter_hover_popover\":\"\",\"eael_hover_effect_blur_hover_is_on\":\"\",\"eael_hover_effect_blur_hover\":{\"unit\":\"px\",\"size\":0,\"sizes\":[]},\"eael_hover_effect_contrast_hover_is_on\":\"\",\"eael_hover_effect_contrast_hover\":{\"unit\":\"%\",\"size\":100,\"sizes\":[]},\"eael_hover_effect_grayscale_hover_is_on\":\"\",\"eael_hover_effect_grayscal_hover\":{\"unit\":\"%\",\"size\":0,\"sizes\":[]},\"eael_hover_effect_invert_hover_is_on\":\"\",\"eael_hover_effect_invert_hover\":{\"unit\":\"%\",\"size\":0,\"sizes\":[]},\"eael_hover_effect_saturate_hover_is_on\":\"\",\"eael_hover_effect_saturate_hover\":{\"unit\":\"%\",\"size\":100,\"sizes\":[]},\"eael_hover_effect_sepia_hover_is_on\":\"\",\"eael_hover_effect_sepia_hover\":{\"unit\":\"px\",\"size\":1,\"sizes\":[]},\"eael_hover_effect_offset_hover_popover\":\"\",\"eael_hover_effect_offset_hover_left\":{\"unit\":\"px\",\"size\":0,\"sizes\":[]},\"eael_hover_effect_offset_hover_left_tablet\":{\"unit\":\"px\",\"size\":\"\",\"sizes\":[]},\"eael_hover_effect_offset_hover_left_mobile\":{\"unit\":\"px\",\"size\":\"\",\"sizes\":[]},\"eael_hover_effect_offset_hover_top\":{\"unit\":\"px\",\"size\":0,\"sizes\":[]},\"eael_hover_effect_offset_hover_top_tablet\":{\"unit\":\"px\",\"size\":\"\",\"sizes\":[]},\"eael_hover_effect_offset_hover_top_mobile\":{\"unit\":\"px\",\"size\":\"\",\"sizes\":[]},\"eael_hover_effect_transform_hover_popover\":\"\",\"eael_hover_effect_rotate_hover_is_on\":\"\",\"eael_hover_effect_transform_hover_rotatex\":{\"unit\":\"px\",\"size\":0,\"sizes\":[]},\"eael_hover_effect_transform_hover_rotatey\":{\"unit\":\"px\",\"size\":0,\"sizes\":[]},\"eael_hover_effect_transform_hover_rotatez\":{\"unit\":\"px\",\"size\":0,\"sizes\":[]},\"eael_hover_effect_scale_hover_is_on\":\"\",\"eael_hover_effect_transform_hover_scalex\":{\"unit\":\"px\",\"size\":1,\"sizes\":[]},\"eael_hover_effect_transform_hover_scaley\":{\"unit\":\"px\",\"size\":0,\"sizes\":[]},\"eael_hover_effect_skew_hover_is_on\":\"\",\"eael_hover_effect_transform_hover_skewx\":{\"unit\":\"px\",\"size\":0,\"sizes\":[]},\"eael_hover_effect_transform_hover_skewy\":{\"unit\":\"px\",\"size\":0,\"sizes\":[]},\"eael_hover_effect_general_settings_hover_duration\":{\"unit\":\"px\",\"size\":1000,\"sizes\":[]},\"eael_hover_effect_general_settings_hover_delay\":{\"unit\":\"px\",\"size\":\"\",\"sizes\":[]},\"eael_hover_effect_general_settings_hover_easing\":\"ease\",\"eael_hover_effect_hover_tilt\":\"\",\"eael_liquid_glass_effect_switch\":\"\",\"eael_liquid_glass_effect_notice\":\"\",\"eael_liquid_glass_effect\":\"effect1\",\"eael_liquid_glass_effect_bg_color_effect1\":\"#FFFFFF1F\",\"eael_liquid_glass_effect_bg_color_effect2\":\"#FFFFFF1F\",\"eael_liquid_glass_effect_backdrop_filter_effect1\":{\"unit\":\"px\",\"size\":24,\"sizes\":[]},\"eael_liquid_glass_effect_backdrop_filter_effect2\":{\"unit\":\"px\",\"size\":20,\"sizes\":[]},\"eael_liquid_glass_effect_brightness_effect2\":{\"unit\":\"px\",\"size\":1,\"sizes\":[]},\"eael_liquid_glass_border_distortion\":\"\",\"eael_liquid_glass_border_radious_distortion\":{\"unit\":\"px\",\"top\":24,\"right\":24,\"bottom\":24,\"left\":24,\"isLinked\":true},\"eael_liquid_glass_shadow_effect\":\"effect1\",\"eael_liquid_glass_border_effect1_border\":\"solid\",\"eael_liquid_glass_border_effect1_width\":{\"unit\":\"px\",\"top\":\"1\",\"right\":\"1\",\"bottom\":\"1\",\"left\":\"1\",\"isLinked\":false},\"eael_liquid_glass_border_effect1_color\":\"#FFFFFF1F\",\"eael_liquid_glass_border_effect2_border\":\"solid\",\"eael_liquid_glass_border_effect2_width\":{\"unit\":\"px\",\"top\":\"1\",\"right\":\"1\",\"bottom\":\"1\",\"left\":\"1\",\"isLinked\":false},\"eael_liquid_glass_border_effect2_color\":\"#FFFFFF1F\",\"eael_liquid_glass_border_effect3_border\":\"solid\",\"eael_liquid_glass_border_effect3_width\":{\"unit\":\"px\",\"top\":\"1\",\"right\":\"1\",\"bottom\":\"1\",\"left\":\"1\",\"isLinked\":false},\"eael_liquid_glass_border_effect3_color\":\"#FFFFFF1F\",\"eael_liquid_glass_border_effect4_border\":\"solid\",\"eael_liquid_glass_border_effect4_width\":{\"unit\":\"px\",\"top\":\"1\",\"right\":\"1\",\"bottom\":\"1\",\"left\":\"1\",\"isLinked\":false},\"eael_liquid_glass_border_effect4_color\":\"#AAAAAA1A\",\"eael_liquid_glass_border_radius_effect1\":{\"unit\":\"px\",\"top\":24,\"right\":24,\"bottom\":24,\"left\":24,\"isLinked\":true},\"eael_liquid_glass_border_radius_effect2\":{\"unit\":\"px\",\"top\":16,\"right\":16,\"bottom\":16,\"left\":16,\"isLinked\":true},\"eael_liquid_glass_border_radius_effect3\":{\"unit\":\"px\",\"top\":8,\"right\":8,\"bottom\":8,\"left\":8,\"isLinked\":true},\"eael_liquid_glass_border_radius_effect4\":{\"unit\":\"px\",\"top\":24,\"right\":24,\"bottom\":24,\"left\":24,\"isLinked\":true},\"eael_liquid_glass_shadow_effect1_box_shadow_type\":\"yes\",\"eael_liquid_glass_shadow_effect1__boxshadow_c\":\"rgba(0,0,0,0.15)\",\"eael_liquid_glass_shadow_effect1__boxshadow_h\":{\"unit\":\"px\",\"size\":\"\",\"sizes\":[]},\"eael_liquid_glass_shadow_effect1__boxshadow_v\":{\"unit\":\"px\",\"size\":\"\",\"sizes\":[]},\"eael_liquid_glass_shadow_effect1__boxshadow_b\":{\"unit\":\"px\",\"size\":\"\",\"sizes\":[]},\"eael_liquid_glass_shadow_effect1__boxshadow_s\":{\"unit\":\"px\",\"size\":\"\",\"sizes\":[]},\"eael_liquid_glass_shadow_effect1__boxshadow_p\":\" \",\"eael_liquid_glass_shadow_effect2_box_shadow_type\":\"yes\",\"eael_liquid_glass_shadow_effect2__boxshadow_c\":\"rgba(0,0,0,0.15)\",\"eael_liquid_glass_shadow_effect2__boxshadow_h\":{\"unit\":\"px\",\"size\":\"\",\"sizes\":[]},\"eael_liquid_glass_shadow_effect2__boxshadow_v\":{\"unit\":\"px\",\"size\":\"\",\"sizes\":[]},\"eael_liquid_glass_shadow_effect2__boxshadow_b\":{\"unit\":\"px\",\"size\":\"\",\"sizes\":[]},\"eael_liquid_glass_shadow_effect2__boxshadow_s\":{\"unit\":\"px\",\"size\":\"\",\"sizes\":[]},\"eael_liquid_glass_shadow_effect2__boxshadow_p\":\" \",\"eael_liquid_glass_shadow_effect3_box_shadow_type\":\"yes\",\"eael_liquid_glass_shadow_effect3__boxshadow_c\":\"rgba(0,0,0,0.15)\",\"eael_liquid_glass_shadow_effect3__boxshadow_h\":{\"unit\":\"px\",\"size\":\"\",\"sizes\":[]},\"eael_liquid_glass_shadow_effect3__boxshadow_v\":{\"unit\":\"px\",\"size\":\"\",\"sizes\":[]},\"eael_liquid_glass_shadow_effect3__boxshadow_b\":{\"unit\":\"px\",\"size\":\"\",\"sizes\":[]},\"eael_liquid_glass_shadow_effect3__boxshadow_s\":{\"unit\":\"px\",\"size\":\"\",\"sizes\":[]},\"eael_liquid_glass_shadow_effect3__boxshadow_p\":\" \",\"eael_liquid_glass_shadow_effect4_box_shadow_type\":\"yes\",\"eael_liquid_glass_shadow_effect4__boxshadow_c\":\"rgba(0,0,0,0.15)\",\"eael_liquid_glass_shadow_effect4__boxshadow_h\":{\"unit\":\"px\",\"size\":\"\",\"sizes\":[]},\"eael_liquid_glass_shadow_effect4__boxshadow_v\":{\"unit\":\"px\",\"size\":\"\",\"sizes\":[]},\"eael_liquid_glass_shadow_effect4__boxshadow_b\":{\"unit\":\"px\",\"size\":\"\",\"sizes\":[]},\"eael_liquid_glass_shadow_effect4__boxshadow_s\":{\"unit\":\"px\",\"size\":\"\",\"sizes\":[]},\"eael_liquid_glass_shadow_effect4__boxshadow_p\":\" \",\"eael_enable_image_masking\":\"\",\"eael_image_masking_type\":\"clip\",\"eael_image_masking_clip_path\":\"bavel\",\"eael_image_masking_enable_custom_clip_path\":\"\",\"eael_image_masking_svg\":\"polygon\",\"eael_image_masking_hover_effect\":\"\",\"eael_image_masking_clip_path_hover\":\"bavel\",\"eael_image_masking_enable_custom_clip_path_hover\":\"\",\"eael_image_masking_svg_hover\":\"polygon\",\"eael_image_masking_hover_selector\":\"\",\"eael_image_masking_image_size\":\"contain\",\"eael_image_masking_image_custom_size_custom\":{\"unit\":\"px\",\"size\":\"\",\"sizes\":[]},\"eael_image_masking_image_position\":\"center center\",\"eael_image_masking_image_repeat\":\"no-repeat\",\"lakit_floating_fx\":\"\",\"lakit_floating_fx_translate_toggle\":\"\",\"lakit_floating_fx_translate_x\":{\"unit\":\"px\",\"size\":\"\",\"sizes\":{\"from\":0,\"to\":5}},\"lakit_floating_fx_translate_y\":{\"unit\":\"px\",\"size\":\"\",\"sizes\":{\"from\":0,\"to\":5}},\"lakit_floating_fx_translate_duration\":{\"unit\":\"px\",\"size\":1000,\"sizes\":[]},\"lakit_floating_fx_translate_delay\":{\"unit\":\"px\",\"size\":\"\",\"sizes\":[]},\"lakit_floating_fx_rotate_toggle\":\"\",\"lakit_floating_fx_rotate_x\":{\"unit\":\"px\",\"size\":\"\",\"sizes\":{\"from\":0,\"to\":45}},\"lakit_floating_fx_rotate_y\":{\"unit\":\"px\",\"size\":\"\",\"sizes\":{\"from\":0,\"to\":45}},\"lakit_floating_fx_rotate_z\":{\"unit\":\"px\",\"size\":\"\",\"sizes\":{\"from\":0,\"to\":45}},\"lakit_floating_fx_rotate_duration\":{\"unit\":\"px\",\"size\":1000,\"sizes\":[]},\"lakit_floating_fx_rotate_delay\":{\"unit\":\"px\",\"size\":\"\",\"sizes\":[]},\"lakit_floating_fx_scale_toggle\":\"\",\"lakit_floating_fx_scale_x\":{\"unit\":\"px\",\"size\":\"\",\"sizes\":{\"from\":1,\"to\":1.1999999999999999555910790149937383830547332763671875}},\"lakit_floating_fx_scale_y\":{\"unit\":\"px\",\"size\":\"\",\"sizes\":{\"from\":1,\"to\":1.1999999999999999555910790149937383830547332763671875}},\"lakit_floating_fx_scale_duration\":{\"unit\":\"px\",\"size\":1000,\"sizes\":[]},\"lakit_floating_fx_scale_delay\":{\"unit\":\"px\",\"size\":\"\",\"sizes\":[]},\"lakit_transform_fx\":\"\",\"lakit_transform_fx_translate_toggle\":\"\",\"lakit_transform_fx_translate_x\":{\"unit\":\"px\",\"size\":\"\",\"sizes\":[]},\"lakit_transform_fx_translate_y\":{\"unit\":\"px\",\"size\":\"\",\"sizes\":[]},\"lakit_transform_fx_rotate_toggle\":\"\",\"lakit_transform_fx_rotate_mode\":\"loose\",\"lakit_transform_fx_rotate_x\":{\"unit\":\"px\",\"size\":\"\",\"sizes\":[]},\"lakit_transform_fx_rotate_y\":{\"unit\":\"px\",\"size\":\"\",\"sizes\":[]},\"lakit_transform_fx_rotate_z\":{\"unit\":\"px\",\"size\":\"\",\"sizes\":[]},\"lakit_transform_fx_scale_toggle\":\"\",\"lakit_transform_fx_scale_mode\":\"loose\",\"lakit_transform_fx_scale_x\":{\"unit\":\"px\",\"size\":1,\"sizes\":[]},\"lakit_transform_fx_scale_y\":{\"unit\":\"px\",\"size\":1,\"sizes\":[]},\"lakit_transform_fx_skew_toggle\":\"\",\"lakit_transform_fx_skew_x\":{\"unit\":\"px\",\"size\":\"\",\"sizes\":[]},\"lakit_transform_fx_skew_y\":{\"unit\":\"px\",\"size\":\"\",\"sizes\":[]},\"lakit_transform_fx_translate_toggle_hover\":\"\",\"lakit_transform_fx_translate_x_hover\":{\"unit\":\"px\",\"size\":\"\",\"sizes\":[]},\"lakit_transform_fx_translate_y_hover\":{\"unit\":\"px\",\"size\":\"\",\"sizes\":[]},\"lakit_transform_fx_rotate_toggle_hover\":\"\",\"lakit_transform_fx_rotate_mode_hover\":\"loose\",\"lakit_transform_fx_rotate_x_hover\":{\"unit\":\"px\",\"size\":\"\",\"sizes\":[]},\"lakit_transform_fx_rotate_y_hover\":{\"unit\":\"px\",\"size\":\"\",\"sizes\":[]},\"lakit_transform_fx_rotate_z_hover\":{\"unit\":\"px\",\"size\":\"\",\"sizes\":[]},\"lakit_transform_fx_scale_toggle_hover\":\"\",\"lakit_transform_fx_scale_mode_hover\":\"loose\",\"lakit_transform_fx_scale_x_hover\":{\"unit\":\"px\",\"size\":1,\"sizes\":[]},\"lakit_transform_fx_scale_y_hover\":{\"unit\":\"px\",\"size\":1,\"sizes\":[]},\"lakit_transform_fx_skew_toggle_hover\":\"\",\"lakit_transform_fx_skew_x_hover\":{\"unit\":\"px\",\"size\":\"\",\"sizes\":[]},\"lakit_transform_fx_skew_y_hover\":{\"unit\":\"px\",\"size\":\"\",\"sizes\":[]},\"lakit_transform_fx_transition_duration\":{\"unit\":\"px\",\"size\":\"\",\"sizes\":[]},\"lakit_vlogic_enabled\":\"\",\"lakit_vlogic_role_visible\":\"\",\"lakit_vlogic_role_hidden\":\"\",\"motion_fx_motion_fx_scrolling\":\"\",\"motion_fx_translateY_effect\":\"\",\"motion_fx_translateY_direction\":\"\",\"motion_fx_translateY_speed\":{\"unit\":\"px\",\"size\":3,\"sizes\":[]},\"motion_fx_translateY_affectedRange\":{\"unit\":\"%\",\"size\":\"\",\"sizes\":{\"start\":20,\"end\":80}},\"motion_fx_translateX_effect\":\"\",\"motion_fx_translateX_direction\":\"\",\"motion_fx_translateX_speed\":{\"unit\":\"px\",\"size\":4,\"sizes\":[]},\"motion_fx_translateX_affectedRange\":{\"unit\":\"%\",\"size\":\"\",\"sizes\":{\"start\":20,\"end\":80}},\"motion_fx_opacity_effect\":\"\",\"motion_fx_opacity_direction\":\"out-in\",\"motion_fx_opacity_level\":{\"unit\":\"px\",\"size\":10,\"sizes\":[]},\"motion_fx_opacity_range\":{\"unit\":\"%\",\"size\":\"\",\"sizes\":{\"start\":20,\"end\":80}},\"motion_fx_blur_effect\":\"\",\"motion_fx_blur_direction\":\"out-in\",\"motion_fx_blur_level\":{\"unit\":\"px\",\"size\":7,\"sizes\":[]},\"motion_fx_blur_range\":{\"unit\":\"%\",\"size\":\"\",\"sizes\":{\"start\":20,\"end\":80}},\"motion_fx_rotateZ_effect\":\"\",\"motion_fx_rotateZ_direction\":\"\",\"motion_fx_rotateZ_speed\":{\"unit\":\"px\",\"size\":1,\"sizes\":[]},\"motion_fx_rotateZ_affectedRange\":{\"unit\":\"%\",\"size\":\"\",\"sizes\":{\"start\":0,\"end\":100}},\"motion_fx_scale_effect\":\"\",\"motion_fx_scale_direction\":\"out-in\",\"motion_fx_scale_speed\":{\"unit\":\"px\",\"size\":4,\"sizes\":[]},\"motion_fx_scale_range\":{\"unit\":\"%\",\"size\":\"\",\"sizes\":{\"start\":20,\"end\":80}},\"motion_fx_transform_origin_x\":\"center\",\"motion_fx_transform_origin_y\":\"center\",\"motion_fx_range\":\"\",\"motion_fx_motion_fx_mouse\":\"\",\"motion_fx_mouseTrack_effect\":\"\",\"motion_fx_mouseTrack_direction\":\"\",\"motion_fx_mouseTrack_speed\":{\"unit\":\"px\",\"size\":1,\"sizes\":[]},\"motion_fx_tilt_effect\":\"\",\"motion_fx_tilt_direction\":\"\",\"motion_fx_tilt_speed\":{\"unit\":\"px\",\"size\":4,\"sizes\":[]},\"motion_fx_devices\":[\"mobile\",\"tablet\",\"desktop\"],\"sticky\":\"\",\"sticky_on\":[\"desktop\",\"mobile\",\"tablet\"],\"sticky_offset\":0,\"sticky_effects_offset\":0,\"sticky_parent\":\"\",\"_animation\":\"\",\"_animation_tablet\":\"\",\"_animation_mobile\":\"\",\"animation_duration\":\"\",\"_animation_delay\":\"\",\"_transform_rotate_popover\":\"\",\"_transform_rotateZ_effect\":{\"unit\":\"px\",\"size\":\"\",\"sizes\":[]},\"_transform_rotateZ_effect_tablet\":{\"unit\":\"deg\",\"size\":\"\",\"sizes\":[]},\"_transform_rotateZ_effect_mobile\":{\"unit\":\"deg\",\"size\":\"\",\"sizes\":[]},\"_transform_rotate_3d\":\"\",\"_transform_rotateX_effect\":{\"unit\":\"px\",\"size\":\"\",\"sizes\":[]},\"_transform_rotateX_effect_tablet\":{\"unit\":\"deg\",\"size\":\"\",\"sizes\":[]},\"_transform_rotateX_effect_mobile\":{\"unit\":\"deg\",\"size\":\"\",\"sizes\":[]},\"_transform_rotateY_effect\":{\"unit\":\"px\",\"size\":\"\",\"sizes\":[]},\"_transform_rotateY_effect_tablet\":{\"unit\":\"deg\",\"size\":\"\",\"sizes\":[]},\"_transform_rotateY_effect_mobile\":{\"unit\":\"deg\",\"size\":\"\",\"sizes\":[]},\"_transform_perspective_effect\":{\"unit\":\"px\",\"size\":\"\",\"sizes\":[]},\"_transform_perspective_effect_tablet\":{\"unit\":\"px\",\"size\":\"\",\"sizes\":[]},\"_transform_perspective_effect_mobile\":{\"unit\":\"px\",\"size\":\"\",\"sizes\":[]},\"_transform_translate_popover\":\"\",\"_transform_translateX_effect\":{\"unit\":\"px\",\"size\":\"\",\"sizes\":[]},\"_transform_translateX_effect_tablet\":{\"unit\":\"px\",\"size\":\"\",\"sizes\":[]},\"_transform_translateX_effect_mobile\":{\"unit\":\"px\",\"size\":\"\",\"sizes\":[]},\"_transform_translateY_effect\":{\"unit\":\"px\",\"size\":\"\",\"sizes\":[]},\"_transform_translateY_effect_tablet\":{\"unit\":\"px\",\"size\":\"\",\"sizes\":[]},\"_transform_translateY_effect_mobile\":{\"unit\":\"px\",\"size\":\"\",\"sizes\":[]},\"_transform_scale_popover\":\"\",\"_transform_keep_proportions\":\"yes\",\"_transform_scale_effect\":{\"unit\":\"px\",\"size\":\"\",\"sizes\":[]},\"_transform_scale_effect_tablet\":{\"unit\":\"px\",\"size\":\"\",\"sizes\":[]},\"_transform_scale_effect_mobile\":{\"unit\":\"px\",\"size\":\"\",\"sizes\":[]},\"_transform_scaleX_effect\":{\"unit\":\"px\",\"size\":\"\",\"sizes\":[]},\"_transform_scaleX_effect_tablet\":{\"unit\":\"px\",\"size\":\"\",\"sizes\":[]},\"_transform_scaleX_effect_mobile\":{\"unit\":\"px\",\"size\":\"\",\"sizes\":[]},\"_transform_scaleY_effect\":{\"unit\":\"px\",\"size\":\"\",\"sizes\":[]},\"_transform_scaleY_effect_tablet\":{\"unit\":\"px\",\"size\":\"\",\"sizes\":[]},\"_transform_scaleY_effect_mobile\":{\"unit\":\"px\",\"size\":\"\",\"sizes\":[]},\"_transform_skew_popover\":\"\",\"_transform_skewX_effect\":{\"unit\":\"px\",\"size\":\"\",\"sizes\":[]},\"_transform_skewX_effect_tablet\":{\"unit\":\"deg\",\"size\":\"\",\"sizes\":[]},\"_transform_skewX_effect_mobile\":{\"unit\":\"deg\",\"size\":\"\",\"sizes\":[]},\"_transform_skewY_effect\":{\"unit\":\"px\",\"size\":\"\",\"sizes\":[]},\"_transform_skewY_effect_tablet\":{\"unit\":\"deg\",\"size\":\"\",\"sizes\":[]},\"_transform_skewY_effect_mobile\":{\"unit\":\"deg\",\"size\":\"\",\"sizes\":[]},\"_transform_flipX_effect\":\"\",\"_transform_flipY_effect\":\"\",\"_transform_rotate_popover_hover\":\"\",\"_transform_rotateZ_effect_hover\":{\"unit\":\"px\",\"size\":\"\",\"sizes\":[]},\"_transform_rotateZ_effect_hover_tablet\":{\"unit\":\"deg\",\"size\":\"\",\"sizes\":[]},\"_transform_rotateZ_effect_hover_mobile\":{\"unit\":\"deg\",\"size\":\"\",\"sizes\":[]},\"_transform_rotate_3d_hover\":\"\",\"_transform_rotateX_effect_hover\":{\"unit\":\"px\",\"size\":\"\",\"sizes\":[]},\"_transform_rotateX_effect_hover_tablet\":{\"unit\":\"deg\",\"size\":\"\",\"sizes\":[]},\"_transform_rotateX_effect_hover_mobile\":{\"unit\":\"deg\",\"size\":\"\",\"sizes\":[]},\"_transform_rotateY_effect_hover\":{\"unit\":\"px\",\"size\":\"\",\"sizes\":[]},\"_transform_rotateY_effect_hover_tablet\":{\"unit\":\"deg\",\"size\":\"\",\"sizes\":[]},\"_transform_rotateY_effect_hover_mobile\":{\"unit\":\"deg\",\"size\":\"\",\"sizes\":[]},\"_transform_perspective_effect_hover\":{\"unit\":\"px\",\"size\":\"\",\"sizes\":[]},\"_transform_perspective_effect_hover_tablet\":{\"unit\":\"px\",\"size\":\"\",\"sizes\":[]},\"_transform_perspective_effect_hover_mobile\":{\"unit\":\"px\",\"size\":\"\",\"sizes\":[]},\"_transform_translate_popover_hover\":\"\",\"_transform_translateX_effect_hover\":{\"unit\":\"px\",\"size\":\"\",\"sizes\":[]},\"_transform_translateX_effect_hover_tablet\":{\"unit\":\"px\",\"size\":\"\",\"sizes\":[]},\"_transform_translateX_effect_hover_mobile\":{\"unit\":\"px\",\"size\":\"\",\"sizes\":[]},\"_transform_translateY_effect_hover\":{\"unit\":\"px\",\"size\":\"\",\"sizes\":[]},\"_transform_translateY_effect_hover_tablet\":{\"unit\":\"px\",\"size\":\"\",\"sizes\":[]},\"_transform_translateY_effect_hover_mobile\":{\"unit\":\"px\",\"size\":\"\",\"sizes\":[]},\"_transform_scale_popover_hover\":\"\",\"_transform_keep_proportions_hover\":\"yes\",\"_transform_scale_effect_hover\":{\"unit\":\"px\",\"size\":\"\",\"sizes\":[]},\"_transform_scale_effect_hover_tablet\":{\"unit\":\"px\",\"size\":\"\",\"sizes\":[]},\"_transform_scale_effect_hover_mobile\":{\"unit\":\"px\",\"size\":\"\",\"sizes\":[]},\"_transform_scaleX_effect_hover\":{\"unit\":\"px\",\"size\":\"\",\"sizes\":[]},\"_transform_scaleX_effect_hover_tablet\":{\"unit\":\"px\",\"size\":\"\",\"sizes\":[]},\"_transform_scaleX_effect_hover_mobile\":{\"unit\":\"px\",\"size\":\"\",\"sizes\":[]},\"_transform_scaleY_effect_hover\":{\"unit\":\"px\",\"size\":\"\",\"sizes\":[]},\"_transform_scaleY_effect_hover_tablet\":{\"unit\":\"px\",\"size\":\"\",\"sizes\":[]},\"_transform_scaleY_effect_hover_mobile\":{\"unit\":\"px\",\"size\":\"\",\"sizes\":[]},\"_transform_skew_popover_hover\":\"\",\"_transform_skewX_effect_hover\":{\"unit\":\"px\",\"size\":\"\",\"sizes\":[]},\"_transform_skewX_effect_hover_tablet\":{\"unit\":\"deg\",\"size\":\"\",\"sizes\":[]},\"_transform_skewX_effect_hover_mobile\":{\"unit\":\"deg\",\"size\":\"\",\"sizes\":[]},\"_transform_skewY_effect_hover\":{\"unit\":\"px\",\"size\":\"\",\"sizes\":[]},\"_transform_skewY_effect_hover_tablet\":{\"unit\":\"deg\",\"size\":\"\",\"sizes\":[]},\"_transform_skewY_effect_hover_mobile\":{\"unit\":\"deg\",\"size\":\"\",\"sizes\":[]},\"_transform_flipX_effect_hover\":\"\",\"_transform_flipY_effect_hover\":\"\",\"_transform_transition_hover\":{\"unit\":\"px\",\"size\":\"\",\"sizes\":[]},\"motion_fx_transform_x_anchor_point\":\"\",\"motion_fx_transform_y_anchor_point\":\"\",\"_background_background\":\"\",\"_background_gradient_notice\":\"\",\"_background_color\":\"\",\"_background_color_stop\":{\"unit\":\"%\",\"size\":0,\"sizes\":[]},\"_background_color_b\":\"#f2295b\",\"_background_color_b_stop\":{\"unit\":\"%\",\"size\":100,\"sizes\":[]},\"_background_gradient_type\":\"linear\",\"_background_gradient_angle\":{\"unit\":\"deg\",\"size\":180,\"sizes\":[]},\"_background_gradient_position\":\"center center\",\"_background_image\":{\"url\":\"\",\"id\":\"\",\"size\":\"\"},\"_background_position\":\"\",\"_background_xpos\":{\"unit\":\"px\",\"size\":0,\"sizes\":[]},\"_background_ypos\":{\"unit\":\"px\",\"size\":0,\"sizes\":[]},\"_background_attachment\":\"\",\"_background_repeat\":\"\",\"_background_size\":\"\",\"_background_bg_width\":{\"unit\":\"%\",\"size\":100,\"sizes\":[]},\"_background_video_link\":\"\",\"_background_video_start\":\"\",\"_background_video_end\":\"\",\"_background_play_once\":\"\",\"_background_play_on_mobile\":\"\",\"_background_privacy_mode\":\"\",\"_background_video_fallback\":{\"url\":\"\",\"id\":\"\",\"size\":\"\"},\"_background_slideshow_gallery\":[],\"_background_slideshow_loop\":\"yes\",\"_background_slideshow_slide_duration\":5000,\"_background_slideshow_slide_transition\":\"fade\",\"_background_slideshow_transition_duration\":500,\"_background_slideshow_background_size\":\"\",\"_background_slideshow_background_position\":\"\",\"_background_slideshow_lazyload\":\"\",\"_background_slideshow_ken_burns\":\"\",\"_background_slideshow_ken_burns_zoom_direction\":\"in\",\"_background_hover_background\":\"\",\"_background_hover_gradient_notice\":\"\",\"_background_hover_color\":\"\",\"_background_hover_color_stop\":{\"unit\":\"%\",\"size\":0,\"sizes\":[]},\"_background_hover_color_b\":\"#f2295b\",\"_background_hover_color_b_stop\":{\"unit\":\"%\",\"size\":100,\"sizes\":[]},\"_background_hover_gradient_type\":\"linear\",\"_background_hover_gradient_angle\":{\"unit\":\"deg\",\"size\":180,\"sizes\":[]},\"_background_hover_gradient_position\":\"center center\",\"_background_hover_image\":{\"url\":\"\",\"id\":\"\",\"size\":\"\"},\"_background_hover_position\":\"\",\"_background_hover_xpos\":{\"unit\":\"px\",\"size\":0,\"sizes\":[]},\"_background_hover_ypos\":{\"unit\":\"px\",\"size\":0,\"sizes\":[]},\"_background_hover_attachment\":\"\",\"_background_hover_repeat\":\"\",\"_background_hover_size\":\"\",\"_background_hover_bg_width\":{\"unit\":\"%\",\"size\":100,\"sizes\":[]},\"_background_hover_video_link\":\"\",\"_background_hover_video_start\":\"\",\"_background_hover_video_end\":\"\",\"_background_hover_play_once\":\"\",\"_background_hover_play_on_mobile\":\"\",\"_background_hover_privacy_mode\":\"\",\"_background_hover_video_fallback\":{\"url\":\"\",\"id\":\"\",\"size\":\"\"},\"_background_hover_slideshow_gallery\":[],\"_background_hover_slideshow_loop\":\"yes\",\"_background_hover_slideshow_slide_duration\":5000,\"_background_hover_slideshow_slide_transition\":\"fade\",\"_background_hover_slideshow_transition_duration\":500,\"_background_hover_slideshow_background_size\":\"\",\"_background_hover_slideshow_background_position\":\"\",\"_background_hover_slideshow_lazyload\":\"\",\"_background_hover_slideshow_ken_burns\":\"\",\"_background_hover_slideshow_ken_burns_zoom_direction\":\"in\",\"_background_hover_transition\":{\"unit\":\"px\",\"size\":\"\",\"sizes\":[]},\"_border_border\":\"\",\"_border_width\":{\"unit\":\"px\",\"top\":\"\",\"right\":\"\",\"bottom\":\"\",\"left\":\"\",\"isLinked\":true},\"_border_color\":\"\",\"_border_radius\":{\"unit\":\"px\",\"top\":\"\",\"right\":\"\",\"bottom\":\"\",\"left\":\"\",\"isLinked\":true},\"_box_shadow_box_shadow_type\":\"\",\"_box_shadow__boxshadow_c\":\"rgba(0,0,0,0.15)\",\"_box_shadow__boxshadow_h\":{\"unit\":\"px\",\"size\":\"\",\"sizes\":[]},\"_box_shadow__boxshadow_v\":{\"unit\":\"px\",\"size\":\"\",\"sizes\":[]},\"_box_shadow__boxshadow_b\":{\"unit\":\"px\",\"size\":\"\",\"sizes\":[]},\"_box_shadow__boxshadow_s\":{\"unit\":\"px\",\"size\":\"\",\"sizes\":[]},\"_box_shadow__boxshadow_p\":\" \",\"_border_hover_border\":\"\",\"_border_hover_width\":{\"unit\":\"px\",\"top\":\"\",\"right\":\"\",\"bottom\":\"\",\"left\":\"\",\"isLinked\":true},\"_border_hover_color\":\"\",\"_border_radius_hover\":{\"unit\":\"px\",\"top\":\"\",\"right\":\"\",\"bottom\":\"\",\"left\":\"\",\"isLinked\":true},\"_box_shadow_hover_box_shadow_type\":\"\",\"_box_shadow_hover__boxshadow_c\":\"rgba(0,0,0,0.15)\",\"_box_shadow_hover__boxshadow_h\":{\"unit\":\"px\",\"size\":\"\",\"sizes\":[]},\"_box_shadow_hover__boxshadow_v\":{\"unit\":\"px\",\"size\":\"\",\"sizes\":[]},\"_box_shadow_hover__boxshadow_b\":{\"unit\":\"px\",\"size\":\"\",\"sizes\":[]},\"_box_shadow_hover__boxshadow_s\":{\"unit\":\"px\",\"size\":\"\",\"sizes\":[]},\"_box_shadow_hover__boxshadow_p\":\" \",\"_border_hover_transition\":{\"unit\":\"px\",\"size\":\"\",\"sizes\":[]},\"_mask_switch\":\"\",\"_mask_shape\":\"circle\",\"_mask_image\":{\"url\":\"\",\"id\":\"\",\"size\":\"\"},\"_mask_size\":\"contain\",\"_mask_size_scale\":{\"unit\":\"%\",\"size\":100,\"sizes\":[]},\"_mask_position\":\"center center\",\"_mask_position_x\":{\"unit\":\"%\",\"size\":0,\"sizes\":[]},\"_mask_position_y\":{\"unit\":\"%\",\"size\":0,\"sizes\":[]},\"_mask_repeat\":\"no-repeat\",\"hide_desktop\":\"\",\"hide_tablet\":\"\",\"hide_mobile\":\"\",\"_attributes\":\"\",\"custom_css\":\"\",\"paged\":1,\"class\":\"jblog_block_20\"};<\/script><\/div>\t\t\t\t<\/div>\n\t\t\t\t<\/div>\n\t\t\t\t<div class=\"elementor-element elementor-element-5cb034d elementor-widget elementor-widget-image\" data-id=\"5cb034d\" data-element_type=\"widget\" data-e-type=\"widget\" data-widget_type=\"image.default\">\n\t\t\t\t<div class=\"elementor-widget-container\">\n\t\t\t\t\t\t\t\t\t\t\t\t\t\t\t<img loading=\"lazy\" decoding=\"async\" width=\"829\" height=\"416\" src=\"https:\/\/i0.wp.com\/iberoleonenvio.com\/website_f1c4f9f2\/wp-content\/uploads\/2022\/03\/recuerda-1.jpg?fit=829%2C416&amp;ssl=1\" class=\"attachment-full size-full wp-image-40\" alt=\"\" srcset=\"https:\/\/i0.wp.com\/iberoleonenvio.com\/website_f1c4f9f2\/wp-content\/uploads\/2022\/03\/recuerda-1.jpg?w=829&amp;ssl=1 829w, https:\/\/i0.wp.com\/iberoleonenvio.com\/website_f1c4f9f2\/wp-content\/uploads\/2022\/03\/recuerda-1.jpg?resize=300%2C150&amp;ssl=1 300w, https:\/\/i0.wp.com\/iberoleonenvio.com\/website_f1c4f9f2\/wp-content\/uploads\/2022\/03\/recuerda-1.jpg?resize=768%2C385&amp;ssl=1 768w\" sizes=\"(max-width: 800px) 100vw, 800px\" \/>\t\t\t\t\t\t\t\t\t\t\t\t\t\t\t<\/div>\n\t\t\t\t<\/div>\n\t\t\t\t<div class=\"elementor-element elementor-element-3965dfe elementor-widget elementor-widget-eael-feature-list\" data-id=\"3965dfe\" data-element_type=\"widget\" data-e-type=\"widget\" data-widget_type=\"eael-feature-list.default\">\n\t\t\t\t<div class=\"elementor-widget-container\">\n\t\t\t\t\t\t\t<div class=\"-icon-position-left -tablet-icon-position-left -mobile-icon-position-left\">\n\t\t\t<ul id=\"eael-feature-list-3965dfe\" class=\"eael-feature-list-items circle framed connector-type-modern eael-feature-list-vertical\" data-layout-tablet=\"vertical\" data-layout-mobile=\"vertical\">\n\t\t\t                <li class=\"eael-feature-list-item elementor-repeater-item-43ee1aa\">\n                                            <span class=\"connector\" style=\"right: calc(100% - 42px); left: 0;\"><\/span>\n                        <span class=\"connector connector-tablet\" style=\"right: calc(100% - 42px); left: 0;\"><\/span>\n                        <span class=\"connector connector-mobile\" style=\"right: calc(100% - 42px); left: 0;\"><\/span>\n                    \n\t\t\t\t\t\t<div class=\"eael-feature-list-icon-box\">\n\t\t\t\t\t\t\t<div class=\"eael-feature-list-icon-inner\">\n\n\t\t\t\t\t\t\t\t<span class=\"eael-feature-list-icon fl-icon-0\">\n\n\t\t<i aria-hidden=\"true\" class=\"fas fa-calendar-check\"><\/i>\t\t\t\t\t\t\t\t<\/span>\n\t\t\t\t\t\t\t<\/div>\n\t\t\t\t\t\t<\/div>\n\t\t\t\t\t\t<div class=\"eael-feature-list-content-box\">\n                            <h2 class=\"eael-feature-list-title\">1 al 5 de diciembre<\/h2>\t\t\t\t\t\t<p class=\"eael-feature-list-content\">Periodo de evaluaci\u00f3n <\/p>\n\t\t\t\t\t\t<\/div>\n\n\t\t\t\t\t<\/li>\n\t\t\t\t                <li class=\"eael-feature-list-item elementor-repeater-item-f4a2b39\">\n                                            <span class=\"connector\" style=\"right: calc(100% - 42px); left: 0;\"><\/span>\n                        <span class=\"connector connector-tablet\" style=\"right: calc(100% - 42px); left: 0;\"><\/span>\n                        <span class=\"connector connector-mobile\" style=\"right: calc(100% - 42px); left: 0;\"><\/span>\n                    \n\t\t\t\t\t\t<div class=\"eael-feature-list-icon-box\">\n\t\t\t\t\t\t\t<div class=\"eael-feature-list-icon-inner\">\n\n\t\t\t\t\t\t\t\t<span class=\"eael-feature-list-icon fl-icon-1\">\n\n\t\t<i aria-hidden=\"true\" class=\"fas fa-calendar-check\"><\/i>\t\t\t\t\t\t\t\t<\/span>\n\t\t\t\t\t\t\t<\/div>\n\t\t\t\t\t\t<\/div>\n\t\t\t\t\t\t<div class=\"eael-feature-list-content-box\">\n                            <h2 class=\"eael-feature-list-title\">5 de diciembre<\/h2>\t\t\t\t\t\t<p class=\"eael-feature-list-content\">Fin de cursos de licenciatura<\/p>\n\t\t\t\t\t\t<\/div>\n\n\t\t\t\t\t<\/li>\n\t\t\t\t                <li class=\"eael-feature-list-item elementor-repeater-item-6112275\">\n                                            <span class=\"connector\" style=\"right: calc(100% - 42px); left: 0;\"><\/span>\n                        <span class=\"connector connector-tablet\" style=\"right: calc(100% - 42px); left: 0;\"><\/span>\n                        <span class=\"connector connector-mobile\" style=\"right: calc(100% - 42px); left: 0;\"><\/span>\n                    \n\t\t\t\t\t\t<div class=\"eael-feature-list-icon-box\">\n\t\t\t\t\t\t\t<div class=\"eael-feature-list-icon-inner\">\n\n\t\t\t\t\t\t\t\t<span class=\"eael-feature-list-icon fl-icon-2\">\n\n\t\t<i aria-hidden=\"true\" class=\"fas fa-calendar-check\"><\/i>\t\t\t\t\t\t\t\t<\/span>\n\t\t\t\t\t\t\t<\/div>\n\t\t\t\t\t\t<\/div>\n\t\t\t\t\t\t<div class=\"eael-feature-list-content-box\">\n                            <h2 class=\"eael-feature-list-title\">6 de diciembre<\/h2>\t\t\t\t\t\t<p class=\"eael-feature-list-content\">Fin de cursos de posgrado <\/p>\n\t\t\t\t\t\t<\/div>\n\n\t\t\t\t\t<\/li>\n\t\t\t\t                <li class=\"eael-feature-list-item elementor-repeater-item-22a5dd5\">\n                                            <span class=\"connector\" style=\"right: calc(100% - 42px); left: 0;\"><\/span>\n                        <span class=\"connector connector-tablet\" style=\"right: calc(100% - 42px); left: 0;\"><\/span>\n                        <span class=\"connector connector-mobile\" style=\"right: calc(100% - 42px); left: 0;\"><\/span>\n                    \n\t\t\t\t\t\t<div class=\"eael-feature-list-icon-box\">\n\t\t\t\t\t\t\t<div class=\"eael-feature-list-icon-inner\">\n\n\t\t\t\t\t\t\t\t<span class=\"eael-feature-list-icon fl-icon-3\">\n\n\t\t<i aria-hidden=\"true\" class=\"fas fa-calendar-check\"><\/i>\t\t\t\t\t\t\t\t<\/span>\n\t\t\t\t\t\t\t<\/div>\n\t\t\t\t\t\t<\/div>\n\t\t\t\t\t\t<div class=\"eael-feature-list-content-box\">\n                            <h2 class=\"eael-feature-list-title\">8 de diciembre<\/h2>\t\t\t\t\t\t<p class=\"eael-feature-list-content\">Fecha l\u00edmite de captura de calificaciones finales y faltas<\/p>\n\t\t\t\t\t\t<\/div>\n\n\t\t\t\t\t<\/li>\n\t\t\t\t                <li class=\"eael-feature-list-item elementor-repeater-item-8334c3d\">\n                                            <span class=\"connector\" style=\"right: calc(100% - 42px); left: 0;\"><\/span>\n                        <span class=\"connector connector-tablet\" style=\"right: calc(100% - 42px); left: 0;\"><\/span>\n                        <span class=\"connector connector-mobile\" style=\"right: calc(100% - 42px); left: 0;\"><\/span>\n                    \n\t\t\t\t\t\t<div class=\"eael-feature-list-icon-box\">\n\t\t\t\t\t\t\t<div class=\"eael-feature-list-icon-inner\">\n\n\t\t\t\t\t\t\t\t<span class=\"eael-feature-list-icon fl-icon-4\">\n\n\t\t<i aria-hidden=\"true\" class=\"fas fa-calendar-check\"><\/i>\t\t\t\t\t\t\t\t<\/span>\n\t\t\t\t\t\t\t<\/div>\n\t\t\t\t\t\t<\/div>\n\t\t\t\t\t\t<div class=\"eael-feature-list-content-box\">\n                            <h2 class=\"eael-feature-list-title\">8 al 12 de diciembre<\/h2>\t\t\t\t\t\t<p class=\"eael-feature-list-content\">Entrega de resultados de solicitud de beca <\/p>\n\t\t\t\t\t\t<\/div>\n\n\t\t\t\t\t<\/li>\n\t\t\t\t                <li class=\"eael-feature-list-item elementor-repeater-item-7bc50c7\">\n                                            <span class=\"connector\" style=\"right: calc(100% - 42px); left: 0;\"><\/span>\n                        <span class=\"connector connector-tablet\" style=\"right: calc(100% - 42px); left: 0;\"><\/span>\n                        <span class=\"connector connector-mobile\" style=\"right: calc(100% - 42px); left: 0;\"><\/span>\n                    \n\t\t\t\t\t\t<div class=\"eael-feature-list-icon-box\">\n\t\t\t\t\t\t\t<div class=\"eael-feature-list-icon-inner\">\n\n\t\t\t\t\t\t\t\t<span class=\"eael-feature-list-icon fl-icon-5\">\n\n\t\t<i aria-hidden=\"true\" class=\"fas fa-calendar-check\"><\/i>\t\t\t\t\t\t\t\t<\/span>\n\t\t\t\t\t\t\t<\/div>\n\t\t\t\t\t\t<\/div>\n\t\t\t\t\t\t<div class=\"eael-feature-list-content-box\">\n                            <h2 class=\"eael-feature-list-title\">9 de diciembre<\/h2>\t\t\t\t\t\t<p class=\"eael-feature-list-content\">Publicaci\u00f3n de calificaciones finales <\/p>\n\t\t\t\t\t\t<\/div>\n\n\t\t\t\t\t<\/li>\n\t\t\t\t                <li class=\"eael-feature-list-item elementor-repeater-item-978e6f8\">\n                                            <span class=\"connector\" style=\"right: calc(100% - 42px); left: 0;\"><\/span>\n                        <span class=\"connector connector-tablet\" style=\"right: calc(100% - 42px); left: 0;\"><\/span>\n                        <span class=\"connector connector-mobile\" style=\"right: calc(100% - 42px); left: 0;\"><\/span>\n                    \n\t\t\t\t\t\t<div class=\"eael-feature-list-icon-box\">\n\t\t\t\t\t\t\t<div class=\"eael-feature-list-icon-inner\">\n\n\t\t\t\t\t\t\t\t<span class=\"eael-feature-list-icon fl-icon-6\">\n\n\t\t<i aria-hidden=\"true\" class=\"fas fa-calendar-check\"><\/i>\t\t\t\t\t\t\t\t<\/span>\n\t\t\t\t\t\t\t<\/div>\n\t\t\t\t\t\t<\/div>\n\t\t\t\t\t\t<div class=\"eael-feature-list-content-box\">\n                            <h2 class=\"eael-feature-list-title\">12 de diciembre<\/h2>\t\t\t\t\t\t<p class=\"eael-feature-list-content\">Ceremonias de Licenciatura y Posgrado<\/p>\n\t\t\t\t\t\t<\/div>\n\n\t\t\t\t\t<\/li>\n\t\t\t\t                <li class=\"eael-feature-list-item elementor-repeater-item-4f9c0bc\">\n                                            <span class=\"connector\" style=\"right: calc(100% - 42px); left: 0;\"><\/span>\n                        <span class=\"connector connector-tablet\" style=\"right: calc(100% - 42px); left: 0;\"><\/span>\n                        <span class=\"connector connector-mobile\" style=\"right: calc(100% - 42px); left: 0;\"><\/span>\n                    \n\t\t\t\t\t\t<div class=\"eael-feature-list-icon-box\">\n\t\t\t\t\t\t\t<div class=\"eael-feature-list-icon-inner\">\n\n\t\t\t\t\t\t\t\t<span class=\"eael-feature-list-icon fl-icon-7\">\n\n\t\t<i aria-hidden=\"true\" class=\"fas fa-calendar-check\"><\/i>\t\t\t\t\t\t\t\t<\/span>\n\t\t\t\t\t\t\t<\/div>\n\t\t\t\t\t\t<\/div>\n\t\t\t\t\t\t<div class=\"eael-feature-list-content-box\">\n                            <h2 class=\"eael-feature-list-title\">10 de diciembre<\/h2>\t\t\t\t\t\t<p class=\"eael-feature-list-content\">Cambio de nota <\/p>\n\t\t\t\t\t\t<\/div>\n\n\t\t\t\t\t<\/li>\n\t\t\t\t\t\t\t<\/ul>\n\t\t<\/div>\n\t\t\t\t\t\t<\/div>\n\t\t\t\t<\/div>\n\t\t\t\t\t<\/div>\n\t\t<\/div>\n\t\t\t\t\t<\/div>\n\t\t<\/section>\n\t\t\t\t<\/div>\n\t\t","protected":false},"excerpt":{"rendered":"<p>Este a\u00f1o ha estado marcado por importantes avances que evidencian el compromiso de quienes forman parte de nuestra universidad con la excelencia, la sostenibilidad y la responsabilidad social. En particular, la Direcci\u00f3n General de Administraci\u00f3n y Finanzas ha centrado sus esfuerzos en robustecer procesos clave, acompa\u00f1ar el crecimiento institucional y dar continuidad a proyectos estrat\u00e9gicos alineados con nuestra visi\u00f3n de cuidado integral y respeto por la Casa Com\u00fan. <\/p>\n","protected":false},"author":1,"featured_media":13661,"comment_status":"closed","ping_status":"closed","sticky":false,"template":"","format":"standard","meta":{"_monsterinsights_skip_tracking":false,"_monsterinsights_sitenote_active":false,"_monsterinsights_sitenote_note":"","_monsterinsights_sitenote_category":0,"_jetpack_memberships_contains_paid_content":false,"footnotes":""},"categories":[54],"tags":[],"class_list":["post-13571","post","type-post","status-publish","format-standard","has-post-thumbnail","hentry","category-numero-47-diciembre-2025"],"yoast_head":"<!-- This site is optimized with the Yoast SEO plugin v27.4 - https:\/\/yoast.com\/product\/yoast-seo-wordpress\/ -->\n<title>Rectores del SUJ llaman a priorizar la salud mental universitaria en la FIL Guadalajara\u00a0 - Pulso<\/title>\n<meta name=\"robots\" content=\"index, follow, max-snippet:-1, max-image-preview:large, max-video-preview:-1\" \/>\n<link rel=\"canonical\" href=\"https:\/\/iberoleonenvio.com\/website_f1c4f9f2\/rectores-del-suj-llaman-a-priorizar-la-salud-mental-universitaria-en-la-fil-guadalajara-2\/\" \/>\n<meta property=\"og:locale\" content=\"es_MX\" \/>\n<meta property=\"og:type\" content=\"article\" \/>\n<meta property=\"og:title\" content=\"Rectores del SUJ llaman a priorizar la salud mental universitaria en la FIL Guadalajara\u00a0 - Pulso\" \/>\n<meta property=\"og:description\" content=\"Este a\u00f1o ha estado marcado por importantes avances que evidencian el compromiso de quienes forman parte de nuestra universidad con la excelencia, la sostenibilidad y la responsabilidad social. En particular, la Direcci\u00f3n General de Administraci\u00f3n y Finanzas ha centrado sus esfuerzos en robustecer procesos clave, acompa\u00f1ar el crecimiento institucional y dar continuidad a proyectos estrat\u00e9gicos alineados con nuestra visi\u00f3n de cuidado integral y respeto por la Casa Com\u00fan.\" \/>\n<meta property=\"og:url\" content=\"https:\/\/iberoleonenvio.com\/website_f1c4f9f2\/rectores-del-suj-llaman-a-priorizar-la-salud-mental-universitaria-en-la-fil-guadalajara-2\/\" \/>\n<meta property=\"og:site_name\" content=\"Pulso\" \/>\n<meta property=\"article:published_time\" content=\"2025-12-05T16:37:20+00:00\" \/>\n<meta property=\"article:modified_time\" content=\"2025-12-05T22:53:20+00:00\" \/>\n<meta property=\"og:image\" content=\"https:\/\/iberoleonenvio.com\/website_f1c4f9f2\/wp-content\/uploads\/2025\/12\/593558719_1175090704752516_3614944839712410524_n.jpg\" \/>\n\t<meta property=\"og:image:width\" content=\"1280\" \/>\n\t<meta property=\"og:image:height\" content=\"768\" \/>\n\t<meta property=\"og:image:type\" content=\"image\/jpeg\" \/>\n<meta name=\"author\" content=\"cacho\" \/>\n<meta name=\"twitter:card\" content=\"summary_large_image\" \/>\n<meta name=\"twitter:label1\" content=\"Escrito por\" \/>\n\t<meta name=\"twitter:data1\" content=\"cacho\" \/>\n\t<meta name=\"twitter:label2\" content=\"Tiempo de lectura\" \/>\n\t<meta name=\"twitter:data2\" content=\"4 minutos\" \/>\n<script type=\"application\/ld+json\" class=\"yoast-schema-graph\">{\"@context\":\"https:\\\/\\\/schema.org\",\"@graph\":[{\"@type\":\"Article\",\"@id\":\"https:\\\/\\\/iberoleonenvio.com\\\/website_f1c4f9f2\\\/rectores-del-suj-llaman-a-priorizar-la-salud-mental-universitaria-en-la-fil-guadalajara-2\\\/#article\",\"isPartOf\":{\"@id\":\"https:\\\/\\\/iberoleonenvio.com\\\/website_f1c4f9f2\\\/rectores-del-suj-llaman-a-priorizar-la-salud-mental-universitaria-en-la-fil-guadalajara-2\\\/\"},\"author\":{\"name\":\"cacho\",\"@id\":\"https:\\\/\\\/iberoleonenvio.com\\\/website_f1c4f9f2\\\/#\\\/schema\\\/person\\\/e05285d2ac1b686990b936521536478d\"},\"headline\":\"Rectores del SUJ llaman a priorizar la salud mental universitaria en la FIL Guadalajara\u00a0\",\"datePublished\":\"2025-12-05T16:37:20+00:00\",\"dateModified\":\"2025-12-05T22:53:20+00:00\",\"mainEntityOfPage\":{\"@id\":\"https:\\\/\\\/iberoleonenvio.com\\\/website_f1c4f9f2\\\/rectores-del-suj-llaman-a-priorizar-la-salud-mental-universitaria-en-la-fil-guadalajara-2\\\/\"},\"wordCount\":531,\"publisher\":{\"@id\":\"https:\\\/\\\/iberoleonenvio.com\\\/website_f1c4f9f2\\\/#organization\"},\"image\":{\"@id\":\"https:\\\/\\\/iberoleonenvio.com\\\/website_f1c4f9f2\\\/rectores-del-suj-llaman-a-priorizar-la-salud-mental-universitaria-en-la-fil-guadalajara-2\\\/#primaryimage\"},\"thumbnailUrl\":\"https:\\\/\\\/i0.wp.com\\\/iberoleonenvio.com\\\/website_f1c4f9f2\\\/wp-content\\\/uploads\\\/2025\\\/12\\\/593558719_1175090704752516_3614944839712410524_n.jpg?fit=1280%2C768&ssl=1\",\"articleSection\":[\"N\u00famero 47 - Diciembre 2025\"],\"inLanguage\":\"es\"},{\"@type\":\"WebPage\",\"@id\":\"https:\\\/\\\/iberoleonenvio.com\\\/website_f1c4f9f2\\\/rectores-del-suj-llaman-a-priorizar-la-salud-mental-universitaria-en-la-fil-guadalajara-2\\\/\",\"url\":\"https:\\\/\\\/iberoleonenvio.com\\\/website_f1c4f9f2\\\/rectores-del-suj-llaman-a-priorizar-la-salud-mental-universitaria-en-la-fil-guadalajara-2\\\/\",\"name\":\"Rectores del SUJ llaman a priorizar la salud mental universitaria en la FIL Guadalajara\u00a0 - Pulso\",\"isPartOf\":{\"@id\":\"https:\\\/\\\/iberoleonenvio.com\\\/website_f1c4f9f2\\\/#website\"},\"primaryImageOfPage\":{\"@id\":\"https:\\\/\\\/iberoleonenvio.com\\\/website_f1c4f9f2\\\/rectores-del-suj-llaman-a-priorizar-la-salud-mental-universitaria-en-la-fil-guadalajara-2\\\/#primaryimage\"},\"image\":{\"@id\":\"https:\\\/\\\/iberoleonenvio.com\\\/website_f1c4f9f2\\\/rectores-del-suj-llaman-a-priorizar-la-salud-mental-universitaria-en-la-fil-guadalajara-2\\\/#primaryimage\"},\"thumbnailUrl\":\"https:\\\/\\\/i0.wp.com\\\/iberoleonenvio.com\\\/website_f1c4f9f2\\\/wp-content\\\/uploads\\\/2025\\\/12\\\/593558719_1175090704752516_3614944839712410524_n.jpg?fit=1280%2C768&ssl=1\",\"datePublished\":\"2025-12-05T16:37:20+00:00\",\"dateModified\":\"2025-12-05T22:53:20+00:00\",\"breadcrumb\":{\"@id\":\"https:\\\/\\\/iberoleonenvio.com\\\/website_f1c4f9f2\\\/rectores-del-suj-llaman-a-priorizar-la-salud-mental-universitaria-en-la-fil-guadalajara-2\\\/#breadcrumb\"},\"inLanguage\":\"es\",\"potentialAction\":[{\"@type\":\"ReadAction\",\"target\":[\"https:\\\/\\\/iberoleonenvio.com\\\/website_f1c4f9f2\\\/rectores-del-suj-llaman-a-priorizar-la-salud-mental-universitaria-en-la-fil-guadalajara-2\\\/\"]}]},{\"@type\":\"ImageObject\",\"inLanguage\":\"es\",\"@id\":\"https:\\\/\\\/iberoleonenvio.com\\\/website_f1c4f9f2\\\/rectores-del-suj-llaman-a-priorizar-la-salud-mental-universitaria-en-la-fil-guadalajara-2\\\/#primaryimage\",\"url\":\"https:\\\/\\\/i0.wp.com\\\/iberoleonenvio.com\\\/website_f1c4f9f2\\\/wp-content\\\/uploads\\\/2025\\\/12\\\/593558719_1175090704752516_3614944839712410524_n.jpg?fit=1280%2C768&ssl=1\",\"contentUrl\":\"https:\\\/\\\/i0.wp.com\\\/iberoleonenvio.com\\\/website_f1c4f9f2\\\/wp-content\\\/uploads\\\/2025\\\/12\\\/593558719_1175090704752516_3614944839712410524_n.jpg?fit=1280%2C768&ssl=1\",\"width\":1280,\"height\":768},{\"@type\":\"BreadcrumbList\",\"@id\":\"https:\\\/\\\/iberoleonenvio.com\\\/website_f1c4f9f2\\\/rectores-del-suj-llaman-a-priorizar-la-salud-mental-universitaria-en-la-fil-guadalajara-2\\\/#breadcrumb\",\"itemListElement\":[{\"@type\":\"ListItem\",\"position\":1,\"name\":\"Inicio\",\"item\":\"https:\\\/\\\/iberoleonenvio.com\\\/website_f1c4f9f2\\\/\"},{\"@type\":\"ListItem\",\"position\":2,\"name\":\"Rectores del SUJ llaman a priorizar la salud mental universitaria en la FIL Guadalajara\u00a0\"}]},{\"@type\":\"WebSite\",\"@id\":\"https:\\\/\\\/iberoleonenvio.com\\\/website_f1c4f9f2\\\/#website\",\"url\":\"https:\\\/\\\/iberoleonenvio.com\\\/website_f1c4f9f2\\\/\",\"name\":\"Pulso\",\"description\":\"\",\"publisher\":{\"@id\":\"https:\\\/\\\/iberoleonenvio.com\\\/website_f1c4f9f2\\\/#organization\"},\"potentialAction\":[{\"@type\":\"SearchAction\",\"target\":{\"@type\":\"EntryPoint\",\"urlTemplate\":\"https:\\\/\\\/iberoleonenvio.com\\\/website_f1c4f9f2\\\/?s={search_term_string}\"},\"query-input\":{\"@type\":\"PropertyValueSpecification\",\"valueRequired\":true,\"valueName\":\"search_term_string\"}}],\"inLanguage\":\"es\"},{\"@type\":\"Organization\",\"@id\":\"https:\\\/\\\/iberoleonenvio.com\\\/website_f1c4f9f2\\\/#organization\",\"name\":\"Pulso\",\"url\":\"https:\\\/\\\/iberoleonenvio.com\\\/website_f1c4f9f2\\\/\",\"logo\":{\"@type\":\"ImageObject\",\"inLanguage\":\"es\",\"@id\":\"https:\\\/\\\/iberoleonenvio.com\\\/website_f1c4f9f2\\\/#\\\/schema\\\/logo\\\/image\\\/\",\"url\":\"https:\\\/\\\/i0.wp.com\\\/iberoleonenvio.com\\\/website_f1c4f9f2\\\/wp-content\\\/uploads\\\/2022\\\/04\\\/cropped-logo_pulso.png?fit=347%2C101&ssl=1\",\"contentUrl\":\"https:\\\/\\\/i0.wp.com\\\/iberoleonenvio.com\\\/website_f1c4f9f2\\\/wp-content\\\/uploads\\\/2022\\\/04\\\/cropped-logo_pulso.png?fit=347%2C101&ssl=1\",\"width\":347,\"height\":101,\"caption\":\"Pulso\"},\"image\":{\"@id\":\"https:\\\/\\\/iberoleonenvio.com\\\/website_f1c4f9f2\\\/#\\\/schema\\\/logo\\\/image\\\/\"}},{\"@type\":\"Person\",\"@id\":\"https:\\\/\\\/iberoleonenvio.com\\\/website_f1c4f9f2\\\/#\\\/schema\\\/person\\\/e05285d2ac1b686990b936521536478d\",\"name\":\"cacho\",\"sameAs\":[\"https:\\\/\\\/iberoleonenvio.com\\\/website_f1c4f9f2\"],\"url\":\"https:\\\/\\\/iberoleonenvio.com\\\/website_f1c4f9f2\\\/author\\\/cacho\\\/\"}]}<\/script>\n<!-- \/ Yoast SEO plugin. -->","yoast_head_json":{"title":"Rectores del SUJ llaman a priorizar la salud mental universitaria en la FIL Guadalajara\u00a0 - Pulso","robots":{"index":"index","follow":"follow","max-snippet":"max-snippet:-1","max-image-preview":"max-image-preview:large","max-video-preview":"max-video-preview:-1"},"canonical":"https:\/\/iberoleonenvio.com\/website_f1c4f9f2\/rectores-del-suj-llaman-a-priorizar-la-salud-mental-universitaria-en-la-fil-guadalajara-2\/","og_locale":"es_MX","og_type":"article","og_title":"Rectores del SUJ llaman a priorizar la salud mental universitaria en la FIL Guadalajara\u00a0 - Pulso","og_description":"Este a\u00f1o ha estado marcado por importantes avances que evidencian el compromiso de quienes forman parte de nuestra universidad con la excelencia, la sostenibilidad y la responsabilidad social. En particular, la Direcci\u00f3n General de Administraci\u00f3n y Finanzas ha centrado sus esfuerzos en robustecer procesos clave, acompa\u00f1ar el crecimiento institucional y dar continuidad a proyectos estrat\u00e9gicos alineados con nuestra visi\u00f3n de cuidado integral y respeto por la Casa Com\u00fan.","og_url":"https:\/\/iberoleonenvio.com\/website_f1c4f9f2\/rectores-del-suj-llaman-a-priorizar-la-salud-mental-universitaria-en-la-fil-guadalajara-2\/","og_site_name":"Pulso","article_published_time":"2025-12-05T16:37:20+00:00","article_modified_time":"2025-12-05T22:53:20+00:00","og_image":[{"width":1280,"height":768,"url":"https:\/\/iberoleonenvio.com\/website_f1c4f9f2\/wp-content\/uploads\/2025\/12\/593558719_1175090704752516_3614944839712410524_n.jpg","type":"image\/jpeg"}],"author":"cacho","twitter_card":"summary_large_image","twitter_misc":{"Escrito por":"cacho","Tiempo de lectura":"4 minutos"},"schema":{"@context":"https:\/\/schema.org","@graph":[{"@type":"Article","@id":"https:\/\/iberoleonenvio.com\/website_f1c4f9f2\/rectores-del-suj-llaman-a-priorizar-la-salud-mental-universitaria-en-la-fil-guadalajara-2\/#article","isPartOf":{"@id":"https:\/\/iberoleonenvio.com\/website_f1c4f9f2\/rectores-del-suj-llaman-a-priorizar-la-salud-mental-universitaria-en-la-fil-guadalajara-2\/"},"author":{"name":"cacho","@id":"https:\/\/iberoleonenvio.com\/website_f1c4f9f2\/#\/schema\/person\/e05285d2ac1b686990b936521536478d"},"headline":"Rectores del SUJ llaman a priorizar la salud mental universitaria en la FIL Guadalajara\u00a0","datePublished":"2025-12-05T16:37:20+00:00","dateModified":"2025-12-05T22:53:20+00:00","mainEntityOfPage":{"@id":"https:\/\/iberoleonenvio.com\/website_f1c4f9f2\/rectores-del-suj-llaman-a-priorizar-la-salud-mental-universitaria-en-la-fil-guadalajara-2\/"},"wordCount":531,"publisher":{"@id":"https:\/\/iberoleonenvio.com\/website_f1c4f9f2\/#organization"},"image":{"@id":"https:\/\/iberoleonenvio.com\/website_f1c4f9f2\/rectores-del-suj-llaman-a-priorizar-la-salud-mental-universitaria-en-la-fil-guadalajara-2\/#primaryimage"},"thumbnailUrl":"https:\/\/i0.wp.com\/iberoleonenvio.com\/website_f1c4f9f2\/wp-content\/uploads\/2025\/12\/593558719_1175090704752516_3614944839712410524_n.jpg?fit=1280%2C768&ssl=1","articleSection":["N\u00famero 47 - Diciembre 2025"],"inLanguage":"es"},{"@type":"WebPage","@id":"https:\/\/iberoleonenvio.com\/website_f1c4f9f2\/rectores-del-suj-llaman-a-priorizar-la-salud-mental-universitaria-en-la-fil-guadalajara-2\/","url":"https:\/\/iberoleonenvio.com\/website_f1c4f9f2\/rectores-del-suj-llaman-a-priorizar-la-salud-mental-universitaria-en-la-fil-guadalajara-2\/","name":"Rectores del SUJ llaman a priorizar la salud mental universitaria en la FIL Guadalajara\u00a0 - Pulso","isPartOf":{"@id":"https:\/\/iberoleonenvio.com\/website_f1c4f9f2\/#website"},"primaryImageOfPage":{"@id":"https:\/\/iberoleonenvio.com\/website_f1c4f9f2\/rectores-del-suj-llaman-a-priorizar-la-salud-mental-universitaria-en-la-fil-guadalajara-2\/#primaryimage"},"image":{"@id":"https:\/\/iberoleonenvio.com\/website_f1c4f9f2\/rectores-del-suj-llaman-a-priorizar-la-salud-mental-universitaria-en-la-fil-guadalajara-2\/#primaryimage"},"thumbnailUrl":"https:\/\/i0.wp.com\/iberoleonenvio.com\/website_f1c4f9f2\/wp-content\/uploads\/2025\/12\/593558719_1175090704752516_3614944839712410524_n.jpg?fit=1280%2C768&ssl=1","datePublished":"2025-12-05T16:37:20+00:00","dateModified":"2025-12-05T22:53:20+00:00","breadcrumb":{"@id":"https:\/\/iberoleonenvio.com\/website_f1c4f9f2\/rectores-del-suj-llaman-a-priorizar-la-salud-mental-universitaria-en-la-fil-guadalajara-2\/#breadcrumb"},"inLanguage":"es","potentialAction":[{"@type":"ReadAction","target":["https:\/\/iberoleonenvio.com\/website_f1c4f9f2\/rectores-del-suj-llaman-a-priorizar-la-salud-mental-universitaria-en-la-fil-guadalajara-2\/"]}]},{"@type":"ImageObject","inLanguage":"es","@id":"https:\/\/iberoleonenvio.com\/website_f1c4f9f2\/rectores-del-suj-llaman-a-priorizar-la-salud-mental-universitaria-en-la-fil-guadalajara-2\/#primaryimage","url":"https:\/\/i0.wp.com\/iberoleonenvio.com\/website_f1c4f9f2\/wp-content\/uploads\/2025\/12\/593558719_1175090704752516_3614944839712410524_n.jpg?fit=1280%2C768&ssl=1","contentUrl":"https:\/\/i0.wp.com\/iberoleonenvio.com\/website_f1c4f9f2\/wp-content\/uploads\/2025\/12\/593558719_1175090704752516_3614944839712410524_n.jpg?fit=1280%2C768&ssl=1","width":1280,"height":768},{"@type":"BreadcrumbList","@id":"https:\/\/iberoleonenvio.com\/website_f1c4f9f2\/rectores-del-suj-llaman-a-priorizar-la-salud-mental-universitaria-en-la-fil-guadalajara-2\/#breadcrumb","itemListElement":[{"@type":"ListItem","position":1,"name":"Inicio","item":"https:\/\/iberoleonenvio.com\/website_f1c4f9f2\/"},{"@type":"ListItem","position":2,"name":"Rectores del SUJ llaman a priorizar la salud mental universitaria en la FIL Guadalajara\u00a0"}]},{"@type":"WebSite","@id":"https:\/\/iberoleonenvio.com\/website_f1c4f9f2\/#website","url":"https:\/\/iberoleonenvio.com\/website_f1c4f9f2\/","name":"Pulso","description":"","publisher":{"@id":"https:\/\/iberoleonenvio.com\/website_f1c4f9f2\/#organization"},"potentialAction":[{"@type":"SearchAction","target":{"@type":"EntryPoint","urlTemplate":"https:\/\/iberoleonenvio.com\/website_f1c4f9f2\/?s={search_term_string}"},"query-input":{"@type":"PropertyValueSpecification","valueRequired":true,"valueName":"search_term_string"}}],"inLanguage":"es"},{"@type":"Organization","@id":"https:\/\/iberoleonenvio.com\/website_f1c4f9f2\/#organization","name":"Pulso","url":"https:\/\/iberoleonenvio.com\/website_f1c4f9f2\/","logo":{"@type":"ImageObject","inLanguage":"es","@id":"https:\/\/iberoleonenvio.com\/website_f1c4f9f2\/#\/schema\/logo\/image\/","url":"https:\/\/i0.wp.com\/iberoleonenvio.com\/website_f1c4f9f2\/wp-content\/uploads\/2022\/04\/cropped-logo_pulso.png?fit=347%2C101&ssl=1","contentUrl":"https:\/\/i0.wp.com\/iberoleonenvio.com\/website_f1c4f9f2\/wp-content\/uploads\/2022\/04\/cropped-logo_pulso.png?fit=347%2C101&ssl=1","width":347,"height":101,"caption":"Pulso"},"image":{"@id":"https:\/\/iberoleonenvio.com\/website_f1c4f9f2\/#\/schema\/logo\/image\/"}},{"@type":"Person","@id":"https:\/\/iberoleonenvio.com\/website_f1c4f9f2\/#\/schema\/person\/e05285d2ac1b686990b936521536478d","name":"cacho","sameAs":["https:\/\/iberoleonenvio.com\/website_f1c4f9f2"],"url":"https:\/\/iberoleonenvio.com\/website_f1c4f9f2\/author\/cacho\/"}]}},"jetpack_featured_media_url":"https:\/\/i0.wp.com\/iberoleonenvio.com\/website_f1c4f9f2\/wp-content\/uploads\/2025\/12\/593558719_1175090704752516_3614944839712410524_n.jpg?fit=1280%2C768&ssl=1","jetpack_sharing_enabled":true,"_links":{"self":[{"href":"https:\/\/iberoleonenvio.com\/website_f1c4f9f2\/wp-json\/wp\/v2\/posts\/13571","targetHints":{"allow":["GET"]}}],"collection":[{"href":"https:\/\/iberoleonenvio.com\/website_f1c4f9f2\/wp-json\/wp\/v2\/posts"}],"about":[{"href":"https:\/\/iberoleonenvio.com\/website_f1c4f9f2\/wp-json\/wp\/v2\/types\/post"}],"author":[{"embeddable":true,"href":"https:\/\/iberoleonenvio.com\/website_f1c4f9f2\/wp-json\/wp\/v2\/users\/1"}],"replies":[{"embeddable":true,"href":"https:\/\/iberoleonenvio.com\/website_f1c4f9f2\/wp-json\/wp\/v2\/comments?post=13571"}],"version-history":[{"count":13,"href":"https:\/\/iberoleonenvio.com\/website_f1c4f9f2\/wp-json\/wp\/v2\/posts\/13571\/revisions"}],"predecessor-version":[{"id":13752,"href":"https:\/\/iberoleonenvio.com\/website_f1c4f9f2\/wp-json\/wp\/v2\/posts\/13571\/revisions\/13752"}],"wp:featuredmedia":[{"embeddable":true,"href":"https:\/\/iberoleonenvio.com\/website_f1c4f9f2\/wp-json\/wp\/v2\/media\/13661"}],"wp:attachment":[{"href":"https:\/\/iberoleonenvio.com\/website_f1c4f9f2\/wp-json\/wp\/v2\/media?parent=13571"}],"wp:term":[{"taxonomy":"category","embeddable":true,"href":"https:\/\/iberoleonenvio.com\/website_f1c4f9f2\/wp-json\/wp\/v2\/categories?post=13571"},{"taxonomy":"post_tag","embeddable":true,"href":"https:\/\/iberoleonenvio.com\/website_f1c4f9f2\/wp-json\/wp\/v2\/tags?post=13571"}],"curies":[{"name":"wp","href":"https:\/\/api.w.org\/{rel}","templated":true}]}}