{"id":14377,"date":"2026-04-07T17:04:12","date_gmt":"2026-04-07T17:04:12","guid":{"rendered":"https:\/\/iberoleonenvio.com\/website_f1c4f9f2\/?p=14377"},"modified":"2026-04-08T15:16:41","modified_gmt":"2026-04-08T15:16:41","slug":"registro-de-personas-desaparecidas-2026-notas-criticas-y-contextos","status":"publish","type":"post","link":"https:\/\/iberoleonenvio.com\/website_f1c4f9f2\/registro-de-personas-desaparecidas-2026-notas-criticas-y-contextos\/","title":{"rendered":"Registro de personas desaparecidas 2026: notas cr\u00edticas y contextos"},"content":{"rendered":"\t\t<div data-elementor-type=\"wp-post\" data-elementor-id=\"14377\" class=\"elementor elementor-14377\">\n\t\t\t\t\t\t<section class=\"elementor-section elementor-top-section elementor-element elementor-element-eb1158a elementor-section-full_width elementor-section-stretched elementor-section-height-default elementor-section-height-default e-parent\" data-id=\"eb1158a\" data-element_type=\"section\" data-e-type=\"section\" data-settings=\"{&quot;stretch_section&quot;:&quot;section-stretched&quot;}\">\n\t\t\t\t\t\t<div class=\"elementor-container elementor-column-gap-no\">\n\t\t\t\t\t<div class=\"elementor-column elementor-col-100 elementor-top-column elementor-element elementor-element-04bfa96 lakit-col-width-auto-no\" data-id=\"04bfa96\" data-element_type=\"column\" data-e-type=\"column\">\n\t\t\t<div class=\"elementor-widget-wrap elementor-element-populated\">\n\t\t\t\t\t\t<div class=\"elementor-element elementor-element-92891d7 elementor-widget__width-initial cabecera-articulo elementor-widget elementor-widget-heading\" data-id=\"92891d7\" data-element_type=\"widget\" data-e-type=\"widget\" data-widget_type=\"heading.default\">\n\t\t\t\t<div class=\"elementor-widget-container\">\n\t\t\t\t\t<h2 class=\"elementor-heading-title elementor-size-large\">\n\n\n\n\n\n\n\n<\/h2>\t\t\t\t<\/div>\n\t\t\t\t<\/div>\n\t\t\t\t\t<\/div>\n\t\t<\/div>\n\t\t\t\t\t<\/div>\n\t\t<\/section>\n\t\t\t\t<section class=\"elementor-section elementor-top-section elementor-element elementor-element-1b06fc3 elementor-section-content-middle elementor-section-boxed elementor-section-height-default elementor-section-height-default e-parent\" data-id=\"1b06fc3\" data-element_type=\"section\" data-e-type=\"section\">\n\t\t\t\t\t\t<div class=\"elementor-container elementor-column-gap-no\">\n\t\t\t\t\t<div class=\"elementor-column elementor-col-66 elementor-top-column elementor-element elementor-element-db327b6 lakit-col-width-auto-no\" data-id=\"db327b6\" data-element_type=\"column\" data-e-type=\"column\">\n\t\t\t<div class=\"elementor-widget-wrap elementor-element-populated\">\n\t\t\t\t\t\t<div class=\"elementor-element elementor-element-2911c28 eael-dual-header-content-align-left elementor-widget elementor-widget-eael-dual-color-header\" data-id=\"2911c28\" data-element_type=\"widget\" data-e-type=\"widget\" data-widget_type=\"eael-dual-color-header.default\">\n\t\t\t\t<div class=\"elementor-widget-container\">\n\t\t\t\t\t\t\t\t<div class=\"eael-dual-header\">\n\t\t\t\t<h2 class=\"title eael-dch-title\"><span class=\"eael-dch-title-text eael-dch-title-lead lead solid-color\">Registro de personas desaparecidas 2026: <\/span> <span class=\"eael-dch-title-text\">notas cr\u00edticas y contextos <\/span><\/h2>\t\t\t<\/div>\n\n\t\t\t\t\t\t<\/div>\n\t\t\t\t<\/div>\n\t\t\t\t\t<\/div>\n\t\t<\/div>\n\t\t\t\t<div class=\"elementor-column elementor-col-33 elementor-top-column elementor-element elementor-element-1b3cf7b lakit-col-width-auto-no\" data-id=\"1b3cf7b\" data-element_type=\"column\" data-e-type=\"column\">\n\t\t\t<div class=\"elementor-widget-wrap elementor-element-populated\">\n\t\t\t\t\t\t<div class=\"elementor-element elementor-element-369980b elementor-widget__width-auto elementor-widget elementor-widget-jblog_post_category\" data-id=\"369980b\" data-element_type=\"widget\" data-e-type=\"widget\" data-widget_type=\"jblog_post_category.default\">\n\t\t\t\t<div class=\"elementor-widget-container\">\n\t\t\t\t\t<div  class=\"jblog-post-category-elements jblog-post-category right jeg_module___69eeac8be9f13 numero-actual  \"><a href=\"https:\/\/iberoleonenvio.com\/website_f1c4f9f2\/category\/numero-50-abril-2026\/\" class=\"category-numero-50-abril-2026\">N\u00famero 50 - Abril 2026<\/a><\/div>\t\t\t\t<\/div>\n\t\t\t\t<\/div>\n\t\t\t\t\t<\/div>\n\t\t<\/div>\n\t\t\t\t\t<\/div>\n\t\t<\/section>\n\t\t\t\t<section class=\"elementor-section elementor-top-section elementor-element elementor-element-6732a7a elementor-section-boxed elementor-section-height-default elementor-section-height-default e-parent\" data-id=\"6732a7a\" data-element_type=\"section\" data-e-type=\"section\">\n\t\t\t\t\t\t<div class=\"elementor-container elementor-column-gap-default\">\n\t\t\t\t\t<div class=\"elementor-column elementor-col-66 elementor-top-column elementor-element elementor-element-d7e31b3 lakit-col-width-auto-no\" data-id=\"d7e31b3\" data-element_type=\"column\" data-e-type=\"column\">\n\t\t\t<div class=\"elementor-widget-wrap elementor-element-populated\">\n\t\t\t\t\t\t<section class=\"elementor-section elementor-inner-section elementor-element elementor-element-0508001 elementor-section-boxed elementor-section-height-default elementor-section-height-default\" data-id=\"0508001\" data-element_type=\"section\" data-e-type=\"section\">\n\t\t\t\t\t\t<div class=\"elementor-container elementor-column-gap-default\">\n\t\t\t\t\t<div class=\"elementor-column elementor-col-50 elementor-inner-column elementor-element elementor-element-4c7a714 lakit-col-width-auto-no\" data-id=\"4c7a714\" data-element_type=\"column\" data-e-type=\"column\">\n\t\t\t<div class=\"elementor-widget-wrap\">\n\t\t\t\t\t\t\t<\/div>\n\t\t<\/div>\n\t\t\t\t<div class=\"elementor-column elementor-col-50 elementor-inner-column elementor-element elementor-element-ec0aa77 lakit-col-width-auto-no\" data-id=\"ec0aa77\" data-element_type=\"column\" data-e-type=\"column\">\n\t\t\t<div class=\"elementor-widget-wrap elementor-element-populated\">\n\t\t\t\t\t\t<div class=\"elementor-element elementor-element-af66cc9 elementor-widget elementor-widget-text-editor\" data-id=\"af66cc9\" data-element_type=\"widget\" data-e-type=\"widget\" data-widget_type=\"text-editor.default\">\n\t\t\t\t<div class=\"elementor-widget-container\">\n\t\t\t\t\t\t\t\t\t<p style=\"text-align: right;\">Dr. Fabrizio Lorusso<\/p><p style=\"text-align: right;\"><b><span data-contrast=\"auto\">Acad\u00e9mico investigador<\/span><\/b><\/p>\t\t\t\t\t\t\t\t<\/div>\n\t\t\t\t<\/div>\n\t\t\t\t\t<\/div>\n\t\t<\/div>\n\t\t\t\t\t<\/div>\n\t\t<\/section>\n\t\t\t\t<div class=\"elementor-element elementor-element-dfceae0 elementor-widget__width-initial elementor-widget elementor-widget-text-editor\" data-id=\"dfceae0\" data-element_type=\"widget\" data-e-type=\"widget\" data-widget_type=\"text-editor.default\">\n\t\t\t\t<div class=\"elementor-widget-container\">\n\t\t\t\t\t\t\t\t\t<p><b><span data-contrast=\"auto\">Nota preliminar<\/span><\/b><span data-contrast=\"auto\">. <\/span><i><span data-contrast=\"auto\">La nueva versi\u00f3n del registro de personas desaparecidas en M\u00e9xico introduce divisiones que, m\u00e1s que aclarar el fen\u00f3meno, podr\u00edan distorsionar su dimensi\u00f3n real. Este nuevo esquema no constituye un registro distinto, sino una reorganizaci\u00f3n que segmenta los casos en cuatro categor\u00edas, comenzando por separar las desapariciones previas a 2006. Esta divisi\u00f3n ignora la continuidad de las desapariciones forzadas en el pa\u00eds. Sobre el resto de los m\u00e1s de 130 mil casos, se clasifican en tres grupos: aquellos con alg\u00fan registro de actividad posterior a la desaparici\u00f3n, otros sin movimientos en bases de datos y un tercer grupo considerado \u201cno apto\u201d para b\u00fasqueda por falta de informaci\u00f3n. Asimismo, el grupo sin datos suficientes podr\u00eda ser relegado. Falta de una pol\u00edtica integral que acompa\u00f1e este redise\u00f1o del registro inconsistencias en las cifras de investigaciones abiertas y fallas en los registros oficiales.<\/span><\/i><span data-contrast=\"auto\">\u00a0<\/span><span data-ccp-props=\"{&quot;335551550&quot;:6,&quot;335551620&quot;:6}\">\u00a0<\/span><\/p><p><a href=\"https:\/\/audiorama.mx\/nuevo-registro-de-desaparecidos-maquilla-la-crisis-y-divide-casos-con-criterios-politicos\/60298\"><b><span data-contrast=\"none\">En entrevista con la periodista guanajuatense<\/span><\/b><\/a><span data-contrast=\"auto\">, especializada en temas de violencia y desapariciones, Alfonsina \u00c1vila, expres\u00e9 textualmente, las arriba citadas inquietudes acerca de lo primero que saltaba a la vista tras la presentaci\u00f3n del Registro Nacional de Personas Desaparecidas y No Localizadas (RNPDNO).<\/span><span data-ccp-props=\"{&quot;335551550&quot;:6,&quot;335551620&quot;:6}\">\u00a0<\/span><\/p><p><span data-contrast=\"auto\">Con base en las reformas legales a la Ley General de Desaparici\u00f3n de junio del a\u00f1o pasado, fue presentada el viernes 27 de marzo en conferencia matutina la ya varias veces preanunciada actualizaci\u00f3n del mencionado Registro, a la par de que entr\u00f3 en vigor, el 26 de marzo, <\/span><a href=\"https:\/\/dof.gob.mx\/nota_detalle.php?codigo=5783197&amp;fecha=25\/03\/2026#gsc.tab=0\"><span data-contrast=\"none\">tras su publicaci\u00f3n un d\u00eda antes en el DOF<\/span><\/a><span data-contrast=\"auto\">, una nueva versi\u00f3n del Protocolo Homologado de B\u00fasqueda, en donde se refleja la atinada, en mi opini\u00f3n, decisi\u00f3n de eliminar la categor\u00eda de personas no localizada y dejar solo la de persona desaparecida, reforzando el deber del MP de abrir carpeta de investigaci\u00f3n inmediatamente. Tambi\u00e9n en febrero entr\u00f3 en vigor el <\/span><a href=\"https:\/\/comisionacionaldebusqueda.segob.gob.mx\/wp-content\/uploads\/2026\/02\/Protocolo-Alerta-Nacional-de-Busqueda.pdf?x21506\"><span data-contrast=\"none\">nuevo Protocolo de Alerta\u202fNacional de B\u00fasqueda y Localizaci\u00f3n<\/span><\/a><span data-contrast=\"auto\"> que no voy a analizar aqu\u00ed, pero completa el marco legal que vamos a revisar.<\/span><span data-ccp-props=\"{&quot;335551550&quot;:6,&quot;335551620&quot;:6}\">\u00a0<\/span><\/p><p><span data-contrast=\"auto\">En la ma\u00f1anera, se detall\u00f3 un total hist\u00f3rico de 394,645 registros de desapariciones, o sea personas en alg\u00fan momento reportadas como no localizadas o desaparecidas, desde 1952, indicando que 132,524 personas siguen desaparecidas o no localizadas a la fecha, con nuevas reclasificaciones en las cifras.\u00a0<\/span><span data-ccp-props=\"{&quot;335551550&quot;:6,&quot;335551620&quot;:6}\">\u00a0<\/span><\/p><p><span data-contrast=\"auto\">De entrada, sostengo que el problema del registro y del propio fen\u00f3meno de la desaparici\u00f3n de personas, as\u00ed como otros problemas graves relacionados como el rezago forense y la impunidad, se han vuelto cumulativos, continuos y estructurales desde finales del siglo pasado, increment\u00e1ndose radicalmente en las \u00faltimas dos d\u00e9cadas, ante la multiplicaci\u00f3n de violencias criminales, estatales, institucionales, empresariales y econ\u00f3micas en contra de las y los m\u00e1s vulnerables en la sociedad mexicana.<\/span><span data-ccp-props=\"{&quot;335551550&quot;:6,&quot;335551620&quot;:6}\">\u00a0<\/span><\/p><p><span data-contrast=\"auto\">Por ejemplo, el hecho de que haya m\u00e1s de 72,100 cuerpos sin identificar en instalaciones, morgues, panteones forenses y municipales, fosas comunes y otros sitios de resguardo en todo el pa\u00eds ya no es simplemente una \u201ccrisis forense\u201d sino una acumulaci\u00f3n, m\u00e1s o menos deliberada y desbordada, de rezagos y ocultamientos de responsabilidades.\u00a0<\/span><span data-ccp-props=\"{&quot;335551550&quot;:6,&quot;335551620&quot;:6}\">\u00a0<\/span><\/p><p><span data-contrast=\"auto\">Lo mismo sucede con las personas desaparecidas y sus registros: ya en 2017 el <\/span><a href=\"https:\/\/repositorio.colmex.mx\/concern\/books\/fj2363013?locale=es\"><span data-contrast=\"none\">Centro Diocesano para los Derechos Humanos Fray Juan de Larios<\/span><\/a><span data-contrast=\"auto\"> hab\u00eda publicado un Diagn\u00f3stico del Registro Nacional de Datos de Personas Extraviadas o Desaparecidas RNEPD, una base de datos que termin\u00f3 de funcionar en abril de 2018 y fue sustituida en 2020 por el actual RNPDNO. Este \u00faltimo, sin embargo, arrastr\u00f3 varios de los defectos y problemas estructurales de su antecesor, aunque s\u00ed represent\u00f3 un avance significativo en su momento. Antes, entre 2010 y 2011, lo datos sobre personas desaparecidas ni exist\u00edan oficialmente, sino que eran \u201cfiltrados\u201d por la prensa internacional o funcionarios de seguridad en M\u00e9xico.<\/span><span data-ccp-props=\"{&quot;335551550&quot;:6,&quot;335551620&quot;:6}\">\u00a0<\/span><\/p><p><span data-contrast=\"auto\">Si las autoridades responsables, valga la redundancia, no se hacen realmente responsables y, al contrario, de forma deliberada u omisa, irregular o desaseada, llenan mal los registros y no hay sanci\u00f3n, ni un equipo dedicado a arreglarlos, finalmente esa \u201cresponsabilidad\u201d, como ya sucede en muchos otros asuntos, recae en los familiares, injustamente cargados con el peso de buscar, investigar, identificar, denunciar y mil tareas m\u00e1s.<\/span><span data-ccp-props=\"{&quot;335551550&quot;:6,&quot;335551620&quot;:6}\">\u00a0<\/span><\/p><p><b><span data-contrast=\"auto\">Nota 1.<\/span><\/b><span data-contrast=\"auto\"> Tanto respecto del Protocolo como del Registro el sistema queda cada vez m\u00e1s vinculado con la apertura o existencia de una carpeta de investigaci\u00f3n: si bien queda firme la obligaci\u00f3n de b\u00fasqueda inmediata para las comisiones de b\u00fasqueda de todo el pa\u00eds, as\u00ed como para las autoridades ministeriales y otras que reciban un reporte, contar con un n\u00famero de carpeta, una denuncia rendida ante ministerio p\u00fablico, detonar\u00e1 el despliegue m\u00e1s completo de herramientas digitales de b\u00fasqueda a trav\u00e9s del cruce de bases de datos p\u00fablicas y privadas con el Registro Nacional.\u00a0<\/span><span data-ccp-props=\"{&quot;335551550&quot;:6,&quot;335551620&quot;:6}\">\u00a0<\/span><\/p><p><span data-contrast=\"auto\">De hecho, tambi\u00e9n a las instituciones de educaci\u00f3n superior privada ya fue solicitada, con fecha l\u00edmite al 31 de marzo, por parte de la Secretar\u00eda de Gobernaci\u00f3n, la interconexi\u00f3n con el fin de ampliar la malla de fuentes informativas sobre personas buscadas.<\/span><span data-ccp-props=\"{&quot;335551550&quot;:6,&quot;335551620&quot;:6}\">\u00a0<\/span><\/p><p><span data-contrast=\"auto\">Lo anterior, por un lado, puede ayudar a sistematizar los casos, incluy\u00e9ndolos tambi\u00e9n en la reci\u00e9n creada base nacional de carpetas de investigaci\u00f3n, y a refrendar responsabilidades y atribuciones de los ministerios p\u00fablicos en buscar e investigar. Con todo, claro est\u00e1 que si la base de carpetas solo contiene las que se abren por dos delitos, el de desaparici\u00f3n forzada y cometida por particulares, no va a incluir la mayor\u00eda del universo de casos que afectan decenas de miles de personas.\u00a0<\/span><span data-ccp-props=\"{&quot;335551550&quot;:6,&quot;335551620&quot;:6}\">\u00a0<\/span><\/p><p><span data-contrast=\"auto\">Cabe mencionar que no es que antes, en la propia Ley General del 2017, no estuvieran claras o contundentes estas obligaciones. Efectivamente la categor\u00eda de persona no localizada era ya residual o marginal. Aun as\u00ed, el incumplimiento y la omisi\u00f3n han primado y el problema no ha sido la ausencia de previsiones legales y protocolos sino su aplicaci\u00f3n y respeto.\u00a0<\/span><span data-ccp-props=\"{&quot;335551550&quot;:6,&quot;335551620&quot;:6}\">\u00a0<\/span><\/p><p><span data-contrast=\"auto\">Por otro lado, el sistema nacional de b\u00fasqueda y las comisiones de b\u00fasqueda, como encargadas de la b\u00fasqueda humanitaria e incondicional de las personas, fueron creadas con la Ley General del 2017, implementada paulatinamente en el pa\u00eds del 2018 en adelante, justo con el fin o funci\u00f3n de limitar el monopolio en este campo de polic\u00edas y fiscal\u00edas ineficientes y\/o corruptas que obstaculizaban y en muchos casos siguen obstaculizando la b\u00fasqueda, la investigaci\u00f3n y la identificaci\u00f3n.\u00a0<\/span><span data-ccp-props=\"{&quot;335551550&quot;:6,&quot;335551620&quot;:6}\">\u00a0<\/span><\/p><p><span data-contrast=\"auto\">Uno de los motivos era justo la desconfianza generalizada hacia las fiscal\u00edas, as\u00ed como el funcionamiento del modelo colombiano como ejemplo que, pocos a\u00f1os antes que el mexicano, tambi\u00e9n hab\u00eda atribuido a instituciones nuevas, especializadas y (relativamente) m\u00e1s cercanas a la gente las tareas de b\u00fasqueda en vida y en campo, sin necesidad de una denuncia penal.\u00a0<\/span><span data-ccp-props=\"{&quot;335551550&quot;:6,&quot;335551620&quot;:6}\">\u00a0<\/span><\/p><p><span data-contrast=\"auto\">Ahora, en parte, el modelo sale modificado, no tanto o no solo desde la ley reformada en 2025, sino del conjunto de mecanismos del protocolo homologado y del registro: ser\u00e1 cada vez m\u00e1s dif\u00edcil, en los hechos, que una persona desaparecida est\u00e9 en el registro y sea buscada mediante cruce masivo y constante de bases de datos si no cuenta con carpeta de investigaci\u00f3n. Resulta complicado e incorrecto f\u00e1ctica y metodol\u00f3gicamente asimilar o reducir el fen\u00f3meno de las desapariciones a las carpetas.<\/span><span data-ccp-props=\"{&quot;335551550&quot;:6,&quot;335551620&quot;:6}\">\u00a0<\/span><\/p><p><span data-contrast=\"auto\">No hay que olvidar que los problemas hist\u00f3ricos, las malas pr\u00e1cticas y la distancia entre fiscal\u00edas y v\u00edctimas indirectas no ha sido y no puede ser borrada de un plumazo con modificaciones legales o por orden presidencial.\u00a0<\/span><span data-ccp-props=\"{&quot;335551550&quot;:6,&quot;335551620&quot;:6}\">\u00a0<\/span><\/p><p><span data-contrast=\"auto\">Orden (o rega\u00f1o) presidencial que, adem\u00e1s, no ha sido emitida, pues en todas las presentaciones del sexenio presente y pasado nunca se ha hecho realmente hincapi\u00e9 en las tremendas responsabilidades de centenares de servidores p\u00fablicos ineptos, nunca responsabilizados y\/o (peor) coludidos que a\u00f1o tras a\u00f1o fueron integrando registros, entradas, carpetas, reportes, expedientes, averiguaciones, actas circunstancias, indagatorias o como las quieran llamar, que conten\u00edan hartas fallas, errores, imprecisiones y francas bestialidades que imposibilitan su uso, hoy, como instrumento de localizaci\u00f3n y de judicializaci\u00f3n.\u00a0<\/span><span data-ccp-props=\"{&quot;335551550&quot;:6,&quot;335551620&quot;:6}\">\u00a0<\/span><\/p><p><span data-contrast=\"auto\">En este aspecto hace falta una pol\u00edtica integral de sanci\u00f3n, reconfiguraci\u00f3n, mejora y reforma del trabajo y estructura de las fiscal\u00edas y servicios periciales y forenses, as\u00ed como de los centros de identificaci\u00f3n y la actuaci\u00f3n de los ministerios p\u00fablicos. Un mensaje claro y cambios legales, al menos comenzando por las fiscal\u00edas especializadas en las desapariciones y cualquier otra que trate casos relacionados con \u00e9stas, hubiera completado y dimensionado mejor el alcance de los cambios implementados en el registro.\u00a0<\/span><span data-ccp-props=\"{&quot;335551550&quot;:6,&quot;335551620&quot;:6}\">\u00a0<\/span><\/p><p><span data-contrast=\"auto\">Podr\u00edamos llamarle \u201ccombate\u201d y protecci\u00f3n p\u00fablica de \u201cla desaparici\u00f3n burocr\u00e1tica\u201d, que es una forma de violencia institucional, y a la doble o triple desaparici\u00f3n: la de una persona, la de su expediente o carpeta y, luego, la de su cuerpo y restos para la identificaci\u00f3n forense.<\/span><span data-ccp-props=\"{&quot;335551550&quot;:6,&quot;335551620&quot;:6}\">\u00a0<\/span><\/p><p><b><span data-contrast=\"auto\">Nota 2. <\/span><\/b><span data-contrast=\"auto\">Otro punto a destacar es que, contrario a como ha sido presentado tambi\u00e9n en muchos medios, no hay un \u201cnuevo\u201d registro, sino una actualizaci\u00f3n de datos, la reducci\u00f3n de duplicados y una reclasificaci\u00f3n o subdivisi\u00f3n de los m\u00e1s de 132 mil registros en una serie de categor\u00edas operativas y \u201cextralegales\u201d, por as\u00ed decirlo.\u00a0<\/span><span data-ccp-props=\"{&quot;335551550&quot;:6,&quot;335551620&quot;:6}\">\u00a0<\/span><\/p><p><span data-contrast=\"auto\">Estas han sido planteadas de forma casi \u201cpedag\u00f3gica\u201d por el gobierno no solo recientemente, sino tambi\u00e9n desde la \u00e9poca del llamado \u201ccenso\u201d de L\u00f3pez Obrador, cuando, ante la poca competencia espec\u00edfica en la materia de la entonces comisionada de b\u00fasqueda, Guadalupe Reyes, era Luisa Mar\u00eda Alcalde quien se encargaba de explicar did\u00e1cticamente los cambios y dar la cara.<\/span><span data-ccp-props=\"{&quot;335551550&quot;:6,&quot;335551620&quot;:6}\">\u00a0<\/span><\/p><p><span data-contrast=\"auto\">Tanto en aquel entonces, en 2023 y 24,\u00a0 como hoy, uno de los art\u00edfices de los cambios y las negociaciones con colectivos y familiares, aunque en realidad solo con una parte de estos, ha sido Arturo Medina, hoy Subsecretario de DH, Poblaci\u00f3n y Migraci\u00f3n de la Secretar\u00eda de Gobernaci\u00f3n, funcionario que, de facto, intent\u00f3 fracturar y, substancialmente, dar largas al movimiento de los padres y madres de Ayotzinapa ante la falta de avances contundentes sobre verdad, justicia y reparaci\u00f3n en el caso de los 43 estudiantes desaparecidos forzadamente (por el Estado, o sea, por servidores p\u00fablicos, en efecto coordinados) la noche del 26-27 de septiembre de 2014.<\/span><span data-ccp-props=\"{&quot;335551550&quot;:6,&quot;335551620&quot;:6}\">\u00a0<\/span><\/p><p><span data-contrast=\"auto\">Colectivos se\u00f1alan que, actualmente, varias personas que acompa\u00f1an, aun teniendo abierta una carpeta de investigaci\u00f3n, no se encuentran en el sistema del registro o est\u00e1n con datos insuficientes y mal capturados, algo que desde 2024 se viene denunciando y no ha sido subsanado.\u00a0<\/span><span data-ccp-props=\"{&quot;335551550&quot;:6,&quot;335551620&quot;:6}\">\u00a0<\/span><\/p><p><span data-contrast=\"auto\">Si por omisi\u00f3n del MP, o miedo a denunciar debido a amenazas de autoridades o poderes criminales, muchas personas no pueden y no quieren denunciar y contar con n\u00famero de carpeta, \u00bfqu\u00e9 va a ser de sus datos en el Registro Nacional y las consecuentes b\u00fasquedas que mediante este se deben realizar? \u00bfVan a poder las comisiones de b\u00fasqueda cargar al Registro informaci\u00f3n de personas sin carpeta de investigaci\u00f3n abierta? Al parecer se est\u00e1 cerrando esta ventana de posibilidades, seg\u00fan dicta el Protocolo de B\u00fasqueda en versi\u00f3n 2026.<\/span><span data-ccp-props=\"{&quot;335551550&quot;:6,&quot;335551620&quot;:6}\">\u00a0<\/span><\/p><p><span data-contrast=\"auto\">En algunos estados como Guanajuato es posible denunciar y obtener n\u00famero de carpeta por tel\u00e9fono o en l\u00ednea, pero despu\u00e9s hay que refrendar la denuncia presencialmente. Pero en los cambios recientemente presentados a nivel nacional, no hay previsi\u00f3n de facilidades efectivas para acercar a la ciudadan\u00eda a la cultura y a la posibilidad, con confianza y seguridad, de ejercer derechos como la denuncia de un delito tan impactante como la desaparici\u00f3n, el seguimiento del expediente y la participaci\u00f3n conjunta.<\/span><span data-ccp-props=\"{&quot;335551550&quot;:6,&quot;335551620&quot;:6}\">\u00a0<\/span><\/p><p><span data-contrast=\"auto\">Cuando la amenaza proviene de funcionarios o instituciones, no se antoja factible vincular \u00fanica y tajantemente una b\u00fasqueda eficaz y plena de la persona con la carpeta. En otras palabras, aun sin denuncia ante MP, todas las herramientas posibles de b\u00fasqueda, incluyendo las ligadas al RNPDNO, a la CURP biom\u00e9trica y otras bases, deber\u00edan de activarse, as\u00ed que hay cierta preocupaci\u00f3n al respecto de parte de muchas personas buscadoras y de quienes acompa\u00f1amos procesos colectivos de este tipo.<\/span><span data-ccp-props=\"{&quot;335551550&quot;:6,&quot;335551620&quot;:6}\">\u00a0<\/span><\/p><p><b><span data-contrast=\"auto\">Nota 3. <\/span><\/b><span data-contrast=\"auto\">El 27 de marzo, Marcela Figueroa, titular del Secretariado Ejecutivo del Sistema Nacional de Seguridad P\u00fablica (SESNSP), y Arturo Medina Padilla compartieron la informaci\u00f3n siguiente:<\/span><span data-ccp-props=\"{&quot;335551550&quot;:6,&quot;335551620&quot;:6}\">\u00a0<\/span><\/p><ul><li aria-setsize=\"-1\" data-leveltext=\"-\" data-font=\"Aptos\" data-listid=\"3\" data-list-defn-props=\"{&quot;335551671&quot;:3,&quot;335552541&quot;:1,&quot;335559685&quot;:720,&quot;335559991&quot;:360,&quot;469769226&quot;:&quot;Aptos&quot;,&quot;469769242&quot;:[8226],&quot;469777803&quot;:&quot;left&quot;,&quot;469777804&quot;:&quot;-&quot;,&quot;469777815&quot;:&quot;hybridMultilevel&quot;}\" data-aria-posinset=\"3\" data-aria-level=\"1\"><span data-contrast=\"auto\">Desde 2018 se sistematiz\u00f3 el registro que abarca desde mediados del siglo XX hasta la fecha, en el cual el total de personas registradas es de 394,645. Las personas Localizadas son 262,111 (66% del total).\u00a0<\/span><span data-ccp-props=\"{&quot;335551550&quot;:6,&quot;335551620&quot;:6}\">\u00a0<\/span><\/li><li aria-setsize=\"-1\" data-leveltext=\"-\" data-font=\"Aptos\" data-listid=\"3\" data-list-defn-props=\"{&quot;335551671&quot;:3,&quot;335552541&quot;:1,&quot;335559685&quot;:720,&quot;335559991&quot;:360,&quot;469769226&quot;:&quot;Aptos&quot;,&quot;469769242&quot;:[8226],&quot;469777803&quot;:&quot;left&quot;,&quot;469777804&quot;:&quot;-&quot;,&quot;469777815&quot;:&quot;hybridMultilevel&quot;}\" data-aria-posinset=\"3\" data-aria-level=\"1\"><span data-contrast=\"auto\">Seg\u00fan la presentaci\u00f3n el 92% fueron encontradas con vida y 96% no fueron v\u00edctimas de delito.\u202f<\/span><span data-ccp-props=\"{&quot;335551550&quot;:6,&quot;335551620&quot;:6}\">\u00a0<\/span><\/li><li aria-setsize=\"-1\" data-leveltext=\"-\" data-font=\"Aptos\" data-listid=\"3\" data-list-defn-props=\"{&quot;335551671&quot;:3,&quot;335552541&quot;:1,&quot;335559685&quot;:720,&quot;335559991&quot;:360,&quot;469769226&quot;:&quot;Aptos&quot;,&quot;469769242&quot;:[8226],&quot;469777803&quot;:&quot;left&quot;,&quot;469777804&quot;:&quot;-&quot;,&quot;469777815&quot;:&quot;hybridMultilevel&quot;}\" data-aria-posinset=\"3\" data-aria-level=\"1\"><span data-contrast=\"auto\">Entonces, el registro actual de personas desaparecidas a la fecha es de132,534 (34% del total de las que en alg\u00fan momento fueron reportadas).<\/span><span data-ccp-props=\"{&quot;335551550&quot;:6,&quot;335551620&quot;:6}\">\u00a0<\/span><\/li><\/ul><p><span data-contrast=\"auto\">Aqu\u00ed, lo que llama la atenci\u00f3n es la narrativa seg\u00fan la cual el 96% de las personas localizadas en todos los a\u00f1os disponibles para el an\u00e1lisis no fue v\u00edctima de delitos, porque no se aclara la metodolog\u00eda para se\u00f1alarlo, ni hay en el registro alg\u00fan rubro en donde podr\u00edamos verificarlo.\u00a0<\/span><span data-ccp-props=\"{&quot;335551550&quot;:6,&quot;335551620&quot;:6}\">\u00a0<\/span><\/p><p><span data-contrast=\"auto\">De hecho, en muchos estados, en donde ni siquiera existen los registros estatales de personas desaparecidas y de fosas como lo dicta la legislaci\u00f3n, una petici\u00f3n de colectivos y sociedad civil ha sido la de incluir datos sobre las razones de cada localizaci\u00f3n, sobre si fue un regreso voluntario o por intervenci\u00f3n de alguna autoridad, y justamente si hubo alg\u00fan crimen.\u00a0<\/span><span data-ccp-props=\"{&quot;335551550&quot;:6,&quot;335551620&quot;:6}\">\u00a0<\/span><\/p><p><span data-contrast=\"auto\">Esto \u00faltimo es pol\u00e9mico porque en muchos casos, especialmente al tratarse de mujeres o menores de edad, se han detectado subregistros de los delitos, cifras negras, dificultado o peligro en denunciar y registrar lo que realmente ha pasado, por lo que puede distorsionar la realidad y presentarla como \u201crosea\u201d cuando no lo es.<\/span><span data-ccp-props=\"{&quot;335551550&quot;:6,&quot;335551620&quot;:6}\">\u00a0<\/span><\/p><p><b><span data-contrast=\"auto\">Nota 4. <\/span><\/b><span data-contrast=\"auto\">Un poco en la l\u00ednea de lo ya realizado en los \u00faltimos tres a\u00f1os por la SEGOB, se dividieron los casos activos en tres grupos seg\u00fan la \u201ccalidad\u201d de la informaci\u00f3n dentro del registro (lo cual, siempre es bueno recordarlo, depende tanto de la acumulaci\u00f3n de errores, principalmente de las fiscal\u00edas y las secretar\u00edas de gobierno, como de la escasa voluntad y capacidad de corregirlos en los \u00faltimos a\u00f1os):<\/span><span data-ccp-props=\"{&quot;335551550&quot;:6,&quot;335551620&quot;:6}\">\u00a0<\/span><\/p><ol><li aria-setsize=\"-1\" data-leveltext=\"%1.\" data-font=\"Times New Roman\" data-listid=\"2\" data-list-defn-props=\"{&quot;335552541&quot;:0,&quot;335559685&quot;:720,&quot;335559991&quot;:360,&quot;469769242&quot;:[65533,0],&quot;469777803&quot;:&quot;left&quot;,&quot;469777804&quot;:&quot;%1.&quot;,&quot;469777815&quot;:&quot;hybridMultilevel&quot;}\" data-aria-posinset=\"1\" data-aria-level=\"1\"><span data-contrast=\"auto\">Datos Insuficientes (36%): 46,742 registros no cuentan con nombre, sexo o lugar de los hechos, lo que imposibilita la b\u00fasqueda.<\/span><span data-ccp-props=\"{&quot;335551550&quot;:6,&quot;335551620&quot;:6,&quot;335559685&quot;:567,&quot;335559991&quot;:283}\">\u00a0<\/span><\/li><\/ol><ol start=\"2\"><li><span data-contrast=\"auto\"> Con indicios de localizaci\u00f3n* (31%): 40,308 Registros que muestran actividad administrativa posterior a la fecha de desaparici\u00f3n (tr\u00e1mites fiscales, civiles, etc.). Se han confirmado 5,338 localizaciones mediante este cruce.<\/span><\/li><li><span data-contrast=\"auto\"> Sin actividad (33%): 43,128 Desapariciones activas donde no hay registros posteriores y el estatus permanece sin cambios.<\/span><\/li><li><span data-contrast=\"auto\"> Del total de registros, 2,356 son del periodo anterior al 2006 (periodo 1952-2005) y se considera que tienen datos suficientes para la b\u00fasqueda.\u00a0<\/span><\/li><\/ol><p><span data-contrast=\"auto\">Aunque para fines pr\u00e1cticos tenga utilidad, la subdivisi\u00f3n a nivel comunicativo transmite la idea de que solo ser\u00edan \u201cdesaparecidas\u201d las personas de las que no hubo ning\u00fan registro de actividad, o sea, \u201csolo\u201d 43,128. Ser\u00eda importante aclarar que las dem\u00e1s personas no son \u201cinexistentes\u201d, sino que probablemente, en buena parte, sean doblemente v\u00edctimas de desaseo o institucional de desaparecerlas del registro, capturando mal sus datos. Aqu\u00ed se les debe de dar prioridad, rastreando qui\u00e9n hizo el mal registro para sancionarlo y restituir la informaci\u00f3n correcta.\u00a0<\/span><span data-ccp-props=\"{&quot;335551550&quot;:6,&quot;335551620&quot;:6}\">\u00a0<\/span><\/p><p><span data-contrast=\"auto\">Por otro lado, quienes hayan tenido alg\u00fan movimiento en bases de datos, alg\u00fan indicio de localizaci\u00f3n con este m\u00e9todo de b\u00fasqueda, que, recordemos, es uno solo de los posibles, no necesariamente reconstruy\u00f3 su vida, escondido y feliz en otro lado: puede ser tambi\u00e9n que siga siendo v\u00edctima de delitos, privado de la libertad parcialmente, y, en caso contrario, otra vez la tarea de la autoridad es verificarlo de la manera m\u00e1s fehaciente, pronta y respetuosa posible. Hay muchos casos documentados de personas que, de forma involuntaria, son reclutadas por grupos criminales y en ocasiones vuelven a sus comunidades, sin poder con eso salirse del grupo que los obliga a la guerra. Lo mismo puede decirse de situaciones de reclutamientos \u201cvoluntarios\u201d de los que luego es imposible salirse.<\/span><span data-ccp-props=\"{&quot;335551550&quot;:6,&quot;335551620&quot;:6}\">\u00a0<\/span><\/p><p><b><span data-contrast=\"auto\">Nota 5.<\/span><\/b><span data-contrast=\"auto\"> De lo anterior, preocupa que se dividan los casos tajantemente dos \u201c\u00e9pocas\u201d como la \u201cguerra sucia\u201d y la \u201cguerra al narco\u201d: en la primera habr\u00eda desapariciones forzadas y en la segunda por el crimen organizado. Esto es incorrecto y acaba teniendo fines narrativos y pol\u00edticos. Por un lado, se marca el 2006 como inicio de una nueva era en las desapariciones. La presidencia de Calder\u00f3n y la \u201cdeclaraci\u00f3n de guerra\u201d comienzan respectivamente el 1 de diciembre y el 11 de diciembre de aquel a\u00f1o, y pr\u00e1cticamente se despliegan desde 2007.\u00a0<\/span><span data-ccp-props=\"{&quot;335551550&quot;:6,&quot;335551620&quot;:6}\">\u00a0<\/span><\/p><p><span data-contrast=\"auto\">Aunque com\u00fanmente hablamos del 2006, la \u201cguerra al narco\u201d, t\u00e9rmino y concepto muy cuestionable en s\u00ed porque reduce la complejidad de la \u00e9poca, instaura desequilibrios y reg\u00edmenes de violencia distintos en partes del pa\u00eds cuyos efectos se van evidenciando, en t\u00e9rminos de asesinatos, desapariciones, carreras armamentistas y atrocidades, entre el 2007 y el 2009.\u00a0<\/span><span data-ccp-props=\"{&quot;335551550&quot;:6,&quot;335551620&quot;:6}\">\u00a0<\/span><\/p><p><span data-contrast=\"auto\">Esto es solo para decir que sin problematizar los recortes de la historia seg\u00fan lo que se est\u00e1 buscando explicar, en este caso la naturaleza de las desapariciones y la participaci\u00f3n del Estado en ellas, el ejercicio simplifica mucho la realidad y adquiere tintes m\u00e1s pol\u00edticos que t\u00e9cnicos. En verdad, hay centenares de desapariciones forzadas registradas desde el 2006, todav\u00eda, y muchas seg\u00fan la modalidad \u201ccl\u00e1sica\u201d con una agente del Estado que directamente desaparece a personas, como en el caso de los 43 estudiantes en Iguala o de los dos militantes del EPR en Oaxaca en 2007, por citar solo un par de ejemplos. De esto da cuenta el mismo registro (sic) y las Acciones Urgentes abiertas por la ONU por desapariciones presuntamente forzadas, adem\u00e1s de los testimonios y documentaciones de los colectivos, sus acompa\u00f1antes y la academia.<\/span><span data-ccp-props=\"{&quot;335551550&quot;:6,&quot;335551620&quot;:6}\">\u00a0<\/span><\/p><p><span data-contrast=\"auto\">De la misma manera, desde finales de los noventa y primera d\u00e9cada del 2000, hay centenares de casos de desapariciones operadas por grupos armados, paramilitares y criminales privados, tanto con autorizaci\u00f3n o apoyo del Estado, como en la contrainsurgencia conducida en Chiapas, Oaxaca y Guerrero, como tambi\u00e9n hay desapariciones (aparentemente) sin participaci\u00f3n de aparatos estatales.\u00a0<\/span><span data-ccp-props=\"{&quot;335551550&quot;:6,&quot;335551620&quot;:6}\">\u00a0<\/span><\/p><p><span data-contrast=\"auto\">O sea, hay desapariciones forzadas antes y despu\u00e9s del 2006, con grados distintos de tolerancia o acci\u00f3n directa estatal, as\u00ed como hay desapariciones que hoy llamamos \u201ccometidas por particulares\u201d, tanto antes como despu\u00e9s del 2006, y no creo siquiera que justo ese a\u00f1o marque el paso como tal, de manera tan definida, de una modalidad a otra.\u00a0<\/span><span data-ccp-props=\"{&quot;335551550&quot;:6,&quot;335551620&quot;:6}\">\u00a0<\/span><\/p><p><span data-contrast=\"auto\">Hay prevalencia, claro, en los \u00faltimos a\u00f1os, de la participaci\u00f3n de grupos del crimen organizado, sobre todo si lo comparamos con el siglo pasado, pero debe de aclararse todav\u00eda cu\u00e1ntas desapariciones pueden considerarse, aun as\u00ed, forzadas, ya que la aquiescencia estatal en miles de casos recientes ha sido m\u00e1s que demostrada y eso todav\u00eda implica \u201clo forzado\u201d de una desaparici\u00f3n. Son formas que se solapan, manifiestan justamente lo ambiguo del fen\u00f3meno y la dificultad de aprehenderlo, por lo que no puede simplificarse como se ha hecho, aunque fuera para \u201cfines did\u00e1cticos\u201d. La narrativa de esta pedagog\u00eda, pues, tiene efectos muy concretos sobre c\u00f3mo entendemos la realidad y actuamos en ella, y m\u00e1s para las personas de las instituciones que captan y reciben mensajes y se\u00f1ales al respecto.\u00a0<\/span><span data-ccp-props=\"{&quot;335551550&quot;:6,&quot;335551620&quot;:6}\">\u00a0<\/span><\/p><p><b><span data-contrast=\"auto\">Nota 6. <\/span><\/b><span data-contrast=\"auto\">El informe del gobierno dice que:<\/span> <span data-contrast=\"auto\">entre las 43,128 personas desaparecidas de las que no se tiene ning\u00fan dato, solo 3,869 cuentan con carpetas de investigaci\u00f3n o averiguaciones previas; es decir, que del total de 130,000 personas desaparecidas solo se han abierto en el 2.97 por ciento de los casos. De estas, ser\u00e1 necesario revisar caso por caso para determinar las circunstancias de la desaparici\u00f3n, dijo Claudia Sheinbaum: \u201cHay que ir carpeta por carpeta para ver cu\u00e1l es el contexto en que desapareci\u00f3 la persona y ver si ese contexto nos permite saber si hay una situaci\u00f3n de reclutamiento\u201d.<\/span><span data-ccp-props=\"{&quot;335551550&quot;:6,&quot;335551620&quot;:6}\">\u00a0<\/span><\/p><p><span data-contrast=\"auto\">Aqu\u00ed yo creo que simplemente una base nacional de carpetas de investigaci\u00f3n que contemple solo los delitos de desaparici\u00f3n no ser\u00eda suficiente para subsanar esta lamentable situaci\u00f3n, de ser confirmada. Y digo \u201cde ser confirmada\u201d porque detr\u00e1s del dato de solo 3,869 carpetas podr\u00eda esconderse un error de exposici\u00f3n o de conteo, pues por un lado sabemos del mismo registro en su versi\u00f3n consultable que, por lo menos, los casos clasificados como v<\/span><span data-contrast=\"auto\">\u00ed<\/span><span data-contrast=\"auto\">ctimas de delitos de desaparici\u00f3n forzada y por particulares son 951 (forzadas), m\u00e1s 12,885 (por particulares) y otras 10,560 (delitos vinculados con la desaparici\u00f3n de personas). Posiblemente, quiero pensar, decenas de miles de personas desaparecidas m\u00e1s, incluidas en el registro, si tengan carpeta, pero por otros delitos, como privaci\u00f3n de la libertad, trata, violencia intrafamiliar o secuestro. Con todo, se trata de una falla ya sea en la forma de comunicar o, a\u00fan m\u00e1s grave, en la propia procuraci\u00f3n de la justicia, que a estas alturas son m\u00e1s que preocupantes.\u00a0<\/span><span data-ccp-props=\"{&quot;335551550&quot;:6,&quot;335551620&quot;:6}\">\u00a0<\/span><\/p><p><span data-contrast=\"auto\">Entonces, s\u00ed, como sostuvo la presidenta, hay que revisar caso por caso, pero que esta dif\u00edcil tarea no vuelva a caer en las familias y personas buscadoras, sino que sea adoptado inmediata y plenamente como pol\u00edtica p\u00fablica, integral, participativa.<\/span><span data-ccp-props=\"{&quot;335551550&quot;:6,&quot;335551620&quot;:6}\">\u00a0<\/span><\/p><p><b><span data-contrast=\"auto\">Nota final<\/span><\/b><span data-contrast=\"auto\">. Dejo referencia de unos comunicados y notas de organizaciones sociales, acompa\u00f1antes, colectivos de b\u00fasqueda y familiares acerca de los recientes desarrollos legales, del registro, y de las explicaciones gubernamentales al respecto, en donde auspician seguir dialogando y aportando a partir de diagn\u00f3sticos centrados y claros:<\/span><span data-ccp-props=\"{&quot;335551550&quot;:6,&quot;335551620&quot;:6}\">\u00a0<\/span><\/p><ol><li aria-setsize=\"-1\" data-leveltext=\"%1.\" data-font=\"Times New Roman\" data-listid=\"1\" data-list-defn-props=\"{&quot;335552541&quot;:0,&quot;335559685&quot;:720,&quot;335559991&quot;:360,&quot;469769242&quot;:[65533,0],&quot;469777803&quot;:&quot;left&quot;,&quot;469777804&quot;:&quot;%1.&quot;,&quot;469777815&quot;:&quot;hybridMultilevel&quot;}\" data-aria-posinset=\"1\" data-aria-level=\"1\"><span data-contrast=\"auto\">Hilo Centro Pro DH: <\/span><a href=\"https:\/\/x.com\/centroprodh\/status\/2037565540277899447?s=48\"><span data-contrast=\"none\">https:\/\/x.com\/centroprodh\/status\/2037565540277899447?s=48<\/span><\/a><span data-contrast=\"auto\">\u00a0<\/span><span data-ccp-props=\"{&quot;335551550&quot;:6,&quot;335551620&quot;:6,&quot;335559685&quot;:567,&quot;335559991&quot;:207}\">\u00a0<\/span><\/li><li aria-setsize=\"-1\" data-leveltext=\"%1.\" data-font=\"Times New Roman\" data-listid=\"1\" data-list-defn-props=\"{&quot;335552541&quot;:0,&quot;335559685&quot;:720,&quot;335559991&quot;:360,&quot;469769242&quot;:[65533,0],&quot;469777803&quot;:&quot;left&quot;,&quot;469777804&quot;:&quot;%1.&quot;,&quot;469777815&quot;:&quot;hybridMultilevel&quot;}\" data-aria-posinset=\"1\" data-aria-level=\"1\"><span data-contrast=\"auto\">Comunicado organizaciones: <\/span><a href=\"https:\/\/x.com\/serapazmexico\/status\/2037591513442722064?s=48\"><span data-contrast=\"none\">https:\/\/x.com\/serapazmexico\/status\/2037591513442722064?s=48<\/span><\/a><span data-contrast=\"auto\">\u00a0<\/span><span data-ccp-props=\"{&quot;335551550&quot;:6,&quot;335551620&quot;:6,&quot;335559685&quot;:567,&quot;335559991&quot;:207}\">\u00a0<\/span><\/li><li aria-setsize=\"-1\" data-leveltext=\"%1.\" data-font=\"Times New Roman\" data-listid=\"1\" data-list-defn-props=\"{&quot;335552541&quot;:0,&quot;335559685&quot;:720,&quot;335559991&quot;:360,&quot;469769242&quot;:[65533,0],&quot;469777803&quot;:&quot;left&quot;,&quot;469777804&quot;:&quot;%1.&quot;,&quot;469777815&quot;:&quot;hybridMultilevel&quot;}\" data-aria-posinset=\"1\" data-aria-level=\"1\"><span data-contrast=\"auto\">Comunicado Contingente Contra las Desapariciones LGBTTTIQ+, el Movimiento por Nuestros Desaparecidos en M\u00e9xico (MNDM), y la Uni\u00f3n y Red Nacional de B\u00fasqueda de<\/span><span data-contrast=\"auto\"> Personas-RIAPD:, <\/span><a href=\"https:\/\/bit.ly\/TransparenciayCompromiso\"><span data-contrast=\"none\">https:\/\/bit.ly\/TransparenciayCompromiso<\/span><\/a><span data-contrast=\"auto\">\u00a0<\/span><span data-ccp-props=\"{&quot;335551550&quot;:6,&quot;335551620&quot;:6,&quot;335559685&quot;:567,&quot;335559991&quot;:207}\">\u00a0<\/span><\/li><\/ol>\t\t\t\t\t\t\t\t<\/div>\n\t\t\t\t<\/div>\n\t\t\t\t\t<\/div>\n\t\t<\/div>\n\t\t\t\t<div class=\"elementor-column elementor-col-33 elementor-top-column elementor-element elementor-element-30ca810 lakit-col-width-auto-no\" data-id=\"30ca810\" data-element_type=\"column\" data-e-type=\"column\">\n\t\t\t<div class=\"elementor-widget-wrap elementor-element-populated\">\n\t\t\t\t\t\t<div class=\"elementor-element elementor-element-70ab3ca elementor-widget elementor-widget-wp-widget-search\" data-id=\"70ab3ca\" data-element_type=\"widget\" data-e-type=\"widget\" data-widget_type=\"wp-widget-search.default\">\n\t\t\t\t<div class=\"elementor-widget-container\">\n\t\t\t\t\t<form  class=\"is-search-form is-form-style is-form-style-2 is-form-id-7 \" action=\"https:\/\/iberoleonenvio.com\/website_f1c4f9f2\/\" method=\"get\" role=\"search\" ><label for=\"is-search-input-7\"><span class=\"is-screen-reader-text\">Search for:<\/span><input  type=\"search\" id=\"is-search-input-7\" name=\"s\" value=\"\" class=\"is-search-input\" placeholder=\"Buscar\" autocomplete=off \/><\/label><\/form>\t\t\t\t<\/div>\n\t\t\t\t<\/div>\n\t\t\t\t<div class=\"elementor-element elementor-element-a2abf3e eael-dual-header-content-align-left elementor-widget elementor-widget-eael-dual-color-header\" data-id=\"a2abf3e\" data-element_type=\"widget\" data-e-type=\"widget\" data-widget_type=\"eael-dual-color-header.default\">\n\t\t\t\t<div class=\"elementor-widget-container\">\n\t\t\t\t\t\t\t\t<div class=\"eael-dual-header\">\n\t\t\t\t<h2 class=\"title eael-dch-title\"><span class=\"eael-dch-title-text eael-dch-title-lead lead solid-color\">EN ESTE<\/span> <span class=\"eael-dch-title-text\">N\u00daMERO<\/span><\/h2>\t\t\t<\/div>\n\n\t\t\t\t\t\t<\/div>\n\t\t\t\t<\/div>\n\t\t\t\t<div class=\"elementor-element elementor-element-5cb034d elementor-widget elementor-widget-image\" data-id=\"5cb034d\" data-element_type=\"widget\" data-e-type=\"widget\" data-widget_type=\"image.default\">\n\t\t\t\t<div class=\"elementor-widget-container\">\n\t\t\t\t\t\t\t\t\t\t\t\t\t\t\t<img fetchpriority=\"high\" decoding=\"async\" width=\"829\" height=\"416\" src=\"https:\/\/i0.wp.com\/iberoleonenvio.com\/website_f1c4f9f2\/wp-content\/uploads\/2022\/03\/recuerda-1.jpg?fit=829%2C416&amp;ssl=1\" class=\"attachment-full size-full wp-image-40\" alt=\"\" srcset=\"https:\/\/i0.wp.com\/iberoleonenvio.com\/website_f1c4f9f2\/wp-content\/uploads\/2022\/03\/recuerda-1.jpg?w=829&amp;ssl=1 829w, https:\/\/i0.wp.com\/iberoleonenvio.com\/website_f1c4f9f2\/wp-content\/uploads\/2022\/03\/recuerda-1.jpg?resize=300%2C150&amp;ssl=1 300w, https:\/\/i0.wp.com\/iberoleonenvio.com\/website_f1c4f9f2\/wp-content\/uploads\/2022\/03\/recuerda-1.jpg?resize=768%2C385&amp;ssl=1 768w\" sizes=\"(max-width: 800px) 100vw, 800px\" \/>\t\t\t\t\t\t\t\t\t\t\t\t\t\t\t<\/div>\n\t\t\t\t<\/div>\n\t\t\t\t<div class=\"elementor-element elementor-element-cea8f06 elementor-widget elementor-widget-jblog_block_20\" data-id=\"cea8f06\" data-element_type=\"widget\" data-e-type=\"widget\" data-widget_type=\"jblog_block_20.default\">\n\t\t\t\t<div class=\"elementor-widget-container\">\n\t\t\t\t\t<div  class=\"jblog_postblock_20 jeg_postblock jeg_pagination_disable jeg_module__1_69eeac8beba8c   \" data-unique=\"jeg_module__1_69eeac8beba8c\"><div class=\"jeg_block_container\"><div class=\"jeg_posts jblog_ajax_flag\">\n                <article class=\"jeg_post post-14331 post type-post status-publish format-standard has-post-thumbnail hentry category-numero-50-abril-2026\">\n\t\t\t\t<div class=\"jeg_thumb\">\n                    \n                    <a href=\"https:\/\/iberoleonenvio.com\/website_f1c4f9f2\/consumo-de-acidos-grasos-omega-3-y-su-impacto-en-la-salud\/\"><div class=\"thumbnail-container  size-1000\"><img decoding=\"async\" width=\"750\" height=\"500\" src=\"https:\/\/i0.wp.com\/iberoleonenvio.com\/website_f1c4f9f2\/wp-content\/uploads\/2026\/04\/animal-and-vegetable-sources-of-omega-3-acids-2026-03-13-01-47-55-utc.jpg?resize=750%2C500&amp;ssl=1\" class=\"attachment-jeg-featured-750 size-jeg-featured-750 wp-post-image\" alt=\"\" srcset=\"https:\/\/i0.wp.com\/iberoleonenvio.com\/website_f1c4f9f2\/wp-content\/uploads\/2026\/04\/animal-and-vegetable-sources-of-omega-3-acids-2026-03-13-01-47-55-utc.jpg?w=1920&amp;ssl=1 1920w, https:\/\/i0.wp.com\/iberoleonenvio.com\/website_f1c4f9f2\/wp-content\/uploads\/2026\/04\/animal-and-vegetable-sources-of-omega-3-acids-2026-03-13-01-47-55-utc.jpg?resize=300%2C200&amp;ssl=1 300w, https:\/\/i0.wp.com\/iberoleonenvio.com\/website_f1c4f9f2\/wp-content\/uploads\/2026\/04\/animal-and-vegetable-sources-of-omega-3-acids-2026-03-13-01-47-55-utc.jpg?resize=1024%2C683&amp;ssl=1 1024w, https:\/\/i0.wp.com\/iberoleonenvio.com\/website_f1c4f9f2\/wp-content\/uploads\/2026\/04\/animal-and-vegetable-sources-of-omega-3-acids-2026-03-13-01-47-55-utc.jpg?resize=768%2C512&amp;ssl=1 768w, https:\/\/i0.wp.com\/iberoleonenvio.com\/website_f1c4f9f2\/wp-content\/uploads\/2026\/04\/animal-and-vegetable-sources-of-omega-3-acids-2026-03-13-01-47-55-utc.jpg?resize=1536%2C1024&amp;ssl=1 1536w, https:\/\/i0.wp.com\/iberoleonenvio.com\/website_f1c4f9f2\/wp-content\/uploads\/2026\/04\/animal-and-vegetable-sources-of-omega-3-acids-2026-03-13-01-47-55-utc.jpg?resize=500%2C333&amp;ssl=1 500w, https:\/\/i0.wp.com\/iberoleonenvio.com\/website_f1c4f9f2\/wp-content\/uploads\/2026\/04\/animal-and-vegetable-sources-of-omega-3-acids-2026-03-13-01-47-55-utc.jpg?resize=700%2C467&amp;ssl=1 700w, https:\/\/i0.wp.com\/iberoleonenvio.com\/website_f1c4f9f2\/wp-content\/uploads\/2026\/04\/animal-and-vegetable-sources-of-omega-3-acids-2026-03-13-01-47-55-utc.jpg?resize=1200%2C800&amp;ssl=1 1200w, https:\/\/i0.wp.com\/iberoleonenvio.com\/website_f1c4f9f2\/wp-content\/uploads\/2026\/04\/animal-and-vegetable-sources-of-omega-3-acids-2026-03-13-01-47-55-utc.jpg?resize=750%2C500&amp;ssl=1 750w, https:\/\/i0.wp.com\/iberoleonenvio.com\/website_f1c4f9f2\/wp-content\/uploads\/2026\/04\/animal-and-vegetable-sources-of-omega-3-acids-2026-03-13-01-47-55-utc.jpg?resize=1140%2C760&amp;ssl=1 1140w, https:\/\/i0.wp.com\/iberoleonenvio.com\/website_f1c4f9f2\/wp-content\/uploads\/2026\/04\/animal-and-vegetable-sources-of-omega-3-acids-2026-03-13-01-47-55-utc.jpg?w=1600&amp;ssl=1 1600w\" sizes=\"(max-width: 750px) 100vw, 750px\" \/><\/div><\/a>\n                <\/div>\n                <div class=\"jeg_postblock_content\">\n                \t<div class=\"jeg_post_category\">\n                        <span><a href=\"https:\/\/iberoleonenvio.com\/website_f1c4f9f2\/category\/numero-50-abril-2026\/\" class=\"category-numero-50-abril-2026\">N\u00famero 50 - Abril 2026<\/a><\/span>\n                    <\/div>\n                    <h3 class=\"jeg_post_title\">\n                        <a href=\"https:\/\/iberoleonenvio.com\/website_f1c4f9f2\/consumo-de-acidos-grasos-omega-3-y-su-impacto-en-la-salud\/\">Consumo de \u00e1cidos grasos omega-3 y su impacto en la salud<\/a>\n                    <\/h3>\n                    <div class=\"jeg_post_meta\"><div class=\"jeg_meta_author\"><span class=\"by\">by<\/span> <a href=\"https:\/\/iberoleonenvio.com\/website_f1c4f9f2\/author\/cacho\/\">cacho<\/a><\/div><div class=\"jeg_meta_date\">abril 6, 2026<\/div><\/div>\n                <\/div>\n            <\/article><article class=\"jeg_post post-14350 post type-post status-publish format-standard has-post-thumbnail hentry category-numero-50-abril-2026\">\n\t\t\t\t<div class=\"jeg_thumb\">\n                    \n                    <a href=\"https:\/\/iberoleonenvio.com\/website_f1c4f9f2\/la-comunidad-que-habitamos-4to-informe-de-actividades-del-mtro-luis-alfonso-gonzalez-valencia-s-j\/\"><div class=\"thumbnail-container  size-1000\"><img decoding=\"async\" width=\"750\" height=\"500\" src=\"https:\/\/i0.wp.com\/iberoleonenvio.com\/website_f1c4f9f2\/wp-content\/uploads\/2026\/04\/DSC_1205.jpg?resize=750%2C500&amp;ssl=1\" class=\"attachment-jeg-featured-750 size-jeg-featured-750 wp-post-image\" alt=\"\" srcset=\"https:\/\/i0.wp.com\/iberoleonenvio.com\/website_f1c4f9f2\/wp-content\/uploads\/2026\/04\/DSC_1205.jpg?w=1920&amp;ssl=1 1920w, https:\/\/i0.wp.com\/iberoleonenvio.com\/website_f1c4f9f2\/wp-content\/uploads\/2026\/04\/DSC_1205.jpg?resize=300%2C200&amp;ssl=1 300w, https:\/\/i0.wp.com\/iberoleonenvio.com\/website_f1c4f9f2\/wp-content\/uploads\/2026\/04\/DSC_1205.jpg?resize=1024%2C683&amp;ssl=1 1024w, https:\/\/i0.wp.com\/iberoleonenvio.com\/website_f1c4f9f2\/wp-content\/uploads\/2026\/04\/DSC_1205.jpg?resize=768%2C512&amp;ssl=1 768w, https:\/\/i0.wp.com\/iberoleonenvio.com\/website_f1c4f9f2\/wp-content\/uploads\/2026\/04\/DSC_1205.jpg?resize=1536%2C1024&amp;ssl=1 1536w, https:\/\/i0.wp.com\/iberoleonenvio.com\/website_f1c4f9f2\/wp-content\/uploads\/2026\/04\/DSC_1205.jpg?resize=500%2C333&amp;ssl=1 500w, https:\/\/i0.wp.com\/iberoleonenvio.com\/website_f1c4f9f2\/wp-content\/uploads\/2026\/04\/DSC_1205.jpg?resize=700%2C467&amp;ssl=1 700w, https:\/\/i0.wp.com\/iberoleonenvio.com\/website_f1c4f9f2\/wp-content\/uploads\/2026\/04\/DSC_1205.jpg?resize=1200%2C800&amp;ssl=1 1200w, https:\/\/i0.wp.com\/iberoleonenvio.com\/website_f1c4f9f2\/wp-content\/uploads\/2026\/04\/DSC_1205.jpg?resize=750%2C500&amp;ssl=1 750w, https:\/\/i0.wp.com\/iberoleonenvio.com\/website_f1c4f9f2\/wp-content\/uploads\/2026\/04\/DSC_1205.jpg?resize=1140%2C760&amp;ssl=1 1140w, https:\/\/i0.wp.com\/iberoleonenvio.com\/website_f1c4f9f2\/wp-content\/uploads\/2026\/04\/DSC_1205.jpg?w=1600&amp;ssl=1 1600w\" sizes=\"(max-width: 750px) 100vw, 750px\" \/><\/div><\/a>\n                <\/div>\n                <div class=\"jeg_postblock_content\">\n                \t<div class=\"jeg_post_category\">\n                        <span><a href=\"https:\/\/iberoleonenvio.com\/website_f1c4f9f2\/category\/numero-50-abril-2026\/\" class=\"category-numero-50-abril-2026\">N\u00famero 50 - Abril 2026<\/a><\/span>\n                    <\/div>\n                    <h3 class=\"jeg_post_title\">\n                        <a href=\"https:\/\/iberoleonenvio.com\/website_f1c4f9f2\/la-comunidad-que-habitamos-4to-informe-de-actividades-del-mtro-luis-alfonso-gonzalez-valencia-s-j\/\">\u201cLa comunidad que habitamos\u201d 4to Informe de Actividades del Mtro. Luis Alfonso Gonz\u00e1lez Valencia, S.J.\u00a0<\/a>\n                    <\/h3>\n                    <div class=\"jeg_post_meta\"><div class=\"jeg_meta_author\"><span class=\"by\">by<\/span> <a href=\"https:\/\/iberoleonenvio.com\/website_f1c4f9f2\/author\/cacho\/\">cacho<\/a><\/div><div class=\"jeg_meta_date\">abril 7, 2026<\/div><\/div>\n                <\/div>\n            <\/article><article class=\"jeg_post post-14358 post type-post status-publish format-standard has-post-thumbnail hentry category-numero-50-abril-2026\">\n\t\t\t\t<div class=\"jeg_thumb\">\n                    \n                    <a href=\"https:\/\/iberoleonenvio.com\/website_f1c4f9f2\/ibero-leon-impulsa-el-liderazgo-de-mujeres-en-ingenierias-con-beca-ada-byron-2026\/\"><div class=\"thumbnail-container  size-1000\"><img loading=\"lazy\" decoding=\"async\" width=\"750\" height=\"500\" src=\"https:\/\/i0.wp.com\/iberoleonenvio.com\/website_f1c4f9f2\/wp-content\/uploads\/2026\/04\/IMG_1752.jpg?resize=750%2C500&amp;ssl=1\" class=\"attachment-jeg-featured-750 size-jeg-featured-750 wp-post-image\" alt=\"\" srcset=\"https:\/\/i0.wp.com\/iberoleonenvio.com\/website_f1c4f9f2\/wp-content\/uploads\/2026\/04\/IMG_1752.jpg?w=1920&amp;ssl=1 1920w, https:\/\/i0.wp.com\/iberoleonenvio.com\/website_f1c4f9f2\/wp-content\/uploads\/2026\/04\/IMG_1752.jpg?resize=300%2C200&amp;ssl=1 300w, https:\/\/i0.wp.com\/iberoleonenvio.com\/website_f1c4f9f2\/wp-content\/uploads\/2026\/04\/IMG_1752.jpg?resize=1024%2C683&amp;ssl=1 1024w, https:\/\/i0.wp.com\/iberoleonenvio.com\/website_f1c4f9f2\/wp-content\/uploads\/2026\/04\/IMG_1752.jpg?resize=768%2C512&amp;ssl=1 768w, https:\/\/i0.wp.com\/iberoleonenvio.com\/website_f1c4f9f2\/wp-content\/uploads\/2026\/04\/IMG_1752.jpg?resize=1536%2C1024&amp;ssl=1 1536w, https:\/\/i0.wp.com\/iberoleonenvio.com\/website_f1c4f9f2\/wp-content\/uploads\/2026\/04\/IMG_1752.jpg?resize=500%2C333&amp;ssl=1 500w, https:\/\/i0.wp.com\/iberoleonenvio.com\/website_f1c4f9f2\/wp-content\/uploads\/2026\/04\/IMG_1752.jpg?resize=700%2C467&amp;ssl=1 700w, https:\/\/i0.wp.com\/iberoleonenvio.com\/website_f1c4f9f2\/wp-content\/uploads\/2026\/04\/IMG_1752.jpg?resize=1200%2C800&amp;ssl=1 1200w, https:\/\/i0.wp.com\/iberoleonenvio.com\/website_f1c4f9f2\/wp-content\/uploads\/2026\/04\/IMG_1752.jpg?resize=750%2C500&amp;ssl=1 750w, https:\/\/i0.wp.com\/iberoleonenvio.com\/website_f1c4f9f2\/wp-content\/uploads\/2026\/04\/IMG_1752.jpg?resize=1140%2C760&amp;ssl=1 1140w, https:\/\/i0.wp.com\/iberoleonenvio.com\/website_f1c4f9f2\/wp-content\/uploads\/2026\/04\/IMG_1752.jpg?w=1600&amp;ssl=1 1600w\" sizes=\"(max-width: 750px) 100vw, 750px\" \/><\/div><\/a>\n                <\/div>\n                <div class=\"jeg_postblock_content\">\n                \t<div class=\"jeg_post_category\">\n                        <span><a href=\"https:\/\/iberoleonenvio.com\/website_f1c4f9f2\/category\/numero-50-abril-2026\/\" class=\"category-numero-50-abril-2026\">N\u00famero 50 - Abril 2026<\/a><\/span>\n                    <\/div>\n                    <h3 class=\"jeg_post_title\">\n                        <a href=\"https:\/\/iberoleonenvio.com\/website_f1c4f9f2\/ibero-leon-impulsa-el-liderazgo-de-mujeres-en-ingenierias-con-beca-ada-byron-2026\/\">Networking + Arte: Libros que conectan ideas, personas y emprendimiento<\/a>\n                    <\/h3>\n                    <div class=\"jeg_post_meta\"><div class=\"jeg_meta_author\"><span class=\"by\">by<\/span> <a href=\"https:\/\/iberoleonenvio.com\/website_f1c4f9f2\/author\/cacho\/\">cacho<\/a><\/div><div class=\"jeg_meta_date\">abril 7, 2026<\/div><\/div>\n                <\/div>\n            <\/article><article class=\"jeg_post post-14367 post type-post status-publish format-standard has-post-thumbnail hentry category-numero-50-abril-2026\">\n\t\t\t\t<div class=\"jeg_thumb\">\n                    \n                    <a href=\"https:\/\/iberoleonenvio.com\/website_f1c4f9f2\/ibero-leon-impulsa-el-liderazgo-de-mujeres-en-ingenierias-con-beca-ada-byron-2026-2\/\"><div class=\"thumbnail-container  size-1000\"><img loading=\"lazy\" decoding=\"async\" width=\"750\" height=\"500\" src=\"https:\/\/i0.wp.com\/iberoleonenvio.com\/website_f1c4f9f2\/wp-content\/uploads\/2026\/04\/DSC_1361-copia.jpg?resize=750%2C500&amp;ssl=1\" class=\"attachment-jeg-featured-750 size-jeg-featured-750 wp-post-image\" alt=\"\" srcset=\"https:\/\/i0.wp.com\/iberoleonenvio.com\/website_f1c4f9f2\/wp-content\/uploads\/2026\/04\/DSC_1361-copia.jpg?w=1920&amp;ssl=1 1920w, https:\/\/i0.wp.com\/iberoleonenvio.com\/website_f1c4f9f2\/wp-content\/uploads\/2026\/04\/DSC_1361-copia.jpg?resize=300%2C200&amp;ssl=1 300w, https:\/\/i0.wp.com\/iberoleonenvio.com\/website_f1c4f9f2\/wp-content\/uploads\/2026\/04\/DSC_1361-copia.jpg?resize=1024%2C683&amp;ssl=1 1024w, https:\/\/i0.wp.com\/iberoleonenvio.com\/website_f1c4f9f2\/wp-content\/uploads\/2026\/04\/DSC_1361-copia.jpg?resize=768%2C512&amp;ssl=1 768w, https:\/\/i0.wp.com\/iberoleonenvio.com\/website_f1c4f9f2\/wp-content\/uploads\/2026\/04\/DSC_1361-copia.jpg?resize=1536%2C1024&amp;ssl=1 1536w, https:\/\/i0.wp.com\/iberoleonenvio.com\/website_f1c4f9f2\/wp-content\/uploads\/2026\/04\/DSC_1361-copia.jpg?resize=500%2C333&amp;ssl=1 500w, https:\/\/i0.wp.com\/iberoleonenvio.com\/website_f1c4f9f2\/wp-content\/uploads\/2026\/04\/DSC_1361-copia.jpg?resize=700%2C467&amp;ssl=1 700w, https:\/\/i0.wp.com\/iberoleonenvio.com\/website_f1c4f9f2\/wp-content\/uploads\/2026\/04\/DSC_1361-copia.jpg?resize=1200%2C800&amp;ssl=1 1200w, https:\/\/i0.wp.com\/iberoleonenvio.com\/website_f1c4f9f2\/wp-content\/uploads\/2026\/04\/DSC_1361-copia.jpg?resize=750%2C500&amp;ssl=1 750w, https:\/\/i0.wp.com\/iberoleonenvio.com\/website_f1c4f9f2\/wp-content\/uploads\/2026\/04\/DSC_1361-copia.jpg?resize=1140%2C760&amp;ssl=1 1140w, https:\/\/i0.wp.com\/iberoleonenvio.com\/website_f1c4f9f2\/wp-content\/uploads\/2026\/04\/DSC_1361-copia.jpg?w=1600&amp;ssl=1 1600w\" sizes=\"(max-width: 750px) 100vw, 750px\" \/><\/div><\/a>\n                <\/div>\n                <div class=\"jeg_postblock_content\">\n                \t<div class=\"jeg_post_category\">\n                        <span><a href=\"https:\/\/iberoleonenvio.com\/website_f1c4f9f2\/category\/numero-50-abril-2026\/\" class=\"category-numero-50-abril-2026\">N\u00famero 50 - Abril 2026<\/a><\/span>\n                    <\/div>\n                    <h3 class=\"jeg_post_title\">\n                        <a href=\"https:\/\/iberoleonenvio.com\/website_f1c4f9f2\/ibero-leon-impulsa-el-liderazgo-de-mujeres-en-ingenierias-con-beca-ada-byron-2026-2\/\">Ibero Le\u00f3n impulsa el liderazgo de mujeres en Ingenier\u00edas con Beca Ada Byron 2026\u00a0<\/a>\n                    <\/h3>\n                    <div class=\"jeg_post_meta\"><div class=\"jeg_meta_author\"><span class=\"by\">by<\/span> <a href=\"https:\/\/iberoleonenvio.com\/website_f1c4f9f2\/author\/cacho\/\">cacho<\/a><\/div><div class=\"jeg_meta_date\">abril 7, 2026<\/div><\/div>\n                <\/div>\n            <\/article>\n            <\/div><\/div>\n\t\t\t\t<div class=\"jeg_block_pagination jeg_align\"><\/div><script>var jeg_module__1_69eeac8beba8c = {\"compatible_column_notice\":\"info\",\"post_type\":\"post\",\"number_post\":{\"unit\":\"px\",\"size\":4,\"sizes\":[]},\"post_offset\":0,\"unique_content\":\"disable\",\"include_post\":\"\",\"exclude_post\":\"14377\",\"include_category\":\"57\",\"exclude_category\":\"\",\"include_author\":\"\",\"include_tag\":\"\",\"exclude_tag\":\"\",\"sort_by\":\"oldest\",\"date_type\":\"published\",\"date_format\":\"default\",\"date_format_custom\":\"F j, Y\",\"pagination_mode\":\"disable\",\"pagination_number_post\":{\"unit\":\"px\",\"size\":3,\"sizes\":[]},\"pagination_scroll_limit\":0,\"el_id\":\"\",\"el_class\":\"\",\"css\":\"\",\"eael_image_masking_custom_clip_path\":\"clip-path: polygon(50% 0%, 80% 10%, 100% 35%, 100% 70%, 80% 90%, 50% 100%, 20% 90%, 0% 70%, 0% 35%, 20% 10%);\",\"eael_image_masking_custom_clip_path_hover\":\"clip-path: polygon(50% 0%, 80% 10%, 100% 35%, 100% 70%, 80% 90%, 50% 100%, 20% 90%, 0% 70%, 0% 35%, 20% 10%);\",\"_title\":\"\",\"_margin\":{\"unit\":\"px\",\"top\":\"\",\"right\":\"\",\"bottom\":\"\",\"left\":\"\",\"isLinked\":true},\"_padding\":{\"unit\":\"px\",\"top\":\"\",\"right\":\"\",\"bottom\":\"\",\"left\":\"\",\"isLinked\":true},\"_element_width\":\"\",\"_element_width_tablet\":\"\",\"_element_width_mobile\":\"\",\"_element_custom_width\":{\"unit\":\"%\",\"size\":\"\",\"sizes\":[]},\"_grid_column\":\"\",\"_grid_column_custom\":\"\",\"_grid_row\":\"\",\"_grid_row_custom\":\"\",\"_element_vertical_align\":\"\",\"_position_description\":\"\",\"_position\":\"\",\"_offset_orientation_h\":\"start\",\"_offset_x\":{\"unit\":\"px\",\"size\":0,\"sizes\":[]},\"_offset_x_end\":{\"unit\":\"px\",\"size\":0,\"sizes\":[]},\"_offset_orientation_v\":\"start\",\"_offset_y\":{\"unit\":\"px\",\"size\":0,\"sizes\":[]},\"_offset_y_end\":{\"unit\":\"px\",\"size\":0,\"sizes\":[]},\"_z_index\":\"\",\"_element_id\":\"\",\"_css_classes\":\"\",\"_element_cache\":\"\",\"_w_fullright\":\"\",\"eael_wrapper_link_switch\":\"\",\"eael_wrapper_link\":{\"url\":\"\",\"is_external\":\"\",\"nofollow\":\"\",\"custom_attributes\":\"\"},\"eael_wrapper_link_disable_traditional\":\"\",\"eael_hover_effect_switch\":\"\",\"eael_hover_effect_enable_live_changes\":\"\",\"eael_hover_effect_opacity_popover\":\"\",\"eael_hover_effect_opacity\":{\"unit\":\"px\",\"size\":0.8000000000000000444089209850062616169452667236328125,\"sizes\":[]},\"eael_hover_effect_filter_popover\":\"\",\"eael_hover_effect_blur_is_on\":\"\",\"eael_hover_effect_blur\":{\"unit\":\"px\",\"size\":1,\"sizes\":[]},\"eael_hover_effect_contrast_is_on\":\"\",\"eael_hover_effect_contrast\":{\"unit\":\"px\",\"size\":80,\"sizes\":[]},\"eael_hover_effect_grayscale_is_on\":\"\",\"eael_hover_effect_grayscal\":{\"unit\":\"px\",\"size\":40,\"sizes\":[]},\"eael_hover_effect_invert_is_on\":\"\",\"eael_hover_effect_invert\":{\"unit\":\"px\",\"size\":70,\"sizes\":[]},\"eael_hover_effect_saturate_is_on\":\"\",\"eael_hover_effect_saturate\":{\"unit\":\"px\",\"size\":50,\"sizes\":[]},\"eael_hover_effect_sepia_is_on\":\"\",\"eael_hover_effect_sepia\":{\"unit\":\"px\",\"size\":50,\"sizes\":[]},\"eael_hover_effect_offset_popover\":\"\",\"eael_hover_effect_offset_left\":{\"unit\":\"px\",\"size\":5,\"sizes\":[]},\"eael_hover_effect_offset_left_tablet\":{\"unit\":\"px\",\"size\":\"\",\"sizes\":[]},\"eael_hover_effect_offset_left_mobile\":{\"unit\":\"px\",\"size\":\"\",\"sizes\":[]},\"eael_hover_effect_offset_top\":{\"unit\":\"px\",\"size\":5,\"sizes\":[]},\"eael_hover_effect_offset_top_tablet\":{\"unit\":\"px\",\"size\":\"\",\"sizes\":[]},\"eael_hover_effect_offset_top_mobile\":{\"unit\":\"px\",\"size\":\"\",\"sizes\":[]},\"eael_hover_effect_transform_popover\":\"\",\"eael_hover_effect_rotate_is_on\":\"\",\"eael_hover_effect_transform_rotatex\":{\"unit\":\"px\",\"size\":0,\"sizes\":[]},\"eael_hover_effect_transform_rotatey\":{\"unit\":\"px\",\"size\":0,\"sizes\":[]},\"eael_hover_effect_transform_rotatez\":{\"unit\":\"px\",\"size\":5,\"sizes\":[]},\"eael_hover_effect_scale_is_on\":\"\",\"eael_hover_effect_transform_scalex\":{\"unit\":\"px\",\"size\":0.90000000000000002220446049250313080847263336181640625,\"sizes\":[]},\"eael_hover_effect_transform_scaley\":{\"unit\":\"px\",\"size\":0.90000000000000002220446049250313080847263336181640625,\"sizes\":[]},\"eael_hover_effect_skew_is_on\":\"\",\"eael_hover_effect_transform_skewx\":{\"unit\":\"px\",\"size\":5,\"sizes\":[]},\"eael_hover_effect_transform_skewy\":{\"unit\":\"px\",\"size\":5,\"sizes\":[]},\"eael_hover_effect_general_settings_duration\":{\"unit\":\"px\",\"size\":1000,\"sizes\":[]},\"eael_hover_effect_general_settings_delay\":{\"unit\":\"px\",\"size\":\"\",\"sizes\":[]},\"eael_hover_effect_general_settings_easing\":\"ease\",\"eael_hover_effect_opacity_popover_hover\":\"\",\"eael_hover_effect_opacity_hover\":{\"unit\":\"px\",\"size\":1,\"sizes\":[]},\"eael_hover_effect_filter_hover_popover\":\"\",\"eael_hover_effect_blur_hover_is_on\":\"\",\"eael_hover_effect_blur_hover\":{\"unit\":\"px\",\"size\":0,\"sizes\":[]},\"eael_hover_effect_contrast_hover_is_on\":\"\",\"eael_hover_effect_contrast_hover\":{\"unit\":\"%\",\"size\":100,\"sizes\":[]},\"eael_hover_effect_grayscale_hover_is_on\":\"\",\"eael_hover_effect_grayscal_hover\":{\"unit\":\"%\",\"size\":0,\"sizes\":[]},\"eael_hover_effect_invert_hover_is_on\":\"\",\"eael_hover_effect_invert_hover\":{\"unit\":\"%\",\"size\":0,\"sizes\":[]},\"eael_hover_effect_saturate_hover_is_on\":\"\",\"eael_hover_effect_saturate_hover\":{\"unit\":\"%\",\"size\":100,\"sizes\":[]},\"eael_hover_effect_sepia_hover_is_on\":\"\",\"eael_hover_effect_sepia_hover\":{\"unit\":\"px\",\"size\":1,\"sizes\":[]},\"eael_hover_effect_offset_hover_popover\":\"\",\"eael_hover_effect_offset_hover_left\":{\"unit\":\"px\",\"size\":0,\"sizes\":[]},\"eael_hover_effect_offset_hover_left_tablet\":{\"unit\":\"px\",\"size\":\"\",\"sizes\":[]},\"eael_hover_effect_offset_hover_left_mobile\":{\"unit\":\"px\",\"size\":\"\",\"sizes\":[]},\"eael_hover_effect_offset_hover_top\":{\"unit\":\"px\",\"size\":0,\"sizes\":[]},\"eael_hover_effect_offset_hover_top_tablet\":{\"unit\":\"px\",\"size\":\"\",\"sizes\":[]},\"eael_hover_effect_offset_hover_top_mobile\":{\"unit\":\"px\",\"size\":\"\",\"sizes\":[]},\"eael_hover_effect_transform_hover_popover\":\"\",\"eael_hover_effect_rotate_hover_is_on\":\"\",\"eael_hover_effect_transform_hover_rotatex\":{\"unit\":\"px\",\"size\":0,\"sizes\":[]},\"eael_hover_effect_transform_hover_rotatey\":{\"unit\":\"px\",\"size\":0,\"sizes\":[]},\"eael_hover_effect_transform_hover_rotatez\":{\"unit\":\"px\",\"size\":0,\"sizes\":[]},\"eael_hover_effect_scale_hover_is_on\":\"\",\"eael_hover_effect_transform_hover_scalex\":{\"unit\":\"px\",\"size\":1,\"sizes\":[]},\"eael_hover_effect_transform_hover_scaley\":{\"unit\":\"px\",\"size\":0,\"sizes\":[]},\"eael_hover_effect_skew_hover_is_on\":\"\",\"eael_hover_effect_transform_hover_skewx\":{\"unit\":\"px\",\"size\":0,\"sizes\":[]},\"eael_hover_effect_transform_hover_skewy\":{\"unit\":\"px\",\"size\":0,\"sizes\":[]},\"eael_hover_effect_general_settings_hover_duration\":{\"unit\":\"px\",\"size\":1000,\"sizes\":[]},\"eael_hover_effect_general_settings_hover_delay\":{\"unit\":\"px\",\"size\":\"\",\"sizes\":[]},\"eael_hover_effect_general_settings_hover_easing\":\"ease\",\"eael_hover_effect_hover_tilt\":\"\",\"eael_liquid_glass_effect_switch\":\"\",\"eael_liquid_glass_effect_notice\":\"\",\"eael_liquid_glass_effect\":\"effect1\",\"eael_liquid_glass_effect_bg_color_effect1\":\"#FFFFFF1F\",\"eael_liquid_glass_effect_bg_color_effect2\":\"#FFFFFF1F\",\"eael_liquid_glass_effect_backdrop_filter_effect1\":{\"unit\":\"px\",\"size\":24,\"sizes\":[]},\"eael_liquid_glass_effect_backdrop_filter_effect2\":{\"unit\":\"px\",\"size\":20,\"sizes\":[]},\"eael_liquid_glass_effect_brightness_effect2\":{\"unit\":\"px\",\"size\":1,\"sizes\":[]},\"eael_liquid_glass_border_distortion\":\"\",\"eael_liquid_glass_border_radious_distortion\":{\"unit\":\"px\",\"top\":24,\"right\":24,\"bottom\":24,\"left\":24,\"isLinked\":true},\"eael_liquid_glass_shadow_effect\":\"effect1\",\"eael_liquid_glass_border_effect1_border\":\"solid\",\"eael_liquid_glass_border_effect1_width\":{\"unit\":\"px\",\"top\":\"1\",\"right\":\"1\",\"bottom\":\"1\",\"left\":\"1\",\"isLinked\":false},\"eael_liquid_glass_border_effect1_color\":\"#FFFFFF1F\",\"eael_liquid_glass_border_effect2_border\":\"solid\",\"eael_liquid_glass_border_effect2_width\":{\"unit\":\"px\",\"top\":\"1\",\"right\":\"1\",\"bottom\":\"1\",\"left\":\"1\",\"isLinked\":false},\"eael_liquid_glass_border_effect2_color\":\"#FFFFFF1F\",\"eael_liquid_glass_border_effect3_border\":\"solid\",\"eael_liquid_glass_border_effect3_width\":{\"unit\":\"px\",\"top\":\"1\",\"right\":\"1\",\"bottom\":\"1\",\"left\":\"1\",\"isLinked\":false},\"eael_liquid_glass_border_effect3_color\":\"#FFFFFF1F\",\"eael_liquid_glass_border_effect4_border\":\"solid\",\"eael_liquid_glass_border_effect4_width\":{\"unit\":\"px\",\"top\":\"1\",\"right\":\"1\",\"bottom\":\"1\",\"left\":\"1\",\"isLinked\":false},\"eael_liquid_glass_border_effect4_color\":\"#AAAAAA1A\",\"eael_liquid_glass_border_radius_effect1\":{\"unit\":\"px\",\"top\":24,\"right\":24,\"bottom\":24,\"left\":24,\"isLinked\":true},\"eael_liquid_glass_border_radius_effect2\":{\"unit\":\"px\",\"top\":16,\"right\":16,\"bottom\":16,\"left\":16,\"isLinked\":true},\"eael_liquid_glass_border_radius_effect3\":{\"unit\":\"px\",\"top\":8,\"right\":8,\"bottom\":8,\"left\":8,\"isLinked\":true},\"eael_liquid_glass_border_radius_effect4\":{\"unit\":\"px\",\"top\":24,\"right\":24,\"bottom\":24,\"left\":24,\"isLinked\":true},\"eael_liquid_glass_shadow_effect1_box_shadow_type\":\"yes\",\"eael_liquid_glass_shadow_effect1__boxshadow_c\":\"rgba(0,0,0,0.15)\",\"eael_liquid_glass_shadow_effect1__boxshadow_h\":{\"unit\":\"px\",\"size\":\"\",\"sizes\":[]},\"eael_liquid_glass_shadow_effect1__boxshadow_v\":{\"unit\":\"px\",\"size\":\"\",\"sizes\":[]},\"eael_liquid_glass_shadow_effect1__boxshadow_b\":{\"unit\":\"px\",\"size\":\"\",\"sizes\":[]},\"eael_liquid_glass_shadow_effect1__boxshadow_s\":{\"unit\":\"px\",\"size\":\"\",\"sizes\":[]},\"eael_liquid_glass_shadow_effect1__boxshadow_p\":\" \",\"eael_liquid_glass_shadow_effect2_box_shadow_type\":\"yes\",\"eael_liquid_glass_shadow_effect2__boxshadow_c\":\"rgba(0,0,0,0.15)\",\"eael_liquid_glass_shadow_effect2__boxshadow_h\":{\"unit\":\"px\",\"size\":\"\",\"sizes\":[]},\"eael_liquid_glass_shadow_effect2__boxshadow_v\":{\"unit\":\"px\",\"size\":\"\",\"sizes\":[]},\"eael_liquid_glass_shadow_effect2__boxshadow_b\":{\"unit\":\"px\",\"size\":\"\",\"sizes\":[]},\"eael_liquid_glass_shadow_effect2__boxshadow_s\":{\"unit\":\"px\",\"size\":\"\",\"sizes\":[]},\"eael_liquid_glass_shadow_effect2__boxshadow_p\":\" \",\"eael_liquid_glass_shadow_effect3_box_shadow_type\":\"yes\",\"eael_liquid_glass_shadow_effect3__boxshadow_c\":\"rgba(0,0,0,0.15)\",\"eael_liquid_glass_shadow_effect3__boxshadow_h\":{\"unit\":\"px\",\"size\":\"\",\"sizes\":[]},\"eael_liquid_glass_shadow_effect3__boxshadow_v\":{\"unit\":\"px\",\"size\":\"\",\"sizes\":[]},\"eael_liquid_glass_shadow_effect3__boxshadow_b\":{\"unit\":\"px\",\"size\":\"\",\"sizes\":[]},\"eael_liquid_glass_shadow_effect3__boxshadow_s\":{\"unit\":\"px\",\"size\":\"\",\"sizes\":[]},\"eael_liquid_glass_shadow_effect3__boxshadow_p\":\" \",\"eael_liquid_glass_shadow_effect4_box_shadow_type\":\"yes\",\"eael_liquid_glass_shadow_effect4__boxshadow_c\":\"rgba(0,0,0,0.15)\",\"eael_liquid_glass_shadow_effect4__boxshadow_h\":{\"unit\":\"px\",\"size\":\"\",\"sizes\":[]},\"eael_liquid_glass_shadow_effect4__boxshadow_v\":{\"unit\":\"px\",\"size\":\"\",\"sizes\":[]},\"eael_liquid_glass_shadow_effect4__boxshadow_b\":{\"unit\":\"px\",\"size\":\"\",\"sizes\":[]},\"eael_liquid_glass_shadow_effect4__boxshadow_s\":{\"unit\":\"px\",\"size\":\"\",\"sizes\":[]},\"eael_liquid_glass_shadow_effect4__boxshadow_p\":\" \",\"eael_enable_image_masking\":\"\",\"eael_image_masking_type\":\"clip\",\"eael_image_masking_clip_path\":\"bavel\",\"eael_image_masking_enable_custom_clip_path\":\"\",\"eael_image_masking_svg\":\"polygon\",\"eael_image_masking_hover_effect\":\"\",\"eael_image_masking_clip_path_hover\":\"bavel\",\"eael_image_masking_enable_custom_clip_path_hover\":\"\",\"eael_image_masking_svg_hover\":\"polygon\",\"eael_image_masking_hover_selector\":\"\",\"eael_image_masking_image_size\":\"contain\",\"eael_image_masking_image_custom_size_custom\":{\"unit\":\"px\",\"size\":\"\",\"sizes\":[]},\"eael_image_masking_image_position\":\"center center\",\"eael_image_masking_image_repeat\":\"no-repeat\",\"lakit_floating_fx\":\"\",\"lakit_floating_fx_translate_toggle\":\"\",\"lakit_floating_fx_translate_x\":{\"unit\":\"px\",\"size\":\"\",\"sizes\":{\"from\":0,\"to\":5}},\"lakit_floating_fx_translate_y\":{\"unit\":\"px\",\"size\":\"\",\"sizes\":{\"from\":0,\"to\":5}},\"lakit_floating_fx_translate_duration\":{\"unit\":\"px\",\"size\":1000,\"sizes\":[]},\"lakit_floating_fx_translate_delay\":{\"unit\":\"px\",\"size\":\"\",\"sizes\":[]},\"lakit_floating_fx_rotate_toggle\":\"\",\"lakit_floating_fx_rotate_x\":{\"unit\":\"px\",\"size\":\"\",\"sizes\":{\"from\":0,\"to\":45}},\"lakit_floating_fx_rotate_y\":{\"unit\":\"px\",\"size\":\"\",\"sizes\":{\"from\":0,\"to\":45}},\"lakit_floating_fx_rotate_z\":{\"unit\":\"px\",\"size\":\"\",\"sizes\":{\"from\":0,\"to\":45}},\"lakit_floating_fx_rotate_duration\":{\"unit\":\"px\",\"size\":1000,\"sizes\":[]},\"lakit_floating_fx_rotate_delay\":{\"unit\":\"px\",\"size\":\"\",\"sizes\":[]},\"lakit_floating_fx_scale_toggle\":\"\",\"lakit_floating_fx_scale_x\":{\"unit\":\"px\",\"size\":\"\",\"sizes\":{\"from\":1,\"to\":1.1999999999999999555910790149937383830547332763671875}},\"lakit_floating_fx_scale_y\":{\"unit\":\"px\",\"size\":\"\",\"sizes\":{\"from\":1,\"to\":1.1999999999999999555910790149937383830547332763671875}},\"lakit_floating_fx_scale_duration\":{\"unit\":\"px\",\"size\":1000,\"sizes\":[]},\"lakit_floating_fx_scale_delay\":{\"unit\":\"px\",\"size\":\"\",\"sizes\":[]},\"lakit_transform_fx\":\"\",\"lakit_transform_fx_translate_toggle\":\"\",\"lakit_transform_fx_translate_x\":{\"unit\":\"px\",\"size\":\"\",\"sizes\":[]},\"lakit_transform_fx_translate_y\":{\"unit\":\"px\",\"size\":\"\",\"sizes\":[]},\"lakit_transform_fx_rotate_toggle\":\"\",\"lakit_transform_fx_rotate_mode\":\"loose\",\"lakit_transform_fx_rotate_x\":{\"unit\":\"px\",\"size\":\"\",\"sizes\":[]},\"lakit_transform_fx_rotate_y\":{\"unit\":\"px\",\"size\":\"\",\"sizes\":[]},\"lakit_transform_fx_rotate_z\":{\"unit\":\"px\",\"size\":\"\",\"sizes\":[]},\"lakit_transform_fx_scale_toggle\":\"\",\"lakit_transform_fx_scale_mode\":\"loose\",\"lakit_transform_fx_scale_x\":{\"unit\":\"px\",\"size\":1,\"sizes\":[]},\"lakit_transform_fx_scale_y\":{\"unit\":\"px\",\"size\":1,\"sizes\":[]},\"lakit_transform_fx_skew_toggle\":\"\",\"lakit_transform_fx_skew_x\":{\"unit\":\"px\",\"size\":\"\",\"sizes\":[]},\"lakit_transform_fx_skew_y\":{\"unit\":\"px\",\"size\":\"\",\"sizes\":[]},\"lakit_transform_fx_translate_toggle_hover\":\"\",\"lakit_transform_fx_translate_x_hover\":{\"unit\":\"px\",\"size\":\"\",\"sizes\":[]},\"lakit_transform_fx_translate_y_hover\":{\"unit\":\"px\",\"size\":\"\",\"sizes\":[]},\"lakit_transform_fx_rotate_toggle_hover\":\"\",\"lakit_transform_fx_rotate_mode_hover\":\"loose\",\"lakit_transform_fx_rotate_x_hover\":{\"unit\":\"px\",\"size\":\"\",\"sizes\":[]},\"lakit_transform_fx_rotate_y_hover\":{\"unit\":\"px\",\"size\":\"\",\"sizes\":[]},\"lakit_transform_fx_rotate_z_hover\":{\"unit\":\"px\",\"size\":\"\",\"sizes\":[]},\"lakit_transform_fx_scale_toggle_hover\":\"\",\"lakit_transform_fx_scale_mode_hover\":\"loose\",\"lakit_transform_fx_scale_x_hover\":{\"unit\":\"px\",\"size\":1,\"sizes\":[]},\"lakit_transform_fx_scale_y_hover\":{\"unit\":\"px\",\"size\":1,\"sizes\":[]},\"lakit_transform_fx_skew_toggle_hover\":\"\",\"lakit_transform_fx_skew_x_hover\":{\"unit\":\"px\",\"size\":\"\",\"sizes\":[]},\"lakit_transform_fx_skew_y_hover\":{\"unit\":\"px\",\"size\":\"\",\"sizes\":[]},\"lakit_transform_fx_transition_duration\":{\"unit\":\"px\",\"size\":\"\",\"sizes\":[]},\"lakit_vlogic_enabled\":\"\",\"lakit_vlogic_role_visible\":\"\",\"lakit_vlogic_role_hidden\":\"\",\"motion_fx_motion_fx_scrolling\":\"\",\"motion_fx_translateY_effect\":\"\",\"motion_fx_translateY_direction\":\"\",\"motion_fx_translateY_speed\":{\"unit\":\"px\",\"size\":3,\"sizes\":[]},\"motion_fx_translateY_affectedRange\":{\"unit\":\"%\",\"size\":\"\",\"sizes\":{\"start\":20,\"end\":80}},\"motion_fx_translateX_effect\":\"\",\"motion_fx_translateX_direction\":\"\",\"motion_fx_translateX_speed\":{\"unit\":\"px\",\"size\":4,\"sizes\":[]},\"motion_fx_translateX_affectedRange\":{\"unit\":\"%\",\"size\":\"\",\"sizes\":{\"start\":20,\"end\":80}},\"motion_fx_opacity_effect\":\"\",\"motion_fx_opacity_direction\":\"out-in\",\"motion_fx_opacity_level\":{\"unit\":\"px\",\"size\":10,\"sizes\":[]},\"motion_fx_opacity_range\":{\"unit\":\"%\",\"size\":\"\",\"sizes\":{\"start\":20,\"end\":80}},\"motion_fx_blur_effect\":\"\",\"motion_fx_blur_direction\":\"out-in\",\"motion_fx_blur_level\":{\"unit\":\"px\",\"size\":7,\"sizes\":[]},\"motion_fx_blur_range\":{\"unit\":\"%\",\"size\":\"\",\"sizes\":{\"start\":20,\"end\":80}},\"motion_fx_rotateZ_effect\":\"\",\"motion_fx_rotateZ_direction\":\"\",\"motion_fx_rotateZ_speed\":{\"unit\":\"px\",\"size\":1,\"sizes\":[]},\"motion_fx_rotateZ_affectedRange\":{\"unit\":\"%\",\"size\":\"\",\"sizes\":{\"start\":0,\"end\":100}},\"motion_fx_scale_effect\":\"\",\"motion_fx_scale_direction\":\"out-in\",\"motion_fx_scale_speed\":{\"unit\":\"px\",\"size\":4,\"sizes\":[]},\"motion_fx_scale_range\":{\"unit\":\"%\",\"size\":\"\",\"sizes\":{\"start\":20,\"end\":80}},\"motion_fx_transform_origin_x\":\"center\",\"motion_fx_transform_origin_y\":\"center\",\"motion_fx_range\":\"\",\"motion_fx_motion_fx_mouse\":\"\",\"motion_fx_mouseTrack_effect\":\"\",\"motion_fx_mouseTrack_direction\":\"\",\"motion_fx_mouseTrack_speed\":{\"unit\":\"px\",\"size\":1,\"sizes\":[]},\"motion_fx_tilt_effect\":\"\",\"motion_fx_tilt_direction\":\"\",\"motion_fx_tilt_speed\":{\"unit\":\"px\",\"size\":4,\"sizes\":[]},\"motion_fx_devices\":[\"mobile\",\"tablet\",\"desktop\"],\"sticky\":\"\",\"sticky_on\":[\"desktop\",\"mobile\",\"tablet\"],\"sticky_offset\":0,\"sticky_effects_offset\":0,\"sticky_parent\":\"\",\"_animation\":\"\",\"_animation_tablet\":\"\",\"_animation_mobile\":\"\",\"animation_duration\":\"\",\"_animation_delay\":\"\",\"_transform_rotate_popover\":\"\",\"_transform_rotateZ_effect\":{\"unit\":\"px\",\"size\":\"\",\"sizes\":[]},\"_transform_rotateZ_effect_tablet\":{\"unit\":\"deg\",\"size\":\"\",\"sizes\":[]},\"_transform_rotateZ_effect_mobile\":{\"unit\":\"deg\",\"size\":\"\",\"sizes\":[]},\"_transform_rotate_3d\":\"\",\"_transform_rotateX_effect\":{\"unit\":\"px\",\"size\":\"\",\"sizes\":[]},\"_transform_rotateX_effect_tablet\":{\"unit\":\"deg\",\"size\":\"\",\"sizes\":[]},\"_transform_rotateX_effect_mobile\":{\"unit\":\"deg\",\"size\":\"\",\"sizes\":[]},\"_transform_rotateY_effect\":{\"unit\":\"px\",\"size\":\"\",\"sizes\":[]},\"_transform_rotateY_effect_tablet\":{\"unit\":\"deg\",\"size\":\"\",\"sizes\":[]},\"_transform_rotateY_effect_mobile\":{\"unit\":\"deg\",\"size\":\"\",\"sizes\":[]},\"_transform_perspective_effect\":{\"unit\":\"px\",\"size\":\"\",\"sizes\":[]},\"_transform_perspective_effect_tablet\":{\"unit\":\"px\",\"size\":\"\",\"sizes\":[]},\"_transform_perspective_effect_mobile\":{\"unit\":\"px\",\"size\":\"\",\"sizes\":[]},\"_transform_translate_popover\":\"\",\"_transform_translateX_effect\":{\"unit\":\"px\",\"size\":\"\",\"sizes\":[]},\"_transform_translateX_effect_tablet\":{\"unit\":\"px\",\"size\":\"\",\"sizes\":[]},\"_transform_translateX_effect_mobile\":{\"unit\":\"px\",\"size\":\"\",\"sizes\":[]},\"_transform_translateY_effect\":{\"unit\":\"px\",\"size\":\"\",\"sizes\":[]},\"_transform_translateY_effect_tablet\":{\"unit\":\"px\",\"size\":\"\",\"sizes\":[]},\"_transform_translateY_effect_mobile\":{\"unit\":\"px\",\"size\":\"\",\"sizes\":[]},\"_transform_scale_popover\":\"\",\"_transform_keep_proportions\":\"yes\",\"_transform_scale_effect\":{\"unit\":\"px\",\"size\":\"\",\"sizes\":[]},\"_transform_scale_effect_tablet\":{\"unit\":\"px\",\"size\":\"\",\"sizes\":[]},\"_transform_scale_effect_mobile\":{\"unit\":\"px\",\"size\":\"\",\"sizes\":[]},\"_transform_scaleX_effect\":{\"unit\":\"px\",\"size\":\"\",\"sizes\":[]},\"_transform_scaleX_effect_tablet\":{\"unit\":\"px\",\"size\":\"\",\"sizes\":[]},\"_transform_scaleX_effect_mobile\":{\"unit\":\"px\",\"size\":\"\",\"sizes\":[]},\"_transform_scaleY_effect\":{\"unit\":\"px\",\"size\":\"\",\"sizes\":[]},\"_transform_scaleY_effect_tablet\":{\"unit\":\"px\",\"size\":\"\",\"sizes\":[]},\"_transform_scaleY_effect_mobile\":{\"unit\":\"px\",\"size\":\"\",\"sizes\":[]},\"_transform_skew_popover\":\"\",\"_transform_skewX_effect\":{\"unit\":\"px\",\"size\":\"\",\"sizes\":[]},\"_transform_skewX_effect_tablet\":{\"unit\":\"deg\",\"size\":\"\",\"sizes\":[]},\"_transform_skewX_effect_mobile\":{\"unit\":\"deg\",\"size\":\"\",\"sizes\":[]},\"_transform_skewY_effect\":{\"unit\":\"px\",\"size\":\"\",\"sizes\":[]},\"_transform_skewY_effect_tablet\":{\"unit\":\"deg\",\"size\":\"\",\"sizes\":[]},\"_transform_skewY_effect_mobile\":{\"unit\":\"deg\",\"size\":\"\",\"sizes\":[]},\"_transform_flipX_effect\":\"\",\"_transform_flipY_effect\":\"\",\"_transform_rotate_popover_hover\":\"\",\"_transform_rotateZ_effect_hover\":{\"unit\":\"px\",\"size\":\"\",\"sizes\":[]},\"_transform_rotateZ_effect_hover_tablet\":{\"unit\":\"deg\",\"size\":\"\",\"sizes\":[]},\"_transform_rotateZ_effect_hover_mobile\":{\"unit\":\"deg\",\"size\":\"\",\"sizes\":[]},\"_transform_rotate_3d_hover\":\"\",\"_transform_rotateX_effect_hover\":{\"unit\":\"px\",\"size\":\"\",\"sizes\":[]},\"_transform_rotateX_effect_hover_tablet\":{\"unit\":\"deg\",\"size\":\"\",\"sizes\":[]},\"_transform_rotateX_effect_hover_mobile\":{\"unit\":\"deg\",\"size\":\"\",\"sizes\":[]},\"_transform_rotateY_effect_hover\":{\"unit\":\"px\",\"size\":\"\",\"sizes\":[]},\"_transform_rotateY_effect_hover_tablet\":{\"unit\":\"deg\",\"size\":\"\",\"sizes\":[]},\"_transform_rotateY_effect_hover_mobile\":{\"unit\":\"deg\",\"size\":\"\",\"sizes\":[]},\"_transform_perspective_effect_hover\":{\"unit\":\"px\",\"size\":\"\",\"sizes\":[]},\"_transform_perspective_effect_hover_tablet\":{\"unit\":\"px\",\"size\":\"\",\"sizes\":[]},\"_transform_perspective_effect_hover_mobile\":{\"unit\":\"px\",\"size\":\"\",\"sizes\":[]},\"_transform_translate_popover_hover\":\"\",\"_transform_translateX_effect_hover\":{\"unit\":\"px\",\"size\":\"\",\"sizes\":[]},\"_transform_translateX_effect_hover_tablet\":{\"unit\":\"px\",\"size\":\"\",\"sizes\":[]},\"_transform_translateX_effect_hover_mobile\":{\"unit\":\"px\",\"size\":\"\",\"sizes\":[]},\"_transform_translateY_effect_hover\":{\"unit\":\"px\",\"size\":\"\",\"sizes\":[]},\"_transform_translateY_effect_hover_tablet\":{\"unit\":\"px\",\"size\":\"\",\"sizes\":[]},\"_transform_translateY_effect_hover_mobile\":{\"unit\":\"px\",\"size\":\"\",\"sizes\":[]},\"_transform_scale_popover_hover\":\"\",\"_transform_keep_proportions_hover\":\"yes\",\"_transform_scale_effect_hover\":{\"unit\":\"px\",\"size\":\"\",\"sizes\":[]},\"_transform_scale_effect_hover_tablet\":{\"unit\":\"px\",\"size\":\"\",\"sizes\":[]},\"_transform_scale_effect_hover_mobile\":{\"unit\":\"px\",\"size\":\"\",\"sizes\":[]},\"_transform_scaleX_effect_hover\":{\"unit\":\"px\",\"size\":\"\",\"sizes\":[]},\"_transform_scaleX_effect_hover_tablet\":{\"unit\":\"px\",\"size\":\"\",\"sizes\":[]},\"_transform_scaleX_effect_hover_mobile\":{\"unit\":\"px\",\"size\":\"\",\"sizes\":[]},\"_transform_scaleY_effect_hover\":{\"unit\":\"px\",\"size\":\"\",\"sizes\":[]},\"_transform_scaleY_effect_hover_tablet\":{\"unit\":\"px\",\"size\":\"\",\"sizes\":[]},\"_transform_scaleY_effect_hover_mobile\":{\"unit\":\"px\",\"size\":\"\",\"sizes\":[]},\"_transform_skew_popover_hover\":\"\",\"_transform_skewX_effect_hover\":{\"unit\":\"px\",\"size\":\"\",\"sizes\":[]},\"_transform_skewX_effect_hover_tablet\":{\"unit\":\"deg\",\"size\":\"\",\"sizes\":[]},\"_transform_skewX_effect_hover_mobile\":{\"unit\":\"deg\",\"size\":\"\",\"sizes\":[]},\"_transform_skewY_effect_hover\":{\"unit\":\"px\",\"size\":\"\",\"sizes\":[]},\"_transform_skewY_effect_hover_tablet\":{\"unit\":\"deg\",\"size\":\"\",\"sizes\":[]},\"_transform_skewY_effect_hover_mobile\":{\"unit\":\"deg\",\"size\":\"\",\"sizes\":[]},\"_transform_flipX_effect_hover\":\"\",\"_transform_flipY_effect_hover\":\"\",\"_transform_transition_hover\":{\"unit\":\"px\",\"size\":\"\",\"sizes\":[]},\"motion_fx_transform_x_anchor_point\":\"\",\"motion_fx_transform_y_anchor_point\":\"\",\"_background_background\":\"\",\"_background_gradient_notice\":\"\",\"_background_color\":\"\",\"_background_color_stop\":{\"unit\":\"%\",\"size\":0,\"sizes\":[]},\"_background_color_b\":\"#f2295b\",\"_background_color_b_stop\":{\"unit\":\"%\",\"size\":100,\"sizes\":[]},\"_background_gradient_type\":\"linear\",\"_background_gradient_angle\":{\"unit\":\"deg\",\"size\":180,\"sizes\":[]},\"_background_gradient_position\":\"center center\",\"_background_image\":{\"url\":\"\",\"id\":\"\",\"size\":\"\"},\"_background_position\":\"\",\"_background_xpos\":{\"unit\":\"px\",\"size\":0,\"sizes\":[]},\"_background_ypos\":{\"unit\":\"px\",\"size\":0,\"sizes\":[]},\"_background_attachment\":\"\",\"_background_repeat\":\"\",\"_background_size\":\"\",\"_background_bg_width\":{\"unit\":\"%\",\"size\":100,\"sizes\":[]},\"_background_video_link\":\"\",\"_background_video_start\":\"\",\"_background_video_end\":\"\",\"_background_play_once\":\"\",\"_background_play_on_mobile\":\"\",\"_background_privacy_mode\":\"\",\"_background_video_fallback\":{\"url\":\"\",\"id\":\"\",\"size\":\"\"},\"_background_slideshow_gallery\":[],\"_background_slideshow_loop\":\"yes\",\"_background_slideshow_slide_duration\":5000,\"_background_slideshow_slide_transition\":\"fade\",\"_background_slideshow_transition_duration\":500,\"_background_slideshow_background_size\":\"\",\"_background_slideshow_background_position\":\"\",\"_background_slideshow_lazyload\":\"\",\"_background_slideshow_ken_burns\":\"\",\"_background_slideshow_ken_burns_zoom_direction\":\"in\",\"_background_hover_background\":\"\",\"_background_hover_gradient_notice\":\"\",\"_background_hover_color\":\"\",\"_background_hover_color_stop\":{\"unit\":\"%\",\"size\":0,\"sizes\":[]},\"_background_hover_color_b\":\"#f2295b\",\"_background_hover_color_b_stop\":{\"unit\":\"%\",\"size\":100,\"sizes\":[]},\"_background_hover_gradient_type\":\"linear\",\"_background_hover_gradient_angle\":{\"unit\":\"deg\",\"size\":180,\"sizes\":[]},\"_background_hover_gradient_position\":\"center center\",\"_background_hover_image\":{\"url\":\"\",\"id\":\"\",\"size\":\"\"},\"_background_hover_position\":\"\",\"_background_hover_xpos\":{\"unit\":\"px\",\"size\":0,\"sizes\":[]},\"_background_hover_ypos\":{\"unit\":\"px\",\"size\":0,\"sizes\":[]},\"_background_hover_attachment\":\"\",\"_background_hover_repeat\":\"\",\"_background_hover_size\":\"\",\"_background_hover_bg_width\":{\"unit\":\"%\",\"size\":100,\"sizes\":[]},\"_background_hover_video_link\":\"\",\"_background_hover_video_start\":\"\",\"_background_hover_video_end\":\"\",\"_background_hover_play_once\":\"\",\"_background_hover_play_on_mobile\":\"\",\"_background_hover_privacy_mode\":\"\",\"_background_hover_video_fallback\":{\"url\":\"\",\"id\":\"\",\"size\":\"\"},\"_background_hover_slideshow_gallery\":[],\"_background_hover_slideshow_loop\":\"yes\",\"_background_hover_slideshow_slide_duration\":5000,\"_background_hover_slideshow_slide_transition\":\"fade\",\"_background_hover_slideshow_transition_duration\":500,\"_background_hover_slideshow_background_size\":\"\",\"_background_hover_slideshow_background_position\":\"\",\"_background_hover_slideshow_lazyload\":\"\",\"_background_hover_slideshow_ken_burns\":\"\",\"_background_hover_slideshow_ken_burns_zoom_direction\":\"in\",\"_background_hover_transition\":{\"unit\":\"px\",\"size\":\"\",\"sizes\":[]},\"_border_border\":\"\",\"_border_width\":{\"unit\":\"px\",\"top\":\"\",\"right\":\"\",\"bottom\":\"\",\"left\":\"\",\"isLinked\":true},\"_border_color\":\"\",\"_border_radius\":{\"unit\":\"px\",\"top\":\"\",\"right\":\"\",\"bottom\":\"\",\"left\":\"\",\"isLinked\":true},\"_box_shadow_box_shadow_type\":\"\",\"_box_shadow__boxshadow_c\":\"rgba(0,0,0,0.15)\",\"_box_shadow__boxshadow_h\":{\"unit\":\"px\",\"size\":\"\",\"sizes\":[]},\"_box_shadow__boxshadow_v\":{\"unit\":\"px\",\"size\":\"\",\"sizes\":[]},\"_box_shadow__boxshadow_b\":{\"unit\":\"px\",\"size\":\"\",\"sizes\":[]},\"_box_shadow__boxshadow_s\":{\"unit\":\"px\",\"size\":\"\",\"sizes\":[]},\"_box_shadow__boxshadow_p\":\" \",\"_border_hover_border\":\"\",\"_border_hover_width\":{\"unit\":\"px\",\"top\":\"\",\"right\":\"\",\"bottom\":\"\",\"left\":\"\",\"isLinked\":true},\"_border_hover_color\":\"\",\"_border_radius_hover\":{\"unit\":\"px\",\"top\":\"\",\"right\":\"\",\"bottom\":\"\",\"left\":\"\",\"isLinked\":true},\"_box_shadow_hover_box_shadow_type\":\"\",\"_box_shadow_hover__boxshadow_c\":\"rgba(0,0,0,0.15)\",\"_box_shadow_hover__boxshadow_h\":{\"unit\":\"px\",\"size\":\"\",\"sizes\":[]},\"_box_shadow_hover__boxshadow_v\":{\"unit\":\"px\",\"size\":\"\",\"sizes\":[]},\"_box_shadow_hover__boxshadow_b\":{\"unit\":\"px\",\"size\":\"\",\"sizes\":[]},\"_box_shadow_hover__boxshadow_s\":{\"unit\":\"px\",\"size\":\"\",\"sizes\":[]},\"_box_shadow_hover__boxshadow_p\":\" \",\"_border_hover_transition\":{\"unit\":\"px\",\"size\":\"\",\"sizes\":[]},\"_mask_switch\":\"\",\"_mask_shape\":\"circle\",\"_mask_image\":{\"url\":\"\",\"id\":\"\",\"size\":\"\"},\"_mask_size\":\"contain\",\"_mask_size_scale\":{\"unit\":\"%\",\"size\":100,\"sizes\":[]},\"_mask_position\":\"center center\",\"_mask_position_x\":{\"unit\":\"%\",\"size\":0,\"sizes\":[]},\"_mask_position_y\":{\"unit\":\"%\",\"size\":0,\"sizes\":[]},\"_mask_repeat\":\"no-repeat\",\"hide_desktop\":\"\",\"hide_tablet\":\"\",\"hide_mobile\":\"\",\"_attributes\":\"\",\"custom_css\":\"\",\"paged\":1,\"class\":\"jblog_block_20\"};<\/script><\/div>\t\t\t\t<\/div>\n\t\t\t\t<\/div>\n\t\t\t\t<div class=\"elementor-element elementor-element-3965dfe elementor-widget elementor-widget-eael-feature-list\" data-id=\"3965dfe\" data-element_type=\"widget\" data-e-type=\"widget\" data-widget_type=\"eael-feature-list.default\">\n\t\t\t\t<div class=\"elementor-widget-container\">\n\t\t\t\t\t\t\t<div class=\"-icon-position-left -tablet-icon-position-left -mobile-icon-position-left\">\n\t\t\t<ul id=\"eael-feature-list-3965dfe\" class=\"eael-feature-list-items circle framed connector-type-modern eael-feature-list-vertical\" data-layout-tablet=\"vertical\" data-layout-mobile=\"vertical\">\n\t\t\t                <li class=\"eael-feature-list-item elementor-repeater-item-43ee1aa\">\n                                            <span class=\"connector\" style=\"right: calc(100% - 42px); left: 0;\"><\/span>\n                        <span class=\"connector connector-tablet\" style=\"right: calc(100% - 42px); left: 0;\"><\/span>\n                        <span class=\"connector connector-mobile\" style=\"right: calc(100% - 42px); left: 0;\"><\/span>\n                    \n\t\t\t\t\t\t<div class=\"eael-feature-list-icon-box\">\n\t\t\t\t\t\t\t<div class=\"eael-feature-list-icon-inner\">\n\n\t\t\t\t\t\t\t\t<span class=\"eael-feature-list-icon fl-icon-0\">\n\n\t\t<i aria-hidden=\"true\" class=\"fas fa-calendar-check\"><\/i>\t\t\t\t\t\t\t\t<\/span>\n\t\t\t\t\t\t\t<\/div>\n\t\t\t\t\t\t<\/div>\n\t\t\t\t\t\t<div class=\"eael-feature-list-content-box\">\n                            <h2 class=\"eael-feature-list-title\">6 de abril<\/h2>\t\t\t\t\t\t<p class=\"eael-feature-list-content\">Publicaci\u00f3n de calificaciones parciales y altas<\/p>\n\t\t\t\t\t\t<\/div>\n\n\t\t\t\t\t<\/li>\n\t\t\t\t                <li class=\"eael-feature-list-item elementor-repeater-item-b8d8122\">\n                                            <span class=\"connector\" style=\"right: calc(100% - 42px); left: 0;\"><\/span>\n                        <span class=\"connector connector-tablet\" style=\"right: calc(100% - 42px); left: 0;\"><\/span>\n                        <span class=\"connector connector-mobile\" style=\"right: calc(100% - 42px); left: 0;\"><\/span>\n                    \n\t\t\t\t\t\t<div class=\"eael-feature-list-icon-box\">\n\t\t\t\t\t\t\t<div class=\"eael-feature-list-icon-inner\">\n\n\t\t\t\t\t\t\t\t<span class=\"eael-feature-list-icon fl-icon-1\">\n\n\t\t<i aria-hidden=\"true\" class=\"fas fa-calendar-check\"><\/i>\t\t\t\t\t\t\t\t<\/span>\n\t\t\t\t\t\t\t<\/div>\n\t\t\t\t\t\t<\/div>\n\t\t\t\t\t\t<div class=\"eael-feature-list-content-box\">\n                            <h2 class=\"eael-feature-list-title\">10 de abril<\/h2>\t\t\t\t\t\t<p class=\"eael-feature-list-content\">Fecha l\u00edmite pago de colegiatura<\/p>\n\t\t\t\t\t\t<\/div>\n\n\t\t\t\t\t<\/li>\n\t\t\t\t                <li class=\"eael-feature-list-item elementor-repeater-item-f4a2b39\">\n                                            <span class=\"connector\" style=\"right: calc(100% - 42px); left: 0;\"><\/span>\n                        <span class=\"connector connector-tablet\" style=\"right: calc(100% - 42px); left: 0;\"><\/span>\n                        <span class=\"connector connector-mobile\" style=\"right: calc(100% - 42px); left: 0;\"><\/span>\n                    \n\t\t\t\t\t\t<div class=\"eael-feature-list-icon-box\">\n\t\t\t\t\t\t\t<div class=\"eael-feature-list-icon-inner\">\n\n\t\t\t\t\t\t\t\t<span class=\"eael-feature-list-icon fl-icon-2\">\n\n\t\t<i aria-hidden=\"true\" class=\"fas fa-calendar-check\"><\/i>\t\t\t\t\t\t\t\t<\/span>\n\t\t\t\t\t\t\t<\/div>\n\t\t\t\t\t\t<\/div>\n\t\t\t\t\t\t<div class=\"eael-feature-list-content-box\">\n                            <h2 class=\"eael-feature-list-title\">20 al 24 de abril<\/h2>\t\t\t\t\t\t<p class=\"eael-feature-list-content\">Baja de asignaturas<\/p>\n\t\t\t\t\t\t<\/div>\n\n\t\t\t\t\t<\/li>\n\t\t\t\t                <li class=\"eael-feature-list-item elementor-repeater-item-6112275\">\n                                            <span class=\"connector\" style=\"right: calc(100% - 42px); left: 0;\"><\/span>\n                        <span class=\"connector connector-tablet\" style=\"right: calc(100% - 42px); left: 0;\"><\/span>\n                        <span class=\"connector connector-mobile\" style=\"right: calc(100% - 42px); left: 0;\"><\/span>\n                    \n\t\t\t\t\t\t<div class=\"eael-feature-list-icon-box\">\n\t\t\t\t\t\t\t<div class=\"eael-feature-list-icon-inner\">\n\n\t\t\t\t\t\t\t\t<span class=\"eael-feature-list-icon fl-icon-3\">\n\n\t\t<i aria-hidden=\"true\" class=\"fas fa-calendar-check\"><\/i>\t\t\t\t\t\t\t\t<\/span>\n\t\t\t\t\t\t\t<\/div>\n\t\t\t\t\t\t<\/div>\n\t\t\t\t\t\t<div class=\"eael-feature-list-content-box\">\n                            <h2 class=\"eael-feature-list-title\">24 de abril<\/h2>\t\t\t\t\t\t<p class=\"eael-feature-list-content\">Fecha l\u00edmite baja total<\/p>\n\t\t\t\t\t\t<\/div>\n\n\t\t\t\t\t<\/li>\n\t\t\t\t\t\t\t<\/ul>\n\t\t<\/div>\n\t\t\t\t\t\t<\/div>\n\t\t\t\t<\/div>\n\t\t\t\t\t<\/div>\n\t\t<\/div>\n\t\t\t\t\t<\/div>\n\t\t<\/section>\n\t\t\t\t<\/div>\n\t\t","protected":false},"excerpt":{"rendered":"<p>Este a\u00f1o ha estado marcado por importantes avances que evidencian el compromiso de quienes forman parte de nuestra universidad con la excelencia, la sostenibilidad y la responsabilidad social. En particular, la Direcci\u00f3n General de Administraci\u00f3n y Finanzas ha centrado sus esfuerzos en robustecer procesos clave, acompa\u00f1ar el crecimiento institucional y dar continuidad a proyectos estrat\u00e9gicos alineados con nuestra visi\u00f3n de cuidado integral y respeto por la Casa Com\u00fan. <\/p>\n","protected":false},"author":1,"featured_media":14517,"comment_status":"closed","ping_status":"closed","sticky":false,"template":"","format":"standard","meta":{"_monsterinsights_skip_tracking":false,"_monsterinsights_sitenote_active":false,"_monsterinsights_sitenote_note":"","_monsterinsights_sitenote_category":0,"_jetpack_memberships_contains_paid_content":false,"footnotes":""},"categories":[57],"tags":[],"class_list":["post-14377","post","type-post","status-publish","format-standard","has-post-thumbnail","hentry","category-numero-50-abril-2026"],"yoast_head":"<!-- This site is optimized with the Yoast SEO plugin v27.4 - https:\/\/yoast.com\/product\/yoast-seo-wordpress\/ -->\n<title>Registro de personas desaparecidas 2026: notas cr\u00edticas y contextos - Pulso<\/title>\n<meta name=\"robots\" content=\"index, follow, max-snippet:-1, max-image-preview:large, max-video-preview:-1\" \/>\n<link rel=\"canonical\" href=\"https:\/\/iberoleonenvio.com\/website_f1c4f9f2\/registro-de-personas-desaparecidas-2026-notas-criticas-y-contextos\/\" \/>\n<meta property=\"og:locale\" content=\"es_MX\" \/>\n<meta property=\"og:type\" content=\"article\" \/>\n<meta property=\"og:title\" content=\"Registro de personas desaparecidas 2026: notas cr\u00edticas y contextos - Pulso\" \/>\n<meta property=\"og:description\" content=\"Este a\u00f1o ha estado marcado por importantes avances que evidencian el compromiso de quienes forman parte de nuestra universidad con la excelencia, la sostenibilidad y la responsabilidad social. En particular, la Direcci\u00f3n General de Administraci\u00f3n y Finanzas ha centrado sus esfuerzos en robustecer procesos clave, acompa\u00f1ar el crecimiento institucional y dar continuidad a proyectos estrat\u00e9gicos alineados con nuestra visi\u00f3n de cuidado integral y respeto por la Casa Com\u00fan.\" \/>\n<meta property=\"og:url\" content=\"https:\/\/iberoleonenvio.com\/website_f1c4f9f2\/registro-de-personas-desaparecidas-2026-notas-criticas-y-contextos\/\" \/>\n<meta property=\"og:site_name\" content=\"Pulso\" \/>\n<meta property=\"article:published_time\" content=\"2026-04-07T17:04:12+00:00\" \/>\n<meta property=\"article:modified_time\" content=\"2026-04-08T15:16:41+00:00\" \/>\n<meta property=\"og:image\" content=\"https:\/\/iberoleonenvio.com\/website_f1c4f9f2\/wp-content\/uploads\/2026\/04\/DSC2135.jpg\" \/>\n\t<meta property=\"og:image:width\" content=\"1920\" \/>\n\t<meta property=\"og:image:height\" content=\"1280\" \/>\n\t<meta property=\"og:image:type\" content=\"image\/jpeg\" \/>\n<meta name=\"author\" content=\"cacho\" \/>\n<meta name=\"twitter:card\" content=\"summary_large_image\" \/>\n<meta name=\"twitter:label1\" content=\"Escrito por\" \/>\n\t<meta name=\"twitter:data1\" content=\"cacho\" \/>\n\t<meta name=\"twitter:label2\" content=\"Tiempo de lectura\" \/>\n\t<meta name=\"twitter:data2\" content=\"18 minutos\" \/>\n<script type=\"application\/ld+json\" class=\"yoast-schema-graph\">{\"@context\":\"https:\\\/\\\/schema.org\",\"@graph\":[{\"@type\":\"Article\",\"@id\":\"https:\\\/\\\/iberoleonenvio.com\\\/website_f1c4f9f2\\\/registro-de-personas-desaparecidas-2026-notas-criticas-y-contextos\\\/#article\",\"isPartOf\":{\"@id\":\"https:\\\/\\\/iberoleonenvio.com\\\/website_f1c4f9f2\\\/registro-de-personas-desaparecidas-2026-notas-criticas-y-contextos\\\/\"},\"author\":{\"name\":\"cacho\",\"@id\":\"https:\\\/\\\/iberoleonenvio.com\\\/website_f1c4f9f2\\\/#\\\/schema\\\/person\\\/e05285d2ac1b686990b936521536478d\"},\"headline\":\"Registro de personas desaparecidas 2026: notas cr\u00edticas y contextos\",\"datePublished\":\"2026-04-07T17:04:12+00:00\",\"dateModified\":\"2026-04-08T15:16:41+00:00\",\"mainEntityOfPage\":{\"@id\":\"https:\\\/\\\/iberoleonenvio.com\\\/website_f1c4f9f2\\\/registro-de-personas-desaparecidas-2026-notas-criticas-y-contextos\\\/\"},\"wordCount\":3841,\"publisher\":{\"@id\":\"https:\\\/\\\/iberoleonenvio.com\\\/website_f1c4f9f2\\\/#organization\"},\"image\":{\"@id\":\"https:\\\/\\\/iberoleonenvio.com\\\/website_f1c4f9f2\\\/registro-de-personas-desaparecidas-2026-notas-criticas-y-contextos\\\/#primaryimage\"},\"thumbnailUrl\":\"https:\\\/\\\/i0.wp.com\\\/iberoleonenvio.com\\\/website_f1c4f9f2\\\/wp-content\\\/uploads\\\/2026\\\/04\\\/DSC2135.jpg?fit=1920%2C1280&ssl=1\",\"articleSection\":[\"N\u00famero 50 - Abril 2026\"],\"inLanguage\":\"es\"},{\"@type\":\"WebPage\",\"@id\":\"https:\\\/\\\/iberoleonenvio.com\\\/website_f1c4f9f2\\\/registro-de-personas-desaparecidas-2026-notas-criticas-y-contextos\\\/\",\"url\":\"https:\\\/\\\/iberoleonenvio.com\\\/website_f1c4f9f2\\\/registro-de-personas-desaparecidas-2026-notas-criticas-y-contextos\\\/\",\"name\":\"Registro de personas desaparecidas 2026: notas cr\u00edticas y contextos - Pulso\",\"isPartOf\":{\"@id\":\"https:\\\/\\\/iberoleonenvio.com\\\/website_f1c4f9f2\\\/#website\"},\"primaryImageOfPage\":{\"@id\":\"https:\\\/\\\/iberoleonenvio.com\\\/website_f1c4f9f2\\\/registro-de-personas-desaparecidas-2026-notas-criticas-y-contextos\\\/#primaryimage\"},\"image\":{\"@id\":\"https:\\\/\\\/iberoleonenvio.com\\\/website_f1c4f9f2\\\/registro-de-personas-desaparecidas-2026-notas-criticas-y-contextos\\\/#primaryimage\"},\"thumbnailUrl\":\"https:\\\/\\\/i0.wp.com\\\/iberoleonenvio.com\\\/website_f1c4f9f2\\\/wp-content\\\/uploads\\\/2026\\\/04\\\/DSC2135.jpg?fit=1920%2C1280&ssl=1\",\"datePublished\":\"2026-04-07T17:04:12+00:00\",\"dateModified\":\"2026-04-08T15:16:41+00:00\",\"breadcrumb\":{\"@id\":\"https:\\\/\\\/iberoleonenvio.com\\\/website_f1c4f9f2\\\/registro-de-personas-desaparecidas-2026-notas-criticas-y-contextos\\\/#breadcrumb\"},\"inLanguage\":\"es\",\"potentialAction\":[{\"@type\":\"ReadAction\",\"target\":[\"https:\\\/\\\/iberoleonenvio.com\\\/website_f1c4f9f2\\\/registro-de-personas-desaparecidas-2026-notas-criticas-y-contextos\\\/\"]}]},{\"@type\":\"ImageObject\",\"inLanguage\":\"es\",\"@id\":\"https:\\\/\\\/iberoleonenvio.com\\\/website_f1c4f9f2\\\/registro-de-personas-desaparecidas-2026-notas-criticas-y-contextos\\\/#primaryimage\",\"url\":\"https:\\\/\\\/i0.wp.com\\\/iberoleonenvio.com\\\/website_f1c4f9f2\\\/wp-content\\\/uploads\\\/2026\\\/04\\\/DSC2135.jpg?fit=1920%2C1280&ssl=1\",\"contentUrl\":\"https:\\\/\\\/i0.wp.com\\\/iberoleonenvio.com\\\/website_f1c4f9f2\\\/wp-content\\\/uploads\\\/2026\\\/04\\\/DSC2135.jpg?fit=1920%2C1280&ssl=1\",\"width\":1920,\"height\":1280},{\"@type\":\"BreadcrumbList\",\"@id\":\"https:\\\/\\\/iberoleonenvio.com\\\/website_f1c4f9f2\\\/registro-de-personas-desaparecidas-2026-notas-criticas-y-contextos\\\/#breadcrumb\",\"itemListElement\":[{\"@type\":\"ListItem\",\"position\":1,\"name\":\"Inicio\",\"item\":\"https:\\\/\\\/iberoleonenvio.com\\\/website_f1c4f9f2\\\/\"},{\"@type\":\"ListItem\",\"position\":2,\"name\":\"Registro de personas desaparecidas 2026: notas cr\u00edticas y contextos\"}]},{\"@type\":\"WebSite\",\"@id\":\"https:\\\/\\\/iberoleonenvio.com\\\/website_f1c4f9f2\\\/#website\",\"url\":\"https:\\\/\\\/iberoleonenvio.com\\\/website_f1c4f9f2\\\/\",\"name\":\"Pulso\",\"description\":\"\",\"publisher\":{\"@id\":\"https:\\\/\\\/iberoleonenvio.com\\\/website_f1c4f9f2\\\/#organization\"},\"potentialAction\":[{\"@type\":\"SearchAction\",\"target\":{\"@type\":\"EntryPoint\",\"urlTemplate\":\"https:\\\/\\\/iberoleonenvio.com\\\/website_f1c4f9f2\\\/?s={search_term_string}\"},\"query-input\":{\"@type\":\"PropertyValueSpecification\",\"valueRequired\":true,\"valueName\":\"search_term_string\"}}],\"inLanguage\":\"es\"},{\"@type\":\"Organization\",\"@id\":\"https:\\\/\\\/iberoleonenvio.com\\\/website_f1c4f9f2\\\/#organization\",\"name\":\"Pulso\",\"url\":\"https:\\\/\\\/iberoleonenvio.com\\\/website_f1c4f9f2\\\/\",\"logo\":{\"@type\":\"ImageObject\",\"inLanguage\":\"es\",\"@id\":\"https:\\\/\\\/iberoleonenvio.com\\\/website_f1c4f9f2\\\/#\\\/schema\\\/logo\\\/image\\\/\",\"url\":\"https:\\\/\\\/i0.wp.com\\\/iberoleonenvio.com\\\/website_f1c4f9f2\\\/wp-content\\\/uploads\\\/2022\\\/04\\\/cropped-logo_pulso.png?fit=347%2C101&ssl=1\",\"contentUrl\":\"https:\\\/\\\/i0.wp.com\\\/iberoleonenvio.com\\\/website_f1c4f9f2\\\/wp-content\\\/uploads\\\/2022\\\/04\\\/cropped-logo_pulso.png?fit=347%2C101&ssl=1\",\"width\":347,\"height\":101,\"caption\":\"Pulso\"},\"image\":{\"@id\":\"https:\\\/\\\/iberoleonenvio.com\\\/website_f1c4f9f2\\\/#\\\/schema\\\/logo\\\/image\\\/\"}},{\"@type\":\"Person\",\"@id\":\"https:\\\/\\\/iberoleonenvio.com\\\/website_f1c4f9f2\\\/#\\\/schema\\\/person\\\/e05285d2ac1b686990b936521536478d\",\"name\":\"cacho\",\"sameAs\":[\"https:\\\/\\\/iberoleonenvio.com\\\/website_f1c4f9f2\"],\"url\":\"https:\\\/\\\/iberoleonenvio.com\\\/website_f1c4f9f2\\\/author\\\/cacho\\\/\"}]}<\/script>\n<!-- \/ Yoast SEO plugin. -->","yoast_head_json":{"title":"Registro de personas desaparecidas 2026: notas cr\u00edticas y contextos - Pulso","robots":{"index":"index","follow":"follow","max-snippet":"max-snippet:-1","max-image-preview":"max-image-preview:large","max-video-preview":"max-video-preview:-1"},"canonical":"https:\/\/iberoleonenvio.com\/website_f1c4f9f2\/registro-de-personas-desaparecidas-2026-notas-criticas-y-contextos\/","og_locale":"es_MX","og_type":"article","og_title":"Registro de personas desaparecidas 2026: notas cr\u00edticas y contextos - Pulso","og_description":"Este a\u00f1o ha estado marcado por importantes avances que evidencian el compromiso de quienes forman parte de nuestra universidad con la excelencia, la sostenibilidad y la responsabilidad social. En particular, la Direcci\u00f3n General de Administraci\u00f3n y Finanzas ha centrado sus esfuerzos en robustecer procesos clave, acompa\u00f1ar el crecimiento institucional y dar continuidad a proyectos estrat\u00e9gicos alineados con nuestra visi\u00f3n de cuidado integral y respeto por la Casa Com\u00fan.","og_url":"https:\/\/iberoleonenvio.com\/website_f1c4f9f2\/registro-de-personas-desaparecidas-2026-notas-criticas-y-contextos\/","og_site_name":"Pulso","article_published_time":"2026-04-07T17:04:12+00:00","article_modified_time":"2026-04-08T15:16:41+00:00","og_image":[{"width":1920,"height":1280,"url":"https:\/\/iberoleonenvio.com\/website_f1c4f9f2\/wp-content\/uploads\/2026\/04\/DSC2135.jpg","type":"image\/jpeg"}],"author":"cacho","twitter_card":"summary_large_image","twitter_misc":{"Escrito por":"cacho","Tiempo de lectura":"18 minutos"},"schema":{"@context":"https:\/\/schema.org","@graph":[{"@type":"Article","@id":"https:\/\/iberoleonenvio.com\/website_f1c4f9f2\/registro-de-personas-desaparecidas-2026-notas-criticas-y-contextos\/#article","isPartOf":{"@id":"https:\/\/iberoleonenvio.com\/website_f1c4f9f2\/registro-de-personas-desaparecidas-2026-notas-criticas-y-contextos\/"},"author":{"name":"cacho","@id":"https:\/\/iberoleonenvio.com\/website_f1c4f9f2\/#\/schema\/person\/e05285d2ac1b686990b936521536478d"},"headline":"Registro de personas desaparecidas 2026: notas cr\u00edticas y contextos","datePublished":"2026-04-07T17:04:12+00:00","dateModified":"2026-04-08T15:16:41+00:00","mainEntityOfPage":{"@id":"https:\/\/iberoleonenvio.com\/website_f1c4f9f2\/registro-de-personas-desaparecidas-2026-notas-criticas-y-contextos\/"},"wordCount":3841,"publisher":{"@id":"https:\/\/iberoleonenvio.com\/website_f1c4f9f2\/#organization"},"image":{"@id":"https:\/\/iberoleonenvio.com\/website_f1c4f9f2\/registro-de-personas-desaparecidas-2026-notas-criticas-y-contextos\/#primaryimage"},"thumbnailUrl":"https:\/\/i0.wp.com\/iberoleonenvio.com\/website_f1c4f9f2\/wp-content\/uploads\/2026\/04\/DSC2135.jpg?fit=1920%2C1280&ssl=1","articleSection":["N\u00famero 50 - Abril 2026"],"inLanguage":"es"},{"@type":"WebPage","@id":"https:\/\/iberoleonenvio.com\/website_f1c4f9f2\/registro-de-personas-desaparecidas-2026-notas-criticas-y-contextos\/","url":"https:\/\/iberoleonenvio.com\/website_f1c4f9f2\/registro-de-personas-desaparecidas-2026-notas-criticas-y-contextos\/","name":"Registro de personas desaparecidas 2026: notas cr\u00edticas y contextos - Pulso","isPartOf":{"@id":"https:\/\/iberoleonenvio.com\/website_f1c4f9f2\/#website"},"primaryImageOfPage":{"@id":"https:\/\/iberoleonenvio.com\/website_f1c4f9f2\/registro-de-personas-desaparecidas-2026-notas-criticas-y-contextos\/#primaryimage"},"image":{"@id":"https:\/\/iberoleonenvio.com\/website_f1c4f9f2\/registro-de-personas-desaparecidas-2026-notas-criticas-y-contextos\/#primaryimage"},"thumbnailUrl":"https:\/\/i0.wp.com\/iberoleonenvio.com\/website_f1c4f9f2\/wp-content\/uploads\/2026\/04\/DSC2135.jpg?fit=1920%2C1280&ssl=1","datePublished":"2026-04-07T17:04:12+00:00","dateModified":"2026-04-08T15:16:41+00:00","breadcrumb":{"@id":"https:\/\/iberoleonenvio.com\/website_f1c4f9f2\/registro-de-personas-desaparecidas-2026-notas-criticas-y-contextos\/#breadcrumb"},"inLanguage":"es","potentialAction":[{"@type":"ReadAction","target":["https:\/\/iberoleonenvio.com\/website_f1c4f9f2\/registro-de-personas-desaparecidas-2026-notas-criticas-y-contextos\/"]}]},{"@type":"ImageObject","inLanguage":"es","@id":"https:\/\/iberoleonenvio.com\/website_f1c4f9f2\/registro-de-personas-desaparecidas-2026-notas-criticas-y-contextos\/#primaryimage","url":"https:\/\/i0.wp.com\/iberoleonenvio.com\/website_f1c4f9f2\/wp-content\/uploads\/2026\/04\/DSC2135.jpg?fit=1920%2C1280&ssl=1","contentUrl":"https:\/\/i0.wp.com\/iberoleonenvio.com\/website_f1c4f9f2\/wp-content\/uploads\/2026\/04\/DSC2135.jpg?fit=1920%2C1280&ssl=1","width":1920,"height":1280},{"@type":"BreadcrumbList","@id":"https:\/\/iberoleonenvio.com\/website_f1c4f9f2\/registro-de-personas-desaparecidas-2026-notas-criticas-y-contextos\/#breadcrumb","itemListElement":[{"@type":"ListItem","position":1,"name":"Inicio","item":"https:\/\/iberoleonenvio.com\/website_f1c4f9f2\/"},{"@type":"ListItem","position":2,"name":"Registro de personas desaparecidas 2026: notas cr\u00edticas y contextos"}]},{"@type":"WebSite","@id":"https:\/\/iberoleonenvio.com\/website_f1c4f9f2\/#website","url":"https:\/\/iberoleonenvio.com\/website_f1c4f9f2\/","name":"Pulso","description":"","publisher":{"@id":"https:\/\/iberoleonenvio.com\/website_f1c4f9f2\/#organization"},"potentialAction":[{"@type":"SearchAction","target":{"@type":"EntryPoint","urlTemplate":"https:\/\/iberoleonenvio.com\/website_f1c4f9f2\/?s={search_term_string}"},"query-input":{"@type":"PropertyValueSpecification","valueRequired":true,"valueName":"search_term_string"}}],"inLanguage":"es"},{"@type":"Organization","@id":"https:\/\/iberoleonenvio.com\/website_f1c4f9f2\/#organization","name":"Pulso","url":"https:\/\/iberoleonenvio.com\/website_f1c4f9f2\/","logo":{"@type":"ImageObject","inLanguage":"es","@id":"https:\/\/iberoleonenvio.com\/website_f1c4f9f2\/#\/schema\/logo\/image\/","url":"https:\/\/i0.wp.com\/iberoleonenvio.com\/website_f1c4f9f2\/wp-content\/uploads\/2022\/04\/cropped-logo_pulso.png?fit=347%2C101&ssl=1","contentUrl":"https:\/\/i0.wp.com\/iberoleonenvio.com\/website_f1c4f9f2\/wp-content\/uploads\/2022\/04\/cropped-logo_pulso.png?fit=347%2C101&ssl=1","width":347,"height":101,"caption":"Pulso"},"image":{"@id":"https:\/\/iberoleonenvio.com\/website_f1c4f9f2\/#\/schema\/logo\/image\/"}},{"@type":"Person","@id":"https:\/\/iberoleonenvio.com\/website_f1c4f9f2\/#\/schema\/person\/e05285d2ac1b686990b936521536478d","name":"cacho","sameAs":["https:\/\/iberoleonenvio.com\/website_f1c4f9f2"],"url":"https:\/\/iberoleonenvio.com\/website_f1c4f9f2\/author\/cacho\/"}]}},"jetpack_featured_media_url":"https:\/\/i0.wp.com\/iberoleonenvio.com\/website_f1c4f9f2\/wp-content\/uploads\/2026\/04\/DSC2135.jpg?fit=1920%2C1280&ssl=1","jetpack_sharing_enabled":true,"_links":{"self":[{"href":"https:\/\/iberoleonenvio.com\/website_f1c4f9f2\/wp-json\/wp\/v2\/posts\/14377","targetHints":{"allow":["GET"]}}],"collection":[{"href":"https:\/\/iberoleonenvio.com\/website_f1c4f9f2\/wp-json\/wp\/v2\/posts"}],"about":[{"href":"https:\/\/iberoleonenvio.com\/website_f1c4f9f2\/wp-json\/wp\/v2\/types\/post"}],"author":[{"embeddable":true,"href":"https:\/\/iberoleonenvio.com\/website_f1c4f9f2\/wp-json\/wp\/v2\/users\/1"}],"replies":[{"embeddable":true,"href":"https:\/\/iberoleonenvio.com\/website_f1c4f9f2\/wp-json\/wp\/v2\/comments?post=14377"}],"version-history":[{"count":13,"href":"https:\/\/iberoleonenvio.com\/website_f1c4f9f2\/wp-json\/wp\/v2\/posts\/14377\/revisions"}],"predecessor-version":[{"id":14527,"href":"https:\/\/iberoleonenvio.com\/website_f1c4f9f2\/wp-json\/wp\/v2\/posts\/14377\/revisions\/14527"}],"wp:featuredmedia":[{"embeddable":true,"href":"https:\/\/iberoleonenvio.com\/website_f1c4f9f2\/wp-json\/wp\/v2\/media\/14517"}],"wp:attachment":[{"href":"https:\/\/iberoleonenvio.com\/website_f1c4f9f2\/wp-json\/wp\/v2\/media?parent=14377"}],"wp:term":[{"taxonomy":"category","embeddable":true,"href":"https:\/\/iberoleonenvio.com\/website_f1c4f9f2\/wp-json\/wp\/v2\/categories?post=14377"},{"taxonomy":"post_tag","embeddable":true,"href":"https:\/\/iberoleonenvio.com\/website_f1c4f9f2\/wp-json\/wp\/v2\/tags?post=14377"}],"curies":[{"name":"wp","href":"https:\/\/api.w.org\/{rel}","templated":true}]}}