{"id":4625,"date":"2023-03-30T19:59:18","date_gmt":"2023-03-30T19:59:18","guid":{"rendered":"https:\/\/iberoleonenvio.com\/website_f1c4f9f2\/?p=4625"},"modified":"2023-03-31T21:47:50","modified_gmt":"2023-03-31T21:47:50","slug":"vinculacion-e-incidencia-social-universitaria-las-ferias-de-la-salud-en-la-comunidad-de-las-ladrilleras-del-refugio","status":"publish","type":"post","link":"https:\/\/iberoleonenvio.com\/website_f1c4f9f2\/vinculacion-e-incidencia-social-universitaria-las-ferias-de-la-salud-en-la-comunidad-de-las-ladrilleras-del-refugio\/","title":{"rendered":"Vinculaci\u00f3n e Incidencia Social Universitaria: Las Ferias de la Salud en la comunidad de Las Ladrilleras del Refugio"},"content":{"rendered":"\t\t<div data-elementor-type=\"wp-post\" data-elementor-id=\"4625\" class=\"elementor elementor-4625\">\n\t\t\t\t\t\t<section class=\"elementor-section elementor-top-section elementor-element elementor-element-eb1158a elementor-section-full_width elementor-section-stretched elementor-section-height-default elementor-section-height-default e-parent\" data-id=\"eb1158a\" data-element_type=\"section\" data-e-type=\"section\" data-settings=\"{&quot;stretch_section&quot;:&quot;section-stretched&quot;}\">\n\t\t\t\t\t\t<div class=\"elementor-container elementor-column-gap-no\">\n\t\t\t\t\t<div class=\"elementor-column elementor-col-100 elementor-top-column elementor-element elementor-element-04bfa96 lakit-col-width-auto-no\" data-id=\"04bfa96\" data-element_type=\"column\" data-e-type=\"column\">\n\t\t\t<div class=\"elementor-widget-wrap elementor-element-populated\">\n\t\t\t\t\t\t<div class=\"elementor-element elementor-element-92891d7 elementor-widget__width-initial cabecera-articulo elementor-widget elementor-widget-heading\" data-id=\"92891d7\" data-element_type=\"widget\" data-e-type=\"widget\" data-widget_type=\"heading.default\">\n\t\t\t\t<div class=\"elementor-widget-container\">\n\t\t\t\t\t<h2 class=\"elementor-heading-title elementor-size-large\">\n\n\n\n\n\n\n\n<\/h2>\t\t\t\t<\/div>\n\t\t\t\t<\/div>\n\t\t\t\t\t<\/div>\n\t\t<\/div>\n\t\t\t\t\t<\/div>\n\t\t<\/section>\n\t\t\t\t<section class=\"elementor-section elementor-top-section elementor-element elementor-element-1b06fc3 elementor-section-content-middle elementor-section-boxed elementor-section-height-default elementor-section-height-default e-parent\" data-id=\"1b06fc3\" data-element_type=\"section\" data-e-type=\"section\">\n\t\t\t\t\t\t<div class=\"elementor-container elementor-column-gap-no\">\n\t\t\t\t\t<div class=\"elementor-column elementor-col-66 elementor-top-column elementor-element elementor-element-db327b6 lakit-col-width-auto-no\" data-id=\"db327b6\" data-element_type=\"column\" data-e-type=\"column\">\n\t\t\t<div class=\"elementor-widget-wrap elementor-element-populated\">\n\t\t\t\t\t\t<div class=\"elementor-element elementor-element-2911c28 eael-dual-header-content-align-left elementor-widget elementor-widget-eael-dual-color-header\" data-id=\"2911c28\" data-element_type=\"widget\" data-e-type=\"widget\" data-widget_type=\"eael-dual-color-header.default\">\n\t\t\t\t<div class=\"elementor-widget-container\">\n\t\t\t\t\t\t\t\t<div class=\"eael-dual-header\">\n\t\t\t\t<h2 class=\"title eael-dch-title\"><span class=\"eael-dch-title-text eael-dch-title-lead lead solid-color\">Vinculaci\u00f3n e Incidencia Social Universitaria:<\/span> <span class=\"eael-dch-title-text\">Las Ferias de la Salud en la comunidad de Las Ladrilleras del Refugio <\/span><\/h2>\t\t\t<\/div>\n\n\t\t\t\t\t\t<\/div>\n\t\t\t\t<\/div>\n\t\t\t\t\t<\/div>\n\t\t<\/div>\n\t\t\t\t<div class=\"elementor-column elementor-col-33 elementor-top-column elementor-element elementor-element-1b3cf7b lakit-col-width-auto-no\" data-id=\"1b3cf7b\" data-element_type=\"column\" data-e-type=\"column\">\n\t\t\t<div class=\"elementor-widget-wrap elementor-element-populated\">\n\t\t\t\t\t\t<div class=\"elementor-element elementor-element-369980b elementor-widget__width-auto elementor-widget elementor-widget-jblog_post_category\" data-id=\"369980b\" data-element_type=\"widget\" data-e-type=\"widget\" data-widget_type=\"jblog_post_category.default\">\n\t\t\t\t<div class=\"elementor-widget-container\">\n\t\t\t\t\t<div  class=\"jblog-post-category-elements jblog-post-category right jeg_module___69ee9e8bebf86 numero-actual  \"><a href=\"https:\/\/iberoleonenvio.com\/website_f1c4f9f2\/category\/numero-21-abril-2023\/\" class=\"category-numero-21-abril-2023\">N\u00famero 21 - Abril 2023<\/a><\/div>\t\t\t\t<\/div>\n\t\t\t\t<\/div>\n\t\t\t\t\t<\/div>\n\t\t<\/div>\n\t\t\t\t\t<\/div>\n\t\t<\/section>\n\t\t\t\t<section class=\"elementor-section elementor-top-section elementor-element elementor-element-6732a7a elementor-section-boxed elementor-section-height-default elementor-section-height-default e-parent\" data-id=\"6732a7a\" data-element_type=\"section\" data-e-type=\"section\">\n\t\t\t\t\t\t<div class=\"elementor-container elementor-column-gap-default\">\n\t\t\t\t\t<div class=\"elementor-column elementor-col-66 elementor-top-column elementor-element elementor-element-d7e31b3 lakit-col-width-auto-no\" data-id=\"d7e31b3\" data-element_type=\"column\" data-e-type=\"column\">\n\t\t\t<div class=\"elementor-widget-wrap elementor-element-populated\">\n\t\t\t\t\t\t<div class=\"elementor-element elementor-element-fce3bcd elementor-widget elementor-widget-text-editor\" data-id=\"fce3bcd\" data-element_type=\"widget\" data-e-type=\"widget\" data-widget_type=\"text-editor.default\">\n\t\t\t\t<div class=\"elementor-widget-container\">\n\t\t\t\t\t\t\t\t\t<p style=\"text-align: right;\">Por Jorge Eduardo Reza Alva<br \/><strong>Director del Centro de Formaci\u00f3n Humanista<\/strong><\/p>\t\t\t\t\t\t\t\t<\/div>\n\t\t\t\t<\/div>\n\t\t\t\t<div class=\"elementor-element elementor-element-1818637 elementor-widget elementor-widget-text-editor\" data-id=\"1818637\" data-element_type=\"widget\" data-e-type=\"widget\" data-widget_type=\"text-editor.default\">\n\t\t\t\t<div class=\"elementor-widget-container\">\n\t\t\t\t\t\t\t\t\t<p><span data-contrast=\"auto\">La intenci\u00f3n del texto es volver la mirada sobre las dos Ferias de la Salud que hemos realizado a fin de recuperar algunos elementos que nos ayuden a <\/span><b><span data-contrast=\"auto\">proyectar la<\/span><\/b> <b><span data-contrast=\"auto\">vinculaci\u00f3n social al modo de una Universidad Jesuita <\/span><\/b><span data-contrast=\"auto\">en el contexto social del baj\u00edo y, de ser posible, generar una matriz de intervenci\u00f3n para identificar puntos de encuentro en futuras ocasiones.<\/span><span data-ccp-props=\"{\">\u00a0<\/span><\/p><p><b><span data-contrast=\"auto\">Contexto regional: desigualdad y violencia<\/span><\/b><span data-ccp-props=\"{\">\u00a0<\/span><\/p><p><span data-contrast=\"auto\">De acuerdo al reporte del Coneval, correspondiente al a\u00f1o 2020<\/span><b><span data-contrast=\"auto\">, Le\u00f3n es el municipio con mayor n\u00famero de personas en situaci\u00f3n de pobreza de todos los municipios del pa\u00eds<\/span><\/b><span data-contrast=\"auto\"> y ocupa el segundo sitio con mayor n\u00famero de personas en situaci\u00f3n de pobreza extrema. Por su parte, el informe \u201cAtlas de homicidios: M\u00e9xico 2020\u201d, se\u00f1ala que los municipios de <\/span><b><span data-contrast=\"auto\">Celaya, Le\u00f3n<\/span><\/b> <b><span data-contrast=\"auto\">e Irapuato<\/span><\/b><span data-contrast=\"auto\"> se ubican <\/span><b><span data-contrast=\"auto\">dentro de las cinco ciudades m\u00e1s violentas<\/span><\/b><span data-contrast=\"auto\"> del pa\u00eds.\u00a0<\/span><span data-ccp-props=\"{\">\u00a0<\/span><\/p><p><b><span data-contrast=\"auto\">Misi\u00f3n de la Universidad Iberoamericana<\/span><\/b><span data-ccp-props=\"{\">\u00a0<\/span><\/p><p><span data-contrast=\"auto\">\u201c\u2026 Es una instituci\u00f3n de educaci\u00f3n superior de inspiraci\u00f3n cristiana confiada a la Compa\u00f1\u00eda de Jes\u00fas, que busca <\/span><b><span data-contrast=\"auto\">formar integralmente hombres y mujeres para las y los dem\u00e1s a trav\u00e9s de la docencia, investigaci\u00f3n, la difusi\u00f3n del conocimiento y la vinculaci\u00f3n, capaces de contribuir a la construcci\u00f3n de una sociedad m\u00e1s justa, democr\u00e1tica y sustentable<\/span><\/b><span data-contrast=\"auto\">\u2026\u201d\u00a0<\/span><span data-ccp-props=\"{\">\u00a0<\/span><\/p><p><span data-contrast=\"auto\">El perfil Jesuita de la Universidad constituye un punto de partida, mientras la realidad social regional vulnerada marca un horizonte com\u00fan al que estamos llamados y llamadas a atender.<\/span><span data-ccp-props=\"{\">\u00a0<\/span><\/p><p><b><span data-contrast=\"auto\">Di\u00e1logo de saberes<\/span><\/b><span data-ccp-props=\"{\">\u00a0<\/span><\/p><p><span data-contrast=\"auto\">Quien haya visto la estructura y acomodo de las piezas del horno de campa\u00f1a para cocer ladrillos, se dar\u00e1 cuenta que este trabajo artesanal conlleva destrezas y habilidades muy complejas que han sido desarrolladas por medio de la experiencia.\u00a0<\/span><span data-ccp-props=\"{\">\u00a0<\/span><\/p><p><span data-contrast=\"auto\">Es decir, estamos ante saberes pr\u00e1cticos, emp\u00edricos y comunitarios, que hemos de reconocer para que pueda darse un di\u00e1logo entre \u00e9stos y los saberes humanistas, cient\u00edficos y tecnol\u00f3gicos propios de la universidad.<\/span><span data-ccp-props=\"{\">\u00a0<\/span><\/p><p><span data-contrast=\"auto\">Se trata de transitar por un camino de dos v\u00edas, en plano horizontal, de ida y vuelta, con un enriquecimiento mutuo.<\/span><span data-ccp-props=\"{\">\u00a0<\/span><\/p><p><b><span data-contrast=\"none\">Diagn\u00f3stico<\/span><\/b><b><span data-contrast=\"auto\">\u00a0<\/span><\/b><span data-ccp-props=\"{\">\u00a0<\/span><\/p><p><span data-contrast=\"auto\">Luego de un per\u00edodo de voluntariado realizado por las y los estudiantes como parte de un Diplomado en Liderazgo Universitario de Ibero Le\u00f3n y, sobre todo, despu\u00e9s de vivir las Misiones de Semana Santa en 2022: result\u00f3 evidente que en Las Ladrilleras del Refugio todo est\u00e1 por hacerse. Luego de constatar las condiciones de vida de las personas, y por motivos pr\u00e1cticos y de econom\u00eda, se opt\u00f3 por generar una iniciativa con formato de Feria de la salud para atender una necesidad real de la comunidad.<\/span><span data-ccp-props=\"{\">\u00a0<\/span><\/p><p><b><span data-contrast=\"auto\">Territorio<\/span><\/b><span data-ccp-props=\"{\">\u00a0<\/span><\/p><p><span data-contrast=\"auto\">La comunidad donde hemos trabajado es la mencionada y se ubica a 15 minutos de la Universidad en autom\u00f3vil, por la v\u00eda llamada Eje Metropolitano.<\/span><span data-ccp-props=\"{\">\u00a0<\/span><\/p><p><span data-contrast=\"auto\">Convendr\u00eda seleccionar con antelaci\u00f3n los escenarios de intervenci\u00f3n, aparte de Las Ladrilleras del Refugio podr\u00edan ser algunas colonias de Las Joyas; San Pedro de los Hern\u00e1ndez -donde est\u00e1 ubicado el centro comunitario; alguna casa del migrante u otro donde el Centro de Investigaci\u00f3n y Acci\u00f3n Social (CIAS) por la Paz tenga iniciativas de Reconstrucci\u00f3n del Tejido Social.<\/span><span data-ccp-props=\"{\">\u00a0<\/span><\/p><p><b><span data-contrast=\"auto\">Ejes articuladores<\/span><\/b><span data-ccp-props=\"{\">\u00a0<\/span><\/p><p><span data-contrast=\"auto\">La Universidad cuenta con cinco Programas de Incidencia Social: Sustentabilidad y Medio Ambiente, Derechos Humanos, Salud Integral, Mujer y Relaciones de G\u00e9nero, Estudios sobre Migraci\u00f3n.<\/span><span data-ccp-props=\"{\">\u00a0<\/span><\/p><p><span data-contrast=\"auto\">Uno de sus objetivos es \u201cimpulsar y consolidar la vinculaci\u00f3n con redes y obras de la Compa\u00f1\u00eda de Jes\u00fas y otras instituciones para favorecer el cuidado del medio ambiente y las condiciones de vida de comunidades y poblaci\u00f3n vulnerada.\u201d<\/span><span data-ccp-props=\"{\">\u00a0<\/span><\/p><p><span data-contrast=\"auto\">Son una apuesta de la Universidad para dar cauce y concretar lo expresado en su Misi\u00f3n. De manera institucional, las iniciativas de las Ferias de la Salud podr\u00edan enmarcarse en el Programa de Salud Integral.<\/span><span data-ccp-props=\"{\">\u00a0<\/span><\/p><p><b><span data-contrast=\"auto\">Vinculaci\u00f3n interna: al modo Universitario<\/span><\/b><span data-ccp-props=\"{\">\u00a0<\/span><\/p><p><span data-contrast=\"auto\">Conviene hacerlo con los medios propios de la academia: docencia, investigaci\u00f3n, difusi\u00f3n y vinculaci\u00f3n social. Con la intervenci\u00f3n de los saberes profesionales de cada Departamento (programas de licenciatura y posgrado) con los que se cuenta: Arquitectura y Dise\u00f1o, Ingenier\u00edas, Ciencias Econ\u00f3mico- Administrativas, Ciencias Sociales y Humanidades, Ciencias de la Salud, con enfoque interdisciplinar (por ejemplo: di\u00e1logo entre nutrici\u00f3n y psicolog\u00eda, dise\u00f1o e ingenier\u00eda industrial, arquitectura e ingenier\u00edas civil\u2026).<\/span><span data-ccp-props=\"{\">\u00a0<\/span><\/p><p><span data-contrast=\"auto\">Y considerando los servicios que ofrecen a la comunidad: cl\u00ednica de nutrici\u00f3n, despacho jur\u00eddico, pr\u00e1cticas profesionales, etc.<\/span><span data-ccp-props=\"{\">\u00a0<\/span><\/p><p><b><span data-contrast=\"auto\">Las Ferias de la Salud son una iniciativa impulsada por estudiantes<\/span><\/b><span data-contrast=\"auto\">, <\/span><b><span data-contrast=\"auto\">a las que se sumaron algunas\u00a0 acad\u00e9micas y acad\u00e9micos.<\/span><\/b><span data-contrast=\"auto\"> Est\u00e1 pendiente la suma de esfuerzos de los Departamentos Acad\u00e9micos para tener una mayor contundencia en la intervenci\u00f3n. Estas son las <\/span><b><span data-contrast=\"auto\">posibilidades de servicio que hay que capitalizar.<\/span><\/b><span data-ccp-props=\"{\">\u00a0<\/span><\/p><p><b><span data-contrast=\"auto\">Participaci\u00f3n de los Centros de la Direcci\u00f3n General de Integraci\u00f3n Comunitaria (DGIC)\u00a0<\/span><\/b><span data-ccp-props=\"{\">\u00a0<\/span><\/p><p><span data-contrast=\"auto\">Mucho ayuda construir una perspectiva integral para complementar y reforzar las iniciativas e intervenciones de los Programas de Incidencia Social y de los Departamentos Acad\u00e9micos con actividades deportivas, de pastoral, servicio social, del centro comunitario y considerando actividades culturales, entre otras.<\/span><span data-ccp-props=\"{\">\u00a0<\/span><\/p><p><b><span data-contrast=\"auto\">Vinculaci\u00f3n externa<\/span><\/b><span data-ccp-props=\"{\">\u00a0<\/span><\/p><p><span data-contrast=\"auto\">Nos pareci\u00f3 pertinente generar alianzas con diferentes instancias que tienen presencia en esta comunidad como son: Hermanas del Sagrado Coraz\u00f3n de Jes\u00fas con m\u00e1s de cinco a\u00f1os acompa\u00f1ando los procesos comunitarios; la participaci\u00f3n de las mujeres de las Redes Vecinales de Apoyo (REVES) de all\u00ed; la parroquia de Duarte y agentes locales de pastoral (catequistas).<\/span><span data-ccp-props=\"{\">\u00a0<\/span><\/p><p><b><span data-contrast=\"auto\">Redes de trabajo<\/span><\/b><span data-ccp-props=\"{\">\u00a0<\/span><\/p><p><span data-contrast=\"auto\">Junto con este trabajo de articulaci\u00f3n interna, se hace necesario generar sinergia con instituciones ad extra: obras y sectores de la Provincia Mexicana de la Compa\u00f1\u00eda de Jes\u00fas (como el mencionado CIAS por la Paz), Facultades de la Universidad de Guanajuato, autoridades municipales y estatales, Arquidi\u00f3cesis, ONGs locales, Fundaciones u organizaciones empresariales y otras para complementar y multiplicar el alcance de los servicios ofrecidos a la comunidad.<\/span><span data-ccp-props=\"{\">\u00a0<\/span><\/p><p><span data-contrast=\"auto\">Aunque las capacidades institucionales lo permitan, conviene no ir en solitario y privilegiar, siempre, estas articulaciones.<\/span><span data-ccp-props=\"{\">\u00a0<\/span><\/p><p><b><span data-contrast=\"auto\">Evaluaci\u00f3n: diagn\u00f3stico final<\/span><\/b><span data-ccp-props=\"{\">\u00a0<\/span><\/p><p><span data-contrast=\"auto\">Para completar el ciclo, sirve medir el impacto alcanzado para apreciar los resultados obtenidos y contrastarlos con el objetivo inicial, antes de impulsar una nueva iniciativa.<\/span><span data-ccp-props=\"{\">\u00a0<\/span><\/p><p><b><span data-contrast=\"auto\">Servicios<\/span><\/b><span data-ccp-props=\"{\">\u00a0<\/span><\/p><ul><li data-leveltext=\"\uf0b7\" data-font=\"Symbol\" data-listid=\"2\" data-list-defn-props=\"{\" aria-setsize=\"-1\" data-aria-posinset=\"1\" data-aria-level=\"1\"><span style=\"color: #808080;\">Ambas Ferias se desarrollaron en las instalaciones de la escuela primaria de la comunidad que fueron facilitadas de forma gratuita.\u00a0<\/span><\/li><li data-leveltext=\"\uf0b7\" data-font=\"Symbol\" data-listid=\"2\" data-list-defn-props=\"{\" aria-setsize=\"-1\" data-aria-posinset=\"2\" data-aria-level=\"1\"><span style=\"color: #808080;\">Se cobr\u00f3 una cuota de recuperaci\u00f3n que fue destinada a un fondo com\u00fan de las mujeres de REVES.\u00a0<\/span><\/li><li data-leveltext=\"\uf0b7\" data-font=\"Symbol\" data-listid=\"2\" data-list-defn-props=\"{\" aria-setsize=\"-1\" data-aria-posinset=\"3\" data-aria-level=\"1\"><span style=\"color: #808080;\">En la primera Feria de la Salud se atendi\u00f3 a poco menos de 90 personas con consultas m\u00e9dicas realizadas por personal m\u00e9dico voluntario.\u00a0<\/span><\/li><li data-leveltext=\"\uf0b7\" data-font=\"Symbol\" data-listid=\"2\" data-list-defn-props=\"{\" aria-setsize=\"-1\" data-aria-posinset=\"4\" data-aria-level=\"1\"><span style=\"color: #808080;\">Para la segunda Feria se dio servicio m\u00e9dico a poco menos de 100 personas.\u00a0<\/span><\/li><li data-leveltext=\"\uf0b7\" data-font=\"Symbol\" data-listid=\"2\" data-list-defn-props=\"{\" aria-setsize=\"-1\" data-aria-posinset=\"5\" data-aria-level=\"1\"><span style=\"color: #808080;\">Con la participaci\u00f3n voluntaria de estudiantes de medicina de la Universidad de Guanajuato en apoyo al servicio m\u00e9dico.\u00a0<\/span><\/li><\/ul><ul><li data-leveltext=\"\uf0b7\" data-font=\"Symbol\" data-listid=\"2\" data-list-defn-props=\"{\" aria-setsize=\"-1\" data-aria-posinset=\"1\" data-aria-level=\"1\"><span style=\"color: #808080;\">En ambas experiencias se atendi\u00f3 principalmente a usuarias(os) conformados por mujeres, ni\u00f1os y ni\u00f1as.\u00a0<\/span><\/li><li data-leveltext=\"\uf0b7\" data-font=\"Symbol\" data-listid=\"2\" data-list-defn-props=\"{\" aria-setsize=\"-1\" data-aria-posinset=\"2\" data-aria-level=\"1\"><span style=\"color: #808080;\">El servicio incluy\u00f3 la entrega de medicamentos gratuitos, cuando \u00e9stos estaban disponibles en el m\u00f3dulo de la farmacia con que se cont\u00f3.\u00a0<\/span><\/li><li data-leveltext=\"\uf0b7\" data-font=\"Symbol\" data-listid=\"2\" data-list-defn-props=\"{\" aria-setsize=\"-1\" data-aria-posinset=\"3\" data-aria-level=\"1\"><span style=\"color: #808080;\">Tambi\u00e9n participaron la cl\u00ednica de nutrici\u00f3n y el servicio de asesor\u00eda jur\u00eddica de Ibero Le\u00f3n. <br \/><\/span><\/li><\/ul><p><b><span data-contrast=\"auto\">Matriz de intervenci\u00f3n<\/span><\/b><span data-ccp-props=\"{\">\u00a0<\/span><\/p><p><span data-contrast=\"auto\">Con los elementos considerados, conviene generar una aplicaci\u00f3n de los mismos para apreciar su articulaci\u00f3n en una matriz que les incluya.\u00a0<\/span><span data-ccp-props=\"{\">\u00a0<\/span><\/p><ul><li data-leveltext=\"\uf0b7\" data-font=\"Symbol\" data-listid=\"1\" data-list-defn-props=\"{\" aria-setsize=\"-1\" data-aria-posinset=\"1\" data-aria-level=\"1\"><span style=\"color: #808080;\">La matriz puede activarse por iniciativa de alguna de sus partes, sea: necesidad de la comunidad, iniciativa de los Programas de Incidencia Social o de la DGIC, por Departamentos Acad\u00e9micos u actores externos a la Universidad.\u00a0<\/span><\/li><li data-leveltext=\"\uf0b7\" data-font=\"Symbol\" data-listid=\"1\" data-list-defn-props=\"{\" aria-setsize=\"-1\" data-aria-posinset=\"2\" data-aria-level=\"1\"><span style=\"color: #808080;\">Se tiene definido el territorio de intervenci\u00f3n, puede ser uno donde la Universidad tenga presencia o donde el CIAS haya trabajado.\u00a0<\/span><\/li><li data-leveltext=\"\uf0b7\" data-font=\"Symbol\" data-listid=\"1\" data-list-defn-props=\"{\" aria-setsize=\"-1\" data-aria-posinset=\"3\" data-aria-level=\"1\"><span style=\"color: #808080;\">En cada localidad se buscar\u00e1 generar sinergia con alg\u00fan agente y se activar\u00e1n las vinculaciones internas que sean pertinentes y posibles en la universidad.\u00a0<\/span><\/li><\/ul><ul><li data-leveltext=\"\uf0b7\" data-font=\"Symbol\" data-listid=\"1\" data-list-defn-props=\"{\" aria-setsize=\"-1\" data-aria-posinset=\"1\" data-aria-level=\"1\"><span style=\"color: #808080;\">El punto de partida es un diagn\u00f3stico inicial para identificar las necesidades reales y sentidas de la comunidad, sea que ya exista uno o que se genere uno propio.\u00a0\u00a0<\/span><\/li><li data-leveltext=\"\uf0b7\" data-font=\"Symbol\" data-listid=\"1\" data-list-defn-props=\"{\" aria-setsize=\"-1\" data-aria-posinset=\"2\" data-aria-level=\"1\"><span style=\"color: #808080;\">La estrategia de intervenci\u00f3n ser\u00e1 al modo universitario: como parte de una clase o programa educativo, proyecto de investigaci\u00f3n o de extensi\u00f3n. Y que est\u00e9 alineada con, al menos, uno de los cinco Programas de Incidencia Social.\u00a0<\/span><\/li><li data-leveltext=\"\uf0b7\" data-font=\"Symbol\" data-listid=\"1\" data-list-defn-props=\"{\" aria-setsize=\"-1\" data-aria-posinset=\"3\" data-aria-level=\"1\"><span style=\"color: #808080;\">Siempre ayuda hacerlo con un m\u00e9todo participativo en las diferentes fases del proceso: planeaci\u00f3n, organizaci\u00f3n, ejecuci\u00f3n y evaluaci\u00f3n. De acuerdo a los principios y la estrategia definidos.\u00a0 <\/span><span data-ccp-props=\"{\"><br \/><\/span><\/li><\/ul><p><span data-contrast=\"auto\">Tabla. <\/span><b><span data-contrast=\"auto\">Aplicaci\u00f3n de la matriz de intervenci\u00f3n con el caso de las Ferias de La Salud<\/span><\/b><span data-ccp-props=\"{\">\u00a0<\/span><\/p>\t\t\t\t\t\t\t\t<\/div>\n\t\t\t\t<\/div>\n\t\t\t\t<div class=\"elementor-element elementor-element-98b61d8 elementor-widget elementor-widget-image\" data-id=\"98b61d8\" data-element_type=\"widget\" data-e-type=\"widget\" data-widget_type=\"image.default\">\n\t\t\t\t<div class=\"elementor-widget-container\">\n\t\t\t\t\t\t\t\t\t\t\t\t\t\t\t<img fetchpriority=\"high\" decoding=\"async\" width=\"644\" height=\"1024\" src=\"https:\/\/i0.wp.com\/iberoleonenvio.com\/website_f1c4f9f2\/wp-content\/uploads\/2023\/03\/tabla-feria-big.jpg?fit=644%2C1024&amp;ssl=1\" class=\"attachment-large size-large wp-image-4630\" alt=\"\" srcset=\"https:\/\/i0.wp.com\/iberoleonenvio.com\/website_f1c4f9f2\/wp-content\/uploads\/2023\/03\/tabla-feria-big.jpg?w=1392&amp;ssl=1 1392w, https:\/\/i0.wp.com\/iberoleonenvio.com\/website_f1c4f9f2\/wp-content\/uploads\/2023\/03\/tabla-feria-big.jpg?resize=189%2C300&amp;ssl=1 189w, https:\/\/i0.wp.com\/iberoleonenvio.com\/website_f1c4f9f2\/wp-content\/uploads\/2023\/03\/tabla-feria-big.jpg?resize=644%2C1024&amp;ssl=1 644w, https:\/\/i0.wp.com\/iberoleonenvio.com\/website_f1c4f9f2\/wp-content\/uploads\/2023\/03\/tabla-feria-big.jpg?resize=768%2C1220&amp;ssl=1 768w, https:\/\/i0.wp.com\/iberoleonenvio.com\/website_f1c4f9f2\/wp-content\/uploads\/2023\/03\/tabla-feria-big.jpg?resize=967%2C1536&amp;ssl=1 967w, https:\/\/i0.wp.com\/iberoleonenvio.com\/website_f1c4f9f2\/wp-content\/uploads\/2023\/03\/tabla-feria-big.jpg?resize=1289%2C2048&amp;ssl=1 1289w, https:\/\/i0.wp.com\/iberoleonenvio.com\/website_f1c4f9f2\/wp-content\/uploads\/2023\/03\/tabla-feria-big.jpg?resize=500%2C795&amp;ssl=1 500w, https:\/\/i0.wp.com\/iberoleonenvio.com\/website_f1c4f9f2\/wp-content\/uploads\/2023\/03\/tabla-feria-big.jpg?resize=700%2C1112&amp;ssl=1 700w, https:\/\/i0.wp.com\/iberoleonenvio.com\/website_f1c4f9f2\/wp-content\/uploads\/2023\/03\/tabla-feria-big.jpg?resize=750%2C1192&amp;ssl=1 750w, https:\/\/i0.wp.com\/iberoleonenvio.com\/website_f1c4f9f2\/wp-content\/uploads\/2023\/03\/tabla-feria-big.jpg?resize=1140%2C1812&amp;ssl=1 1140w\" sizes=\"(max-width: 644px) 100vw, 644px\" \/>\t\t\t\t\t\t\t\t\t\t\t\t\t\t\t<\/div>\n\t\t\t\t<\/div>\n\t\t\t\t<div class=\"elementor-element elementor-element-e885882 elementor-widget elementor-widget-text-editor\" data-id=\"e885882\" data-element_type=\"widget\" data-e-type=\"widget\" data-widget_type=\"text-editor.default\">\n\t\t\t\t<div class=\"elementor-widget-container\">\n\t\t\t\t\t\t\t\t\t<p><span data-contrast=\"auto\">Para consultar el documento completo, ir a la siguiente liga: <\/span><a href=\"https:\/\/n9.cl\/tpu1n\"><span data-contrast=\"none\">https:\/\/n9.cl\/tpu1n<\/span><\/a><\/p>\t\t\t\t\t\t\t\t<\/div>\n\t\t\t\t<\/div>\n\t\t\t\t\t<\/div>\n\t\t<\/div>\n\t\t\t\t<div class=\"elementor-column elementor-col-33 elementor-top-column elementor-element elementor-element-30ca810 lakit-col-width-auto-no\" data-id=\"30ca810\" data-element_type=\"column\" data-e-type=\"column\">\n\t\t\t<div class=\"elementor-widget-wrap elementor-element-populated\">\n\t\t\t\t\t\t<div class=\"elementor-element elementor-element-70ab3ca elementor-widget elementor-widget-wp-widget-search\" data-id=\"70ab3ca\" data-element_type=\"widget\" data-e-type=\"widget\" data-widget_type=\"wp-widget-search.default\">\n\t\t\t\t<div class=\"elementor-widget-container\">\n\t\t\t\t\t<form  class=\"is-search-form is-form-style is-form-style-2 is-form-id-7 \" action=\"https:\/\/iberoleonenvio.com\/website_f1c4f9f2\/\" method=\"get\" role=\"search\" ><label for=\"is-search-input-7\"><span class=\"is-screen-reader-text\">Search for:<\/span><input  type=\"search\" id=\"is-search-input-7\" name=\"s\" value=\"\" class=\"is-search-input\" placeholder=\"Buscar\" autocomplete=off \/><\/label><\/form>\t\t\t\t<\/div>\n\t\t\t\t<\/div>\n\t\t\t\t<div class=\"elementor-element elementor-element-a2abf3e eael-dual-header-content-align-left elementor-widget elementor-widget-eael-dual-color-header\" data-id=\"a2abf3e\" data-element_type=\"widget\" data-e-type=\"widget\" data-widget_type=\"eael-dual-color-header.default\">\n\t\t\t\t<div class=\"elementor-widget-container\">\n\t\t\t\t\t\t\t\t<div class=\"eael-dual-header\">\n\t\t\t\t<h2 class=\"title eael-dch-title\"><span class=\"eael-dch-title-text eael-dch-title-lead lead solid-color\">EN ESTE<\/span> <span class=\"eael-dch-title-text\">N\u00daMERO<\/span><\/h2>\t\t\t<\/div>\n\n\t\t\t\t\t\t<\/div>\n\t\t\t\t<\/div>\n\t\t\t\t<div class=\"elementor-element elementor-element-cea8f06 elementor-widget elementor-widget-jblog_block_20\" data-id=\"cea8f06\" data-element_type=\"widget\" data-e-type=\"widget\" data-widget_type=\"jblog_block_20.default\">\n\t\t\t\t<div class=\"elementor-widget-container\">\n\t\t\t\t\t<div  class=\"jblog_postblock_20 jeg_postblock jeg_pagination_disable jeg_module__1_69ee9e8beec40   \" data-unique=\"jeg_module__1_69ee9e8beec40\"><div class=\"jeg_block_container\"><div class=\"jeg_posts jblog_ajax_flag\">\n                <article class=\"jeg_post post-4672 post type-post status-publish format-standard has-post-thumbnail hentry category-numero-21-abril-2023\">\n\t\t\t\t<div class=\"jeg_thumb\">\n                    \n                    <a href=\"https:\/\/iberoleonenvio.com\/website_f1c4f9f2\/obtienen-beca-para-incubar-sus-proyectos-de-insercion\/\"><div class=\"thumbnail-container  size-1000\"><img decoding=\"async\" width=\"750\" height=\"500\" src=\"https:\/\/i0.wp.com\/iberoleonenvio.com\/website_f1c4f9f2\/wp-content\/uploads\/2023\/03\/DSC2115-scaled.jpg?resize=750%2C500&amp;ssl=1\" class=\"attachment-jeg-featured-750 size-jeg-featured-750 wp-post-image\" alt=\"\" srcset=\"https:\/\/i0.wp.com\/iberoleonenvio.com\/website_f1c4f9f2\/wp-content\/uploads\/2023\/03\/DSC2115-scaled.jpg?w=2560&amp;ssl=1 2560w, https:\/\/i0.wp.com\/iberoleonenvio.com\/website_f1c4f9f2\/wp-content\/uploads\/2023\/03\/DSC2115-scaled.jpg?resize=300%2C200&amp;ssl=1 300w, https:\/\/i0.wp.com\/iberoleonenvio.com\/website_f1c4f9f2\/wp-content\/uploads\/2023\/03\/DSC2115-scaled.jpg?resize=1024%2C683&amp;ssl=1 1024w, https:\/\/i0.wp.com\/iberoleonenvio.com\/website_f1c4f9f2\/wp-content\/uploads\/2023\/03\/DSC2115-scaled.jpg?resize=768%2C512&amp;ssl=1 768w, https:\/\/i0.wp.com\/iberoleonenvio.com\/website_f1c4f9f2\/wp-content\/uploads\/2023\/03\/DSC2115-scaled.jpg?resize=1536%2C1024&amp;ssl=1 1536w, https:\/\/i0.wp.com\/iberoleonenvio.com\/website_f1c4f9f2\/wp-content\/uploads\/2023\/03\/DSC2115-scaled.jpg?resize=2048%2C1366&amp;ssl=1 2048w, https:\/\/i0.wp.com\/iberoleonenvio.com\/website_f1c4f9f2\/wp-content\/uploads\/2023\/03\/DSC2115-scaled.jpg?resize=500%2C333&amp;ssl=1 500w, https:\/\/i0.wp.com\/iberoleonenvio.com\/website_f1c4f9f2\/wp-content\/uploads\/2023\/03\/DSC2115-scaled.jpg?resize=700%2C467&amp;ssl=1 700w, https:\/\/i0.wp.com\/iberoleonenvio.com\/website_f1c4f9f2\/wp-content\/uploads\/2023\/03\/DSC2115-scaled.jpg?resize=1200%2C800&amp;ssl=1 1200w, https:\/\/i0.wp.com\/iberoleonenvio.com\/website_f1c4f9f2\/wp-content\/uploads\/2023\/03\/DSC2115-scaled.jpg?resize=750%2C500&amp;ssl=1 750w, https:\/\/i0.wp.com\/iberoleonenvio.com\/website_f1c4f9f2\/wp-content\/uploads\/2023\/03\/DSC2115-scaled.jpg?resize=1140%2C760&amp;ssl=1 1140w, https:\/\/i0.wp.com\/iberoleonenvio.com\/website_f1c4f9f2\/wp-content\/uploads\/2023\/03\/DSC2115-scaled.jpg?w=1600&amp;ssl=1 1600w, https:\/\/i0.wp.com\/iberoleonenvio.com\/website_f1c4f9f2\/wp-content\/uploads\/2023\/03\/DSC2115-scaled.jpg?w=2400&amp;ssl=1 2400w\" sizes=\"(max-width: 750px) 100vw, 750px\" \/><\/div><\/a>\n                <\/div>\n                <div class=\"jeg_postblock_content\">\n                \t<div class=\"jeg_post_category\">\n                        <span><a href=\"https:\/\/iberoleonenvio.com\/website_f1c4f9f2\/category\/numero-21-abril-2023\/\" class=\"category-numero-21-abril-2023\">N\u00famero 21 - Abril 2023<\/a><\/span>\n                    <\/div>\n                    <h3 class=\"jeg_post_title\">\n                        <a href=\"https:\/\/iberoleonenvio.com\/website_f1c4f9f2\/obtienen-beca-para-incubar-sus-proyectos-de-insercion\/\">Obtienen beca para incubar sus proyectos de inserci\u00f3n<\/a>\n                    <\/h3>\n                    <div class=\"jeg_post_meta\"><div class=\"jeg_meta_author\"><span class=\"by\">by<\/span> <a href=\"https:\/\/iberoleonenvio.com\/website_f1c4f9f2\/author\/mrojas\/\">Mois\u00e9s Rojas<\/a><\/div><div class=\"jeg_meta_date\">marzo 30, 2023<\/div><\/div>\n                <\/div>\n            <\/article><article class=\"jeg_post post-4586 post type-post status-publish format-standard has-post-thumbnail hentry category-numero-21-abril-2023\">\n\t\t\t\t<div class=\"jeg_thumb\">\n                    \n                    <a href=\"https:\/\/iberoleonenvio.com\/website_f1c4f9f2\/con-talleres-ludicos-e-informativos-acompanamos-a-familiares-de-personas-desaparecidas\/\"><div class=\"thumbnail-container  size-1000\"><img decoding=\"async\" width=\"750\" height=\"500\" src=\"https:\/\/i0.wp.com\/iberoleonenvio.com\/website_f1c4f9f2\/wp-content\/uploads\/2023\/03\/DSC1526-scaled.jpg?resize=750%2C500&amp;ssl=1\" class=\"attachment-jeg-featured-750 size-jeg-featured-750 wp-post-image\" alt=\"\" srcset=\"https:\/\/i0.wp.com\/iberoleonenvio.com\/website_f1c4f9f2\/wp-content\/uploads\/2023\/03\/DSC1526-scaled.jpg?w=2560&amp;ssl=1 2560w, https:\/\/i0.wp.com\/iberoleonenvio.com\/website_f1c4f9f2\/wp-content\/uploads\/2023\/03\/DSC1526-scaled.jpg?resize=300%2C200&amp;ssl=1 300w, https:\/\/i0.wp.com\/iberoleonenvio.com\/website_f1c4f9f2\/wp-content\/uploads\/2023\/03\/DSC1526-scaled.jpg?resize=1024%2C683&amp;ssl=1 1024w, https:\/\/i0.wp.com\/iberoleonenvio.com\/website_f1c4f9f2\/wp-content\/uploads\/2023\/03\/DSC1526-scaled.jpg?resize=768%2C512&amp;ssl=1 768w, https:\/\/i0.wp.com\/iberoleonenvio.com\/website_f1c4f9f2\/wp-content\/uploads\/2023\/03\/DSC1526-scaled.jpg?resize=1536%2C1024&amp;ssl=1 1536w, https:\/\/i0.wp.com\/iberoleonenvio.com\/website_f1c4f9f2\/wp-content\/uploads\/2023\/03\/DSC1526-scaled.jpg?resize=2048%2C1365&amp;ssl=1 2048w, https:\/\/i0.wp.com\/iberoleonenvio.com\/website_f1c4f9f2\/wp-content\/uploads\/2023\/03\/DSC1526-scaled.jpg?resize=500%2C333&amp;ssl=1 500w, https:\/\/i0.wp.com\/iberoleonenvio.com\/website_f1c4f9f2\/wp-content\/uploads\/2023\/03\/DSC1526-scaled.jpg?resize=700%2C467&amp;ssl=1 700w, https:\/\/i0.wp.com\/iberoleonenvio.com\/website_f1c4f9f2\/wp-content\/uploads\/2023\/03\/DSC1526-scaled.jpg?resize=1200%2C800&amp;ssl=1 1200w, https:\/\/i0.wp.com\/iberoleonenvio.com\/website_f1c4f9f2\/wp-content\/uploads\/2023\/03\/DSC1526-scaled.jpg?resize=750%2C500&amp;ssl=1 750w, https:\/\/i0.wp.com\/iberoleonenvio.com\/website_f1c4f9f2\/wp-content\/uploads\/2023\/03\/DSC1526-scaled.jpg?resize=1140%2C760&amp;ssl=1 1140w, https:\/\/i0.wp.com\/iberoleonenvio.com\/website_f1c4f9f2\/wp-content\/uploads\/2023\/03\/DSC1526-scaled.jpg?w=1600&amp;ssl=1 1600w, https:\/\/i0.wp.com\/iberoleonenvio.com\/website_f1c4f9f2\/wp-content\/uploads\/2023\/03\/DSC1526-scaled.jpg?w=2400&amp;ssl=1 2400w\" sizes=\"(max-width: 750px) 100vw, 750px\" \/><\/div><\/a>\n                <\/div>\n                <div class=\"jeg_postblock_content\">\n                \t<div class=\"jeg_post_category\">\n                        <span><a href=\"https:\/\/iberoleonenvio.com\/website_f1c4f9f2\/category\/numero-21-abril-2023\/\" class=\"category-numero-21-abril-2023\">N\u00famero 21 - Abril 2023<\/a><\/span>\n                    <\/div>\n                    <h3 class=\"jeg_post_title\">\n                        <a href=\"https:\/\/iberoleonenvio.com\/website_f1c4f9f2\/con-talleres-ludicos-e-informativos-acompanamos-a-familiares-de-personas-desaparecidas\/\">Con talleres l\u00fadicos e informativos acompa\u00f1amos a familiares de personas desaparecidas<\/a>\n                    <\/h3>\n                    <div class=\"jeg_post_meta\"><div class=\"jeg_meta_author\"><span class=\"by\">by<\/span> <a href=\"https:\/\/iberoleonenvio.com\/website_f1c4f9f2\/author\/mrojas\/\">Mois\u00e9s Rojas<\/a><\/div><div class=\"jeg_meta_date\">marzo 30, 2023<\/div><\/div>\n                <\/div>\n            <\/article><article class=\"jeg_post post-4612 post type-post status-publish format-standard has-post-thumbnail hentry category-numero-21-abril-2023\">\n\t\t\t\t<div class=\"jeg_thumb\">\n                    \n                    <a href=\"https:\/\/iberoleonenvio.com\/website_f1c4f9f2\/responsabilidad-social-empresarial-un-compromiso-adquirido-por-las-juventudes\/\"><div class=\"thumbnail-container  size-1000\"><img loading=\"lazy\" decoding=\"async\" width=\"750\" height=\"500\" src=\"https:\/\/i0.wp.com\/iberoleonenvio.com\/website_f1c4f9f2\/wp-content\/uploads\/2023\/03\/DSC0330.jpg?resize=750%2C500&amp;ssl=1\" class=\"attachment-jeg-featured-750 size-jeg-featured-750 wp-post-image\" alt=\"\" srcset=\"https:\/\/i0.wp.com\/iberoleonenvio.com\/website_f1c4f9f2\/wp-content\/uploads\/2023\/03\/DSC0330.jpg?w=1957&amp;ssl=1 1957w, https:\/\/i0.wp.com\/iberoleonenvio.com\/website_f1c4f9f2\/wp-content\/uploads\/2023\/03\/DSC0330.jpg?resize=300%2C200&amp;ssl=1 300w, https:\/\/i0.wp.com\/iberoleonenvio.com\/website_f1c4f9f2\/wp-content\/uploads\/2023\/03\/DSC0330.jpg?resize=1024%2C682&amp;ssl=1 1024w, https:\/\/i0.wp.com\/iberoleonenvio.com\/website_f1c4f9f2\/wp-content\/uploads\/2023\/03\/DSC0330.jpg?resize=768%2C512&amp;ssl=1 768w, https:\/\/i0.wp.com\/iberoleonenvio.com\/website_f1c4f9f2\/wp-content\/uploads\/2023\/03\/DSC0330.jpg?resize=1536%2C1023&amp;ssl=1 1536w, https:\/\/i0.wp.com\/iberoleonenvio.com\/website_f1c4f9f2\/wp-content\/uploads\/2023\/03\/DSC0330.jpg?resize=500%2C333&amp;ssl=1 500w, https:\/\/i0.wp.com\/iberoleonenvio.com\/website_f1c4f9f2\/wp-content\/uploads\/2023\/03\/DSC0330.jpg?resize=700%2C466&amp;ssl=1 700w, https:\/\/i0.wp.com\/iberoleonenvio.com\/website_f1c4f9f2\/wp-content\/uploads\/2023\/03\/DSC0330.jpg?resize=1200%2C800&amp;ssl=1 1200w, https:\/\/i0.wp.com\/iberoleonenvio.com\/website_f1c4f9f2\/wp-content\/uploads\/2023\/03\/DSC0330.jpg?resize=750%2C500&amp;ssl=1 750w, https:\/\/i0.wp.com\/iberoleonenvio.com\/website_f1c4f9f2\/wp-content\/uploads\/2023\/03\/DSC0330.jpg?resize=1140%2C760&amp;ssl=1 1140w, https:\/\/i0.wp.com\/iberoleonenvio.com\/website_f1c4f9f2\/wp-content\/uploads\/2023\/03\/DSC0330.jpg?w=1600&amp;ssl=1 1600w\" sizes=\"(max-width: 750px) 100vw, 750px\" \/><\/div><\/a>\n                <\/div>\n                <div class=\"jeg_postblock_content\">\n                \t<div class=\"jeg_post_category\">\n                        <span><a href=\"https:\/\/iberoleonenvio.com\/website_f1c4f9f2\/category\/numero-21-abril-2023\/\" class=\"category-numero-21-abril-2023\">N\u00famero 21 - Abril 2023<\/a><\/span>\n                    <\/div>\n                    <h3 class=\"jeg_post_title\">\n                        <a href=\"https:\/\/iberoleonenvio.com\/website_f1c4f9f2\/responsabilidad-social-empresarial-un-compromiso-adquirido-por-las-juventudes\/\">Responsabilidad social empresarial, un compromiso adquirido por las juventudes<\/a>\n                    <\/h3>\n                    <div class=\"jeg_post_meta\"><div class=\"jeg_meta_author\"><span class=\"by\">by<\/span> <a href=\"https:\/\/iberoleonenvio.com\/website_f1c4f9f2\/author\/mrojas\/\">Mois\u00e9s Rojas<\/a><\/div><div class=\"jeg_meta_date\">marzo 30, 2023<\/div><\/div>\n                <\/div>\n            <\/article><article class=\"jeg_post post-4637 post type-post status-publish format-standard has-post-thumbnail hentry category-numero-21-abril-2023\">\n\t\t\t\t<div class=\"jeg_thumb\">\n                    \n                    <a href=\"https:\/\/iberoleonenvio.com\/website_f1c4f9f2\/el-lenguaje-de-las-computadoras-o-apocalipsis-light\/\"><div class=\"thumbnail-container  size-1000\"><img loading=\"lazy\" decoding=\"async\" width=\"750\" height=\"563\" src=\"https:\/\/i0.wp.com\/iberoleonenvio.com\/website_f1c4f9f2\/wp-content\/uploads\/2023\/03\/4C4GK7O4SBHXJK3L4G3LQ4NU2E.jpg?resize=750%2C563&amp;ssl=1\" class=\"attachment-jeg-featured-750 size-jeg-featured-750 wp-post-image\" alt=\"\" srcset=\"https:\/\/i0.wp.com\/iberoleonenvio.com\/website_f1c4f9f2\/wp-content\/uploads\/2023\/03\/4C4GK7O4SBHXJK3L4G3LQ4NU2E.jpg?w=1960&amp;ssl=1 1960w, https:\/\/i0.wp.com\/iberoleonenvio.com\/website_f1c4f9f2\/wp-content\/uploads\/2023\/03\/4C4GK7O4SBHXJK3L4G3LQ4NU2E.jpg?resize=300%2C225&amp;ssl=1 300w, https:\/\/i0.wp.com\/iberoleonenvio.com\/website_f1c4f9f2\/wp-content\/uploads\/2023\/03\/4C4GK7O4SBHXJK3L4G3LQ4NU2E.jpg?resize=1024%2C768&amp;ssl=1 1024w, https:\/\/i0.wp.com\/iberoleonenvio.com\/website_f1c4f9f2\/wp-content\/uploads\/2023\/03\/4C4GK7O4SBHXJK3L4G3LQ4NU2E.jpg?resize=768%2C576&amp;ssl=1 768w, https:\/\/i0.wp.com\/iberoleonenvio.com\/website_f1c4f9f2\/wp-content\/uploads\/2023\/03\/4C4GK7O4SBHXJK3L4G3LQ4NU2E.jpg?resize=1536%2C1152&amp;ssl=1 1536w, https:\/\/i0.wp.com\/iberoleonenvio.com\/website_f1c4f9f2\/wp-content\/uploads\/2023\/03\/4C4GK7O4SBHXJK3L4G3LQ4NU2E.jpg?resize=500%2C375&amp;ssl=1 500w, https:\/\/i0.wp.com\/iberoleonenvio.com\/website_f1c4f9f2\/wp-content\/uploads\/2023\/03\/4C4GK7O4SBHXJK3L4G3LQ4NU2E.jpg?resize=800%2C600&amp;ssl=1 800w, https:\/\/i0.wp.com\/iberoleonenvio.com\/website_f1c4f9f2\/wp-content\/uploads\/2023\/03\/4C4GK7O4SBHXJK3L4G3LQ4NU2E.jpg?resize=700%2C525&amp;ssl=1 700w, https:\/\/i0.wp.com\/iberoleonenvio.com\/website_f1c4f9f2\/wp-content\/uploads\/2023\/03\/4C4GK7O4SBHXJK3L4G3LQ4NU2E.jpg?resize=750%2C563&amp;ssl=1 750w, https:\/\/i0.wp.com\/iberoleonenvio.com\/website_f1c4f9f2\/wp-content\/uploads\/2023\/03\/4C4GK7O4SBHXJK3L4G3LQ4NU2E.jpg?resize=1140%2C855&amp;ssl=1 1140w, https:\/\/i0.wp.com\/iberoleonenvio.com\/website_f1c4f9f2\/wp-content\/uploads\/2023\/03\/4C4GK7O4SBHXJK3L4G3LQ4NU2E.jpg?w=1600&amp;ssl=1 1600w\" sizes=\"(max-width: 750px) 100vw, 750px\" \/><\/div><\/a>\n                <\/div>\n                <div class=\"jeg_postblock_content\">\n                \t<div class=\"jeg_post_category\">\n                        <span><a href=\"https:\/\/iberoleonenvio.com\/website_f1c4f9f2\/category\/numero-21-abril-2023\/\" class=\"category-numero-21-abril-2023\">N\u00famero 21 - Abril 2023<\/a><\/span>\n                    <\/div>\n                    <h3 class=\"jeg_post_title\">\n                        <a href=\"https:\/\/iberoleonenvio.com\/website_f1c4f9f2\/el-lenguaje-de-las-computadoras-o-apocalipsis-light\/\">El lenguaje de las computadoras o apocalipsis light<\/a>\n                    <\/h3>\n                    <div class=\"jeg_post_meta\"><div class=\"jeg_meta_author\"><span class=\"by\">by<\/span> <a href=\"https:\/\/iberoleonenvio.com\/website_f1c4f9f2\/author\/mrojas\/\">Mois\u00e9s Rojas<\/a><\/div><div class=\"jeg_meta_date\">marzo 30, 2023<\/div><\/div>\n                <\/div>\n            <\/article>\n            <\/div><\/div>\n\t\t\t\t<div class=\"jeg_block_pagination jeg_align\"><\/div><script>var jeg_module__1_69ee9e8beec40 = {\"compatible_column_notice\":\"info\",\"post_type\":\"post\",\"number_post\":{\"unit\":\"px\",\"size\":4,\"sizes\":[]},\"post_offset\":0,\"unique_content\":\"disable\",\"include_post\":\"\",\"exclude_post\":\"4625\",\"include_category\":\"17\",\"exclude_category\":\"\",\"include_author\":\"\",\"include_tag\":\"\",\"exclude_tag\":\"\",\"sort_by\":\"oldest\",\"date_type\":\"published\",\"date_format\":\"default\",\"date_format_custom\":\"F j, Y\",\"pagination_mode\":\"disable\",\"pagination_number_post\":{\"unit\":\"px\",\"size\":3,\"sizes\":[]},\"pagination_scroll_limit\":0,\"el_id\":\"\",\"el_class\":\"\",\"css\":\"\",\"_title\":\"\",\"_margin\":{\"unit\":\"px\",\"top\":\"\",\"right\":\"\",\"bottom\":\"\",\"left\":\"\",\"isLinked\":true},\"_padding\":{\"unit\":\"px\",\"top\":\"\",\"right\":\"\",\"bottom\":\"\",\"left\":\"\",\"isLinked\":true},\"_element_width\":\"\",\"_element_width_tablet\":\"\",\"_element_width_mobile\":\"\",\"_element_custom_width\":{\"unit\":\"%\",\"size\":\"\",\"sizes\":[]},\"_grid_column\":\"\",\"_grid_column_custom\":\"\",\"_grid_row\":\"\",\"_grid_row_custom\":\"\",\"_element_vertical_align\":\"\",\"_position_description\":\"\",\"_position\":\"\",\"_offset_orientation_h\":\"start\",\"_offset_x\":{\"unit\":\"px\",\"size\":0,\"sizes\":[]},\"_offset_x_end\":{\"unit\":\"px\",\"size\":0,\"sizes\":[]},\"_offset_orientation_v\":\"start\",\"_offset_y\":{\"unit\":\"px\",\"size\":0,\"sizes\":[]},\"_offset_y_end\":{\"unit\":\"px\",\"size\":0,\"sizes\":[]},\"_z_index\":\"\",\"_element_id\":\"\",\"_css_classes\":\"\",\"_element_cache\":\"\",\"_w_fullright\":\"\",\"eael_wrapper_link_switch\":\"\",\"eael_wrapper_link\":{\"url\":\"\",\"is_external\":\"\",\"nofollow\":\"\",\"custom_attributes\":\"\"},\"eael_wrapper_link_disable_traditional\":\"\",\"eael_hover_effect_switch\":\"\",\"eael_hover_effect_enable_live_changes\":\"\",\"eael_hover_effect_opacity_popover\":\"\",\"eael_hover_effect_opacity\":{\"unit\":\"px\",\"size\":0.8000000000000000444089209850062616169452667236328125,\"sizes\":[]},\"eael_hover_effect_filter_popover\":\"\",\"eael_hover_effect_blur_is_on\":\"\",\"eael_hover_effect_blur\":{\"unit\":\"px\",\"size\":1,\"sizes\":[]},\"eael_hover_effect_contrast_is_on\":\"\",\"eael_hover_effect_contrast\":{\"unit\":\"px\",\"size\":80,\"sizes\":[]},\"eael_hover_effect_grayscale_is_on\":\"\",\"eael_hover_effect_grayscal\":{\"unit\":\"px\",\"size\":40,\"sizes\":[]},\"eael_hover_effect_invert_is_on\":\"\",\"eael_hover_effect_invert\":{\"unit\":\"px\",\"size\":70,\"sizes\":[]},\"eael_hover_effect_saturate_is_on\":\"\",\"eael_hover_effect_saturate\":{\"unit\":\"px\",\"size\":50,\"sizes\":[]},\"eael_hover_effect_sepia_is_on\":\"\",\"eael_hover_effect_sepia\":{\"unit\":\"px\",\"size\":50,\"sizes\":[]},\"eael_hover_effect_offset_popover\":\"\",\"eael_hover_effect_offset_left\":{\"unit\":\"px\",\"size\":5,\"sizes\":[]},\"eael_hover_effect_offset_left_tablet\":{\"unit\":\"px\",\"size\":\"\",\"sizes\":[]},\"eael_hover_effect_offset_left_mobile\":{\"unit\":\"px\",\"size\":\"\",\"sizes\":[]},\"eael_hover_effect_offset_top\":{\"unit\":\"px\",\"size\":5,\"sizes\":[]},\"eael_hover_effect_offset_top_tablet\":{\"unit\":\"px\",\"size\":\"\",\"sizes\":[]},\"eael_hover_effect_offset_top_mobile\":{\"unit\":\"px\",\"size\":\"\",\"sizes\":[]},\"eael_hover_effect_transform_popover\":\"\",\"eael_hover_effect_rotate_is_on\":\"\",\"eael_hover_effect_transform_rotatex\":{\"unit\":\"px\",\"size\":0,\"sizes\":[]},\"eael_hover_effect_transform_rotatey\":{\"unit\":\"px\",\"size\":0,\"sizes\":[]},\"eael_hover_effect_transform_rotatez\":{\"unit\":\"px\",\"size\":5,\"sizes\":[]},\"eael_hover_effect_scale_is_on\":\"\",\"eael_hover_effect_transform_scalex\":{\"unit\":\"px\",\"size\":0.90000000000000002220446049250313080847263336181640625,\"sizes\":[]},\"eael_hover_effect_transform_scaley\":{\"unit\":\"px\",\"size\":0.90000000000000002220446049250313080847263336181640625,\"sizes\":[]},\"eael_hover_effect_skew_is_on\":\"\",\"eael_hover_effect_transform_skewx\":{\"unit\":\"px\",\"size\":5,\"sizes\":[]},\"eael_hover_effect_transform_skewy\":{\"unit\":\"px\",\"size\":5,\"sizes\":[]},\"eael_hover_effect_general_settings_duration\":{\"unit\":\"px\",\"size\":1000,\"sizes\":[]},\"eael_hover_effect_general_settings_delay\":{\"unit\":\"px\",\"size\":\"\",\"sizes\":[]},\"eael_hover_effect_general_settings_easing\":\"ease\",\"eael_hover_effect_opacity_popover_hover\":\"\",\"eael_hover_effect_opacity_hover\":{\"unit\":\"px\",\"size\":1,\"sizes\":[]},\"eael_hover_effect_filter_hover_popover\":\"\",\"eael_hover_effect_blur_hover_is_on\":\"\",\"eael_hover_effect_blur_hover\":{\"unit\":\"px\",\"size\":0,\"sizes\":[]},\"eael_hover_effect_contrast_hover_is_on\":\"\",\"eael_hover_effect_contrast_hover\":{\"unit\":\"%\",\"size\":100,\"sizes\":[]},\"eael_hover_effect_grayscale_hover_is_on\":\"\",\"eael_hover_effect_grayscal_hover\":{\"unit\":\"%\",\"size\":0,\"sizes\":[]},\"eael_hover_effect_invert_hover_is_on\":\"\",\"eael_hover_effect_invert_hover\":{\"unit\":\"%\",\"size\":0,\"sizes\":[]},\"eael_hover_effect_saturate_hover_is_on\":\"\",\"eael_hover_effect_saturate_hover\":{\"unit\":\"%\",\"size\":100,\"sizes\":[]},\"eael_hover_effect_sepia_hover_is_on\":\"\",\"eael_hover_effect_sepia_hover\":{\"unit\":\"px\",\"size\":1,\"sizes\":[]},\"eael_hover_effect_offset_hover_popover\":\"\",\"eael_hover_effect_offset_hover_left\":{\"unit\":\"px\",\"size\":0,\"sizes\":[]},\"eael_hover_effect_offset_hover_left_tablet\":{\"unit\":\"px\",\"size\":\"\",\"sizes\":[]},\"eael_hover_effect_offset_hover_left_mobile\":{\"unit\":\"px\",\"size\":\"\",\"sizes\":[]},\"eael_hover_effect_offset_hover_top\":{\"unit\":\"px\",\"size\":0,\"sizes\":[]},\"eael_hover_effect_offset_hover_top_tablet\":{\"unit\":\"px\",\"size\":\"\",\"sizes\":[]},\"eael_hover_effect_offset_hover_top_mobile\":{\"unit\":\"px\",\"size\":\"\",\"sizes\":[]},\"eael_hover_effect_transform_hover_popover\":\"\",\"eael_hover_effect_rotate_hover_is_on\":\"\",\"eael_hover_effect_transform_hover_rotatex\":{\"unit\":\"px\",\"size\":0,\"sizes\":[]},\"eael_hover_effect_transform_hover_rotatey\":{\"unit\":\"px\",\"size\":0,\"sizes\":[]},\"eael_hover_effect_transform_hover_rotatez\":{\"unit\":\"px\",\"size\":0,\"sizes\":[]},\"eael_hover_effect_scale_hover_is_on\":\"\",\"eael_hover_effect_transform_hover_scalex\":{\"unit\":\"px\",\"size\":1,\"sizes\":[]},\"eael_hover_effect_transform_hover_scaley\":{\"unit\":\"px\",\"size\":0,\"sizes\":[]},\"eael_hover_effect_skew_hover_is_on\":\"\",\"eael_hover_effect_transform_hover_skewx\":{\"unit\":\"px\",\"size\":0,\"sizes\":[]},\"eael_hover_effect_transform_hover_skewy\":{\"unit\":\"px\",\"size\":0,\"sizes\":[]},\"eael_hover_effect_general_settings_hover_duration\":{\"unit\":\"px\",\"size\":1000,\"sizes\":[]},\"eael_hover_effect_general_settings_hover_delay\":{\"unit\":\"px\",\"size\":\"\",\"sizes\":[]},\"eael_hover_effect_general_settings_hover_easing\":\"ease\",\"eael_hover_effect_hover_tilt\":\"\",\"eael_liquid_glass_effect_switch\":\"\",\"eael_liquid_glass_effect_notice\":\"\",\"eael_liquid_glass_effect\":\"effect1\",\"eael_liquid_glass_effect_bg_color_effect1\":\"#FFFFFF1F\",\"eael_liquid_glass_effect_bg_color_effect2\":\"#FFFFFF1F\",\"eael_liquid_glass_effect_backdrop_filter_effect1\":{\"unit\":\"px\",\"size\":24,\"sizes\":[]},\"eael_liquid_glass_effect_backdrop_filter_effect2\":{\"unit\":\"px\",\"size\":20,\"sizes\":[]},\"eael_liquid_glass_effect_brightness_effect2\":{\"unit\":\"px\",\"size\":1,\"sizes\":[]},\"eael_liquid_glass_border_distortion\":\"\",\"eael_liquid_glass_border_radious_distortion\":{\"unit\":\"px\",\"top\":24,\"right\":24,\"bottom\":24,\"left\":24,\"isLinked\":true},\"eael_liquid_glass_shadow_effect\":\"effect1\",\"eael_liquid_glass_border_effect1_border\":\"solid\",\"eael_liquid_glass_border_effect1_width\":{\"unit\":\"px\",\"top\":\"1\",\"right\":\"1\",\"bottom\":\"1\",\"left\":\"1\",\"isLinked\":false},\"eael_liquid_glass_border_effect1_color\":\"#FFFFFF1F\",\"eael_liquid_glass_border_effect2_border\":\"solid\",\"eael_liquid_glass_border_effect2_width\":{\"unit\":\"px\",\"top\":\"1\",\"right\":\"1\",\"bottom\":\"1\",\"left\":\"1\",\"isLinked\":false},\"eael_liquid_glass_border_effect2_color\":\"#FFFFFF1F\",\"eael_liquid_glass_border_effect3_border\":\"solid\",\"eael_liquid_glass_border_effect3_width\":{\"unit\":\"px\",\"top\":\"1\",\"right\":\"1\",\"bottom\":\"1\",\"left\":\"1\",\"isLinked\":false},\"eael_liquid_glass_border_effect3_color\":\"#FFFFFF1F\",\"eael_liquid_glass_border_effect4_border\":\"solid\",\"eael_liquid_glass_border_effect4_width\":{\"unit\":\"px\",\"top\":\"1\",\"right\":\"1\",\"bottom\":\"1\",\"left\":\"1\",\"isLinked\":false},\"eael_liquid_glass_border_effect4_color\":\"#AAAAAA1A\",\"eael_liquid_glass_border_radius_effect1\":{\"unit\":\"px\",\"top\":24,\"right\":24,\"bottom\":24,\"left\":24,\"isLinked\":true},\"eael_liquid_glass_border_radius_effect2\":{\"unit\":\"px\",\"top\":16,\"right\":16,\"bottom\":16,\"left\":16,\"isLinked\":true},\"eael_liquid_glass_border_radius_effect3\":{\"unit\":\"px\",\"top\":8,\"right\":8,\"bottom\":8,\"left\":8,\"isLinked\":true},\"eael_liquid_glass_border_radius_effect4\":{\"unit\":\"px\",\"top\":24,\"right\":24,\"bottom\":24,\"left\":24,\"isLinked\":true},\"eael_liquid_glass_shadow_effect1_box_shadow_type\":\"yes\",\"eael_liquid_glass_shadow_effect1__boxshadow_c\":\"rgba(0,0,0,0.15)\",\"eael_liquid_glass_shadow_effect1__boxshadow_h\":{\"unit\":\"px\",\"size\":\"\",\"sizes\":[]},\"eael_liquid_glass_shadow_effect1__boxshadow_v\":{\"unit\":\"px\",\"size\":\"\",\"sizes\":[]},\"eael_liquid_glass_shadow_effect1__boxshadow_b\":{\"unit\":\"px\",\"size\":\"\",\"sizes\":[]},\"eael_liquid_glass_shadow_effect1__boxshadow_s\":{\"unit\":\"px\",\"size\":\"\",\"sizes\":[]},\"eael_liquid_glass_shadow_effect1__boxshadow_p\":\" \",\"eael_liquid_glass_shadow_effect2_box_shadow_type\":\"yes\",\"eael_liquid_glass_shadow_effect2__boxshadow_c\":\"rgba(0,0,0,0.15)\",\"eael_liquid_glass_shadow_effect2__boxshadow_h\":{\"unit\":\"px\",\"size\":\"\",\"sizes\":[]},\"eael_liquid_glass_shadow_effect2__boxshadow_v\":{\"unit\":\"px\",\"size\":\"\",\"sizes\":[]},\"eael_liquid_glass_shadow_effect2__boxshadow_b\":{\"unit\":\"px\",\"size\":\"\",\"sizes\":[]},\"eael_liquid_glass_shadow_effect2__boxshadow_s\":{\"unit\":\"px\",\"size\":\"\",\"sizes\":[]},\"eael_liquid_glass_shadow_effect2__boxshadow_p\":\" \",\"eael_liquid_glass_shadow_effect3_box_shadow_type\":\"yes\",\"eael_liquid_glass_shadow_effect3__boxshadow_c\":\"rgba(0,0,0,0.15)\",\"eael_liquid_glass_shadow_effect3__boxshadow_h\":{\"unit\":\"px\",\"size\":\"\",\"sizes\":[]},\"eael_liquid_glass_shadow_effect3__boxshadow_v\":{\"unit\":\"px\",\"size\":\"\",\"sizes\":[]},\"eael_liquid_glass_shadow_effect3__boxshadow_b\":{\"unit\":\"px\",\"size\":\"\",\"sizes\":[]},\"eael_liquid_glass_shadow_effect3__boxshadow_s\":{\"unit\":\"px\",\"size\":\"\",\"sizes\":[]},\"eael_liquid_glass_shadow_effect3__boxshadow_p\":\" \",\"eael_liquid_glass_shadow_effect4_box_shadow_type\":\"yes\",\"eael_liquid_glass_shadow_effect4__boxshadow_c\":\"rgba(0,0,0,0.15)\",\"eael_liquid_glass_shadow_effect4__boxshadow_h\":{\"unit\":\"px\",\"size\":\"\",\"sizes\":[]},\"eael_liquid_glass_shadow_effect4__boxshadow_v\":{\"unit\":\"px\",\"size\":\"\",\"sizes\":[]},\"eael_liquid_glass_shadow_effect4__boxshadow_b\":{\"unit\":\"px\",\"size\":\"\",\"sizes\":[]},\"eael_liquid_glass_shadow_effect4__boxshadow_s\":{\"unit\":\"px\",\"size\":\"\",\"sizes\":[]},\"eael_liquid_glass_shadow_effect4__boxshadow_p\":\" \",\"eael_enable_image_masking\":\"\",\"eael_image_masking_type\":\"clip\",\"eael_image_masking_clip_path\":\"bavel\",\"eael_image_masking_enable_custom_clip_path\":\"\",\"eael_image_masking_custom_clip_path\":\"clip-path: polygon(50% 0%, 80% 10%, 100% 35%, 100% 70%, 80% 90%, 50% 100%, 20% 90%, 0% 70%, 0% 35%, 20% 10%);\",\"eael_image_masking_svg\":\"polygon\",\"eael_image_masking_hover_effect\":\"\",\"eael_image_masking_clip_path_hover\":\"bavel\",\"eael_image_masking_enable_custom_clip_path_hover\":\"\",\"eael_image_masking_custom_clip_path_hover\":\"clip-path: polygon(50% 0%, 80% 10%, 100% 35%, 100% 70%, 80% 90%, 50% 100%, 20% 90%, 0% 70%, 0% 35%, 20% 10%);\",\"eael_image_masking_svg_hover\":\"polygon\",\"eael_image_masking_hover_selector\":\"\",\"eael_image_masking_image_size\":\"contain\",\"eael_image_masking_image_custom_size_custom\":{\"unit\":\"px\",\"size\":\"\",\"sizes\":[]},\"eael_image_masking_image_position\":\"center center\",\"eael_image_masking_image_repeat\":\"no-repeat\",\"lakit_floating_fx\":\"\",\"lakit_floating_fx_translate_toggle\":\"\",\"lakit_floating_fx_translate_x\":{\"unit\":\"px\",\"size\":\"\",\"sizes\":{\"from\":0,\"to\":5}},\"lakit_floating_fx_translate_y\":{\"unit\":\"px\",\"size\":\"\",\"sizes\":{\"from\":0,\"to\":5}},\"lakit_floating_fx_translate_duration\":{\"unit\":\"px\",\"size\":1000,\"sizes\":[]},\"lakit_floating_fx_translate_delay\":{\"unit\":\"px\",\"size\":\"\",\"sizes\":[]},\"lakit_floating_fx_rotate_toggle\":\"\",\"lakit_floating_fx_rotate_x\":{\"unit\":\"px\",\"size\":\"\",\"sizes\":{\"from\":0,\"to\":45}},\"lakit_floating_fx_rotate_y\":{\"unit\":\"px\",\"size\":\"\",\"sizes\":{\"from\":0,\"to\":45}},\"lakit_floating_fx_rotate_z\":{\"unit\":\"px\",\"size\":\"\",\"sizes\":{\"from\":0,\"to\":45}},\"lakit_floating_fx_rotate_duration\":{\"unit\":\"px\",\"size\":1000,\"sizes\":[]},\"lakit_floating_fx_rotate_delay\":{\"unit\":\"px\",\"size\":\"\",\"sizes\":[]},\"lakit_floating_fx_scale_toggle\":\"\",\"lakit_floating_fx_scale_x\":{\"unit\":\"px\",\"size\":\"\",\"sizes\":{\"from\":1,\"to\":1.1999999999999999555910790149937383830547332763671875}},\"lakit_floating_fx_scale_y\":{\"unit\":\"px\",\"size\":\"\",\"sizes\":{\"from\":1,\"to\":1.1999999999999999555910790149937383830547332763671875}},\"lakit_floating_fx_scale_duration\":{\"unit\":\"px\",\"size\":1000,\"sizes\":[]},\"lakit_floating_fx_scale_delay\":{\"unit\":\"px\",\"size\":\"\",\"sizes\":[]},\"lakit_transform_fx\":\"\",\"lakit_transform_fx_translate_toggle\":\"\",\"lakit_transform_fx_translate_x\":{\"unit\":\"px\",\"size\":\"\",\"sizes\":[]},\"lakit_transform_fx_translate_y\":{\"unit\":\"px\",\"size\":\"\",\"sizes\":[]},\"lakit_transform_fx_rotate_toggle\":\"\",\"lakit_transform_fx_rotate_mode\":\"loose\",\"lakit_transform_fx_rotate_x\":{\"unit\":\"px\",\"size\":\"\",\"sizes\":[]},\"lakit_transform_fx_rotate_y\":{\"unit\":\"px\",\"size\":\"\",\"sizes\":[]},\"lakit_transform_fx_rotate_z\":{\"unit\":\"px\",\"size\":\"\",\"sizes\":[]},\"lakit_transform_fx_scale_toggle\":\"\",\"lakit_transform_fx_scale_mode\":\"loose\",\"lakit_transform_fx_scale_x\":{\"unit\":\"px\",\"size\":1,\"sizes\":[]},\"lakit_transform_fx_scale_y\":{\"unit\":\"px\",\"size\":1,\"sizes\":[]},\"lakit_transform_fx_skew_toggle\":\"\",\"lakit_transform_fx_skew_x\":{\"unit\":\"px\",\"size\":\"\",\"sizes\":[]},\"lakit_transform_fx_skew_y\":{\"unit\":\"px\",\"size\":\"\",\"sizes\":[]},\"lakit_transform_fx_translate_toggle_hover\":\"\",\"lakit_transform_fx_translate_x_hover\":{\"unit\":\"px\",\"size\":\"\",\"sizes\":[]},\"lakit_transform_fx_translate_y_hover\":{\"unit\":\"px\",\"size\":\"\",\"sizes\":[]},\"lakit_transform_fx_rotate_toggle_hover\":\"\",\"lakit_transform_fx_rotate_mode_hover\":\"loose\",\"lakit_transform_fx_rotate_x_hover\":{\"unit\":\"px\",\"size\":\"\",\"sizes\":[]},\"lakit_transform_fx_rotate_y_hover\":{\"unit\":\"px\",\"size\":\"\",\"sizes\":[]},\"lakit_transform_fx_rotate_z_hover\":{\"unit\":\"px\",\"size\":\"\",\"sizes\":[]},\"lakit_transform_fx_scale_toggle_hover\":\"\",\"lakit_transform_fx_scale_mode_hover\":\"loose\",\"lakit_transform_fx_scale_x_hover\":{\"unit\":\"px\",\"size\":1,\"sizes\":[]},\"lakit_transform_fx_scale_y_hover\":{\"unit\":\"px\",\"size\":1,\"sizes\":[]},\"lakit_transform_fx_skew_toggle_hover\":\"\",\"lakit_transform_fx_skew_x_hover\":{\"unit\":\"px\",\"size\":\"\",\"sizes\":[]},\"lakit_transform_fx_skew_y_hover\":{\"unit\":\"px\",\"size\":\"\",\"sizes\":[]},\"lakit_transform_fx_transition_duration\":{\"unit\":\"px\",\"size\":\"\",\"sizes\":[]},\"lakit_vlogic_enabled\":\"\",\"lakit_vlogic_role_visible\":\"\",\"lakit_vlogic_role_hidden\":\"\",\"motion_fx_motion_fx_scrolling\":\"\",\"motion_fx_translateY_effect\":\"\",\"motion_fx_translateY_direction\":\"\",\"motion_fx_translateY_speed\":{\"unit\":\"px\",\"size\":3,\"sizes\":[]},\"motion_fx_translateY_affectedRange\":{\"unit\":\"%\",\"size\":\"\",\"sizes\":{\"start\":20,\"end\":80}},\"motion_fx_translateX_effect\":\"\",\"motion_fx_translateX_direction\":\"\",\"motion_fx_translateX_speed\":{\"unit\":\"px\",\"size\":4,\"sizes\":[]},\"motion_fx_translateX_affectedRange\":{\"unit\":\"%\",\"size\":\"\",\"sizes\":{\"start\":20,\"end\":80}},\"motion_fx_opacity_effect\":\"\",\"motion_fx_opacity_direction\":\"out-in\",\"motion_fx_opacity_level\":{\"unit\":\"px\",\"size\":10,\"sizes\":[]},\"motion_fx_opacity_range\":{\"unit\":\"%\",\"size\":\"\",\"sizes\":{\"start\":20,\"end\":80}},\"motion_fx_blur_effect\":\"\",\"motion_fx_blur_direction\":\"out-in\",\"motion_fx_blur_level\":{\"unit\":\"px\",\"size\":7,\"sizes\":[]},\"motion_fx_blur_range\":{\"unit\":\"%\",\"size\":\"\",\"sizes\":{\"start\":20,\"end\":80}},\"motion_fx_rotateZ_effect\":\"\",\"motion_fx_rotateZ_direction\":\"\",\"motion_fx_rotateZ_speed\":{\"unit\":\"px\",\"size\":1,\"sizes\":[]},\"motion_fx_rotateZ_affectedRange\":{\"unit\":\"%\",\"size\":\"\",\"sizes\":{\"start\":0,\"end\":100}},\"motion_fx_scale_effect\":\"\",\"motion_fx_scale_direction\":\"out-in\",\"motion_fx_scale_speed\":{\"unit\":\"px\",\"size\":4,\"sizes\":[]},\"motion_fx_scale_range\":{\"unit\":\"%\",\"size\":\"\",\"sizes\":{\"start\":20,\"end\":80}},\"motion_fx_transform_origin_x\":\"center\",\"motion_fx_transform_origin_y\":\"center\",\"motion_fx_range\":\"\",\"motion_fx_motion_fx_mouse\":\"\",\"motion_fx_mouseTrack_effect\":\"\",\"motion_fx_mouseTrack_direction\":\"\",\"motion_fx_mouseTrack_speed\":{\"unit\":\"px\",\"size\":1,\"sizes\":[]},\"motion_fx_tilt_effect\":\"\",\"motion_fx_tilt_direction\":\"\",\"motion_fx_tilt_speed\":{\"unit\":\"px\",\"size\":4,\"sizes\":[]},\"motion_fx_devices\":[\"mobile\",\"tablet\",\"desktop\"],\"sticky\":\"\",\"sticky_on\":[\"desktop\",\"mobile\",\"tablet\"],\"sticky_offset\":0,\"sticky_effects_offset\":0,\"sticky_parent\":\"\",\"_animation\":\"\",\"_animation_tablet\":\"\",\"_animation_mobile\":\"\",\"animation_duration\":\"\",\"_animation_delay\":\"\",\"_transform_rotate_popover\":\"\",\"_transform_rotateZ_effect\":{\"unit\":\"px\",\"size\":\"\",\"sizes\":[]},\"_transform_rotateZ_effect_tablet\":{\"unit\":\"deg\",\"size\":\"\",\"sizes\":[]},\"_transform_rotateZ_effect_mobile\":{\"unit\":\"deg\",\"size\":\"\",\"sizes\":[]},\"_transform_rotate_3d\":\"\",\"_transform_rotateX_effect\":{\"unit\":\"px\",\"size\":\"\",\"sizes\":[]},\"_transform_rotateX_effect_tablet\":{\"unit\":\"deg\",\"size\":\"\",\"sizes\":[]},\"_transform_rotateX_effect_mobile\":{\"unit\":\"deg\",\"size\":\"\",\"sizes\":[]},\"_transform_rotateY_effect\":{\"unit\":\"px\",\"size\":\"\",\"sizes\":[]},\"_transform_rotateY_effect_tablet\":{\"unit\":\"deg\",\"size\":\"\",\"sizes\":[]},\"_transform_rotateY_effect_mobile\":{\"unit\":\"deg\",\"size\":\"\",\"sizes\":[]},\"_transform_perspective_effect\":{\"unit\":\"px\",\"size\":\"\",\"sizes\":[]},\"_transform_perspective_effect_tablet\":{\"unit\":\"px\",\"size\":\"\",\"sizes\":[]},\"_transform_perspective_effect_mobile\":{\"unit\":\"px\",\"size\":\"\",\"sizes\":[]},\"_transform_translate_popover\":\"\",\"_transform_translateX_effect\":{\"unit\":\"px\",\"size\":\"\",\"sizes\":[]},\"_transform_translateX_effect_tablet\":{\"unit\":\"px\",\"size\":\"\",\"sizes\":[]},\"_transform_translateX_effect_mobile\":{\"unit\":\"px\",\"size\":\"\",\"sizes\":[]},\"_transform_translateY_effect\":{\"unit\":\"px\",\"size\":\"\",\"sizes\":[]},\"_transform_translateY_effect_tablet\":{\"unit\":\"px\",\"size\":\"\",\"sizes\":[]},\"_transform_translateY_effect_mobile\":{\"unit\":\"px\",\"size\":\"\",\"sizes\":[]},\"_transform_scale_popover\":\"\",\"_transform_keep_proportions\":\"yes\",\"_transform_scale_effect\":{\"unit\":\"px\",\"size\":\"\",\"sizes\":[]},\"_transform_scale_effect_tablet\":{\"unit\":\"px\",\"size\":\"\",\"sizes\":[]},\"_transform_scale_effect_mobile\":{\"unit\":\"px\",\"size\":\"\",\"sizes\":[]},\"_transform_scaleX_effect\":{\"unit\":\"px\",\"size\":\"\",\"sizes\":[]},\"_transform_scaleX_effect_tablet\":{\"unit\":\"px\",\"size\":\"\",\"sizes\":[]},\"_transform_scaleX_effect_mobile\":{\"unit\":\"px\",\"size\":\"\",\"sizes\":[]},\"_transform_scaleY_effect\":{\"unit\":\"px\",\"size\":\"\",\"sizes\":[]},\"_transform_scaleY_effect_tablet\":{\"unit\":\"px\",\"size\":\"\",\"sizes\":[]},\"_transform_scaleY_effect_mobile\":{\"unit\":\"px\",\"size\":\"\",\"sizes\":[]},\"_transform_skew_popover\":\"\",\"_transform_skewX_effect\":{\"unit\":\"px\",\"size\":\"\",\"sizes\":[]},\"_transform_skewX_effect_tablet\":{\"unit\":\"deg\",\"size\":\"\",\"sizes\":[]},\"_transform_skewX_effect_mobile\":{\"unit\":\"deg\",\"size\":\"\",\"sizes\":[]},\"_transform_skewY_effect\":{\"unit\":\"px\",\"size\":\"\",\"sizes\":[]},\"_transform_skewY_effect_tablet\":{\"unit\":\"deg\",\"size\":\"\",\"sizes\":[]},\"_transform_skewY_effect_mobile\":{\"unit\":\"deg\",\"size\":\"\",\"sizes\":[]},\"_transform_flipX_effect\":\"\",\"_transform_flipY_effect\":\"\",\"_transform_rotate_popover_hover\":\"\",\"_transform_rotateZ_effect_hover\":{\"unit\":\"px\",\"size\":\"\",\"sizes\":[]},\"_transform_rotateZ_effect_hover_tablet\":{\"unit\":\"deg\",\"size\":\"\",\"sizes\":[]},\"_transform_rotateZ_effect_hover_mobile\":{\"unit\":\"deg\",\"size\":\"\",\"sizes\":[]},\"_transform_rotate_3d_hover\":\"\",\"_transform_rotateX_effect_hover\":{\"unit\":\"px\",\"size\":\"\",\"sizes\":[]},\"_transform_rotateX_effect_hover_tablet\":{\"unit\":\"deg\",\"size\":\"\",\"sizes\":[]},\"_transform_rotateX_effect_hover_mobile\":{\"unit\":\"deg\",\"size\":\"\",\"sizes\":[]},\"_transform_rotateY_effect_hover\":{\"unit\":\"px\",\"size\":\"\",\"sizes\":[]},\"_transform_rotateY_effect_hover_tablet\":{\"unit\":\"deg\",\"size\":\"\",\"sizes\":[]},\"_transform_rotateY_effect_hover_mobile\":{\"unit\":\"deg\",\"size\":\"\",\"sizes\":[]},\"_transform_perspective_effect_hover\":{\"unit\":\"px\",\"size\":\"\",\"sizes\":[]},\"_transform_perspective_effect_hover_tablet\":{\"unit\":\"px\",\"size\":\"\",\"sizes\":[]},\"_transform_perspective_effect_hover_mobile\":{\"unit\":\"px\",\"size\":\"\",\"sizes\":[]},\"_transform_translate_popover_hover\":\"\",\"_transform_translateX_effect_hover\":{\"unit\":\"px\",\"size\":\"\",\"sizes\":[]},\"_transform_translateX_effect_hover_tablet\":{\"unit\":\"px\",\"size\":\"\",\"sizes\":[]},\"_transform_translateX_effect_hover_mobile\":{\"unit\":\"px\",\"size\":\"\",\"sizes\":[]},\"_transform_translateY_effect_hover\":{\"unit\":\"px\",\"size\":\"\",\"sizes\":[]},\"_transform_translateY_effect_hover_tablet\":{\"unit\":\"px\",\"size\":\"\",\"sizes\":[]},\"_transform_translateY_effect_hover_mobile\":{\"unit\":\"px\",\"size\":\"\",\"sizes\":[]},\"_transform_scale_popover_hover\":\"\",\"_transform_keep_proportions_hover\":\"yes\",\"_transform_scale_effect_hover\":{\"unit\":\"px\",\"size\":\"\",\"sizes\":[]},\"_transform_scale_effect_hover_tablet\":{\"unit\":\"px\",\"size\":\"\",\"sizes\":[]},\"_transform_scale_effect_hover_mobile\":{\"unit\":\"px\",\"size\":\"\",\"sizes\":[]},\"_transform_scaleX_effect_hover\":{\"unit\":\"px\",\"size\":\"\",\"sizes\":[]},\"_transform_scaleX_effect_hover_tablet\":{\"unit\":\"px\",\"size\":\"\",\"sizes\":[]},\"_transform_scaleX_effect_hover_mobile\":{\"unit\":\"px\",\"size\":\"\",\"sizes\":[]},\"_transform_scaleY_effect_hover\":{\"unit\":\"px\",\"size\":\"\",\"sizes\":[]},\"_transform_scaleY_effect_hover_tablet\":{\"unit\":\"px\",\"size\":\"\",\"sizes\":[]},\"_transform_scaleY_effect_hover_mobile\":{\"unit\":\"px\",\"size\":\"\",\"sizes\":[]},\"_transform_skew_popover_hover\":\"\",\"_transform_skewX_effect_hover\":{\"unit\":\"px\",\"size\":\"\",\"sizes\":[]},\"_transform_skewX_effect_hover_tablet\":{\"unit\":\"deg\",\"size\":\"\",\"sizes\":[]},\"_transform_skewX_effect_hover_mobile\":{\"unit\":\"deg\",\"size\":\"\",\"sizes\":[]},\"_transform_skewY_effect_hover\":{\"unit\":\"px\",\"size\":\"\",\"sizes\":[]},\"_transform_skewY_effect_hover_tablet\":{\"unit\":\"deg\",\"size\":\"\",\"sizes\":[]},\"_transform_skewY_effect_hover_mobile\":{\"unit\":\"deg\",\"size\":\"\",\"sizes\":[]},\"_transform_flipX_effect_hover\":\"\",\"_transform_flipY_effect_hover\":\"\",\"_transform_transition_hover\":{\"unit\":\"px\",\"size\":\"\",\"sizes\":[]},\"motion_fx_transform_x_anchor_point\":\"\",\"motion_fx_transform_y_anchor_point\":\"\",\"_background_background\":\"\",\"_background_gradient_notice\":\"\",\"_background_color\":\"\",\"_background_color_stop\":{\"unit\":\"%\",\"size\":0,\"sizes\":[]},\"_background_color_b\":\"#f2295b\",\"_background_color_b_stop\":{\"unit\":\"%\",\"size\":100,\"sizes\":[]},\"_background_gradient_type\":\"linear\",\"_background_gradient_angle\":{\"unit\":\"deg\",\"size\":180,\"sizes\":[]},\"_background_gradient_position\":\"center center\",\"_background_image\":{\"url\":\"\",\"id\":\"\",\"size\":\"\"},\"_background_position\":\"\",\"_background_xpos\":{\"unit\":\"px\",\"size\":0,\"sizes\":[]},\"_background_ypos\":{\"unit\":\"px\",\"size\":0,\"sizes\":[]},\"_background_attachment\":\"\",\"_background_repeat\":\"\",\"_background_size\":\"\",\"_background_bg_width\":{\"unit\":\"%\",\"size\":100,\"sizes\":[]},\"_background_video_link\":\"\",\"_background_video_start\":\"\",\"_background_video_end\":\"\",\"_background_play_once\":\"\",\"_background_play_on_mobile\":\"\",\"_background_privacy_mode\":\"\",\"_background_video_fallback\":{\"url\":\"\",\"id\":\"\",\"size\":\"\"},\"_background_slideshow_gallery\":[],\"_background_slideshow_loop\":\"yes\",\"_background_slideshow_slide_duration\":5000,\"_background_slideshow_slide_transition\":\"fade\",\"_background_slideshow_transition_duration\":500,\"_background_slideshow_background_size\":\"\",\"_background_slideshow_background_position\":\"\",\"_background_slideshow_lazyload\":\"\",\"_background_slideshow_ken_burns\":\"\",\"_background_slideshow_ken_burns_zoom_direction\":\"in\",\"_background_hover_background\":\"\",\"_background_hover_gradient_notice\":\"\",\"_background_hover_color\":\"\",\"_background_hover_color_stop\":{\"unit\":\"%\",\"size\":0,\"sizes\":[]},\"_background_hover_color_b\":\"#f2295b\",\"_background_hover_color_b_stop\":{\"unit\":\"%\",\"size\":100,\"sizes\":[]},\"_background_hover_gradient_type\":\"linear\",\"_background_hover_gradient_angle\":{\"unit\":\"deg\",\"size\":180,\"sizes\":[]},\"_background_hover_gradient_position\":\"center center\",\"_background_hover_image\":{\"url\":\"\",\"id\":\"\",\"size\":\"\"},\"_background_hover_position\":\"\",\"_background_hover_xpos\":{\"unit\":\"px\",\"size\":0,\"sizes\":[]},\"_background_hover_ypos\":{\"unit\":\"px\",\"size\":0,\"sizes\":[]},\"_background_hover_attachment\":\"\",\"_background_hover_repeat\":\"\",\"_background_hover_size\":\"\",\"_background_hover_bg_width\":{\"unit\":\"%\",\"size\":100,\"sizes\":[]},\"_background_hover_video_link\":\"\",\"_background_hover_video_start\":\"\",\"_background_hover_video_end\":\"\",\"_background_hover_play_once\":\"\",\"_background_hover_play_on_mobile\":\"\",\"_background_hover_privacy_mode\":\"\",\"_background_hover_video_fallback\":{\"url\":\"\",\"id\":\"\",\"size\":\"\"},\"_background_hover_slideshow_gallery\":[],\"_background_hover_slideshow_loop\":\"yes\",\"_background_hover_slideshow_slide_duration\":5000,\"_background_hover_slideshow_slide_transition\":\"fade\",\"_background_hover_slideshow_transition_duration\":500,\"_background_hover_slideshow_background_size\":\"\",\"_background_hover_slideshow_background_position\":\"\",\"_background_hover_slideshow_lazyload\":\"\",\"_background_hover_slideshow_ken_burns\":\"\",\"_background_hover_slideshow_ken_burns_zoom_direction\":\"in\",\"_background_hover_transition\":{\"unit\":\"px\",\"size\":\"\",\"sizes\":[]},\"_border_border\":\"\",\"_border_width\":{\"unit\":\"px\",\"top\":\"\",\"right\":\"\",\"bottom\":\"\",\"left\":\"\",\"isLinked\":true},\"_border_color\":\"\",\"_border_radius\":{\"unit\":\"px\",\"top\":\"\",\"right\":\"\",\"bottom\":\"\",\"left\":\"\",\"isLinked\":true},\"_box_shadow_box_shadow_type\":\"\",\"_box_shadow__boxshadow_c\":\"rgba(0,0,0,0.15)\",\"_box_shadow__boxshadow_h\":{\"unit\":\"px\",\"size\":\"\",\"sizes\":[]},\"_box_shadow__boxshadow_v\":{\"unit\":\"px\",\"size\":\"\",\"sizes\":[]},\"_box_shadow__boxshadow_b\":{\"unit\":\"px\",\"size\":\"\",\"sizes\":[]},\"_box_shadow__boxshadow_s\":{\"unit\":\"px\",\"size\":\"\",\"sizes\":[]},\"_box_shadow__boxshadow_p\":\" \",\"_border_hover_border\":\"\",\"_border_hover_width\":{\"unit\":\"px\",\"top\":\"\",\"right\":\"\",\"bottom\":\"\",\"left\":\"\",\"isLinked\":true},\"_border_hover_color\":\"\",\"_border_radius_hover\":{\"unit\":\"px\",\"top\":\"\",\"right\":\"\",\"bottom\":\"\",\"left\":\"\",\"isLinked\":true},\"_box_shadow_hover_box_shadow_type\":\"\",\"_box_shadow_hover__boxshadow_c\":\"rgba(0,0,0,0.15)\",\"_box_shadow_hover__boxshadow_h\":{\"unit\":\"px\",\"size\":\"\",\"sizes\":[]},\"_box_shadow_hover__boxshadow_v\":{\"unit\":\"px\",\"size\":\"\",\"sizes\":[]},\"_box_shadow_hover__boxshadow_b\":{\"unit\":\"px\",\"size\":\"\",\"sizes\":[]},\"_box_shadow_hover__boxshadow_s\":{\"unit\":\"px\",\"size\":\"\",\"sizes\":[]},\"_box_shadow_hover__boxshadow_p\":\" \",\"_border_hover_transition\":{\"unit\":\"px\",\"size\":\"\",\"sizes\":[]},\"_mask_switch\":\"\",\"_mask_shape\":\"circle\",\"_mask_image\":{\"url\":\"\",\"id\":\"\",\"size\":\"\"},\"_mask_size\":\"contain\",\"_mask_size_scale\":{\"unit\":\"%\",\"size\":100,\"sizes\":[]},\"_mask_position\":\"center center\",\"_mask_position_x\":{\"unit\":\"%\",\"size\":0,\"sizes\":[]},\"_mask_position_y\":{\"unit\":\"%\",\"size\":0,\"sizes\":[]},\"_mask_repeat\":\"no-repeat\",\"hide_desktop\":\"\",\"hide_tablet\":\"\",\"hide_mobile\":\"\",\"_attributes\":\"\",\"custom_css\":\"\",\"paged\":1,\"class\":\"jblog_block_20\"};<\/script><\/div>\t\t\t\t<\/div>\n\t\t\t\t<\/div>\n\t\t\t\t<div class=\"elementor-element elementor-element-5cb034d elementor-widget elementor-widget-image\" data-id=\"5cb034d\" data-element_type=\"widget\" data-e-type=\"widget\" data-widget_type=\"image.default\">\n\t\t\t\t<div class=\"elementor-widget-container\">\n\t\t\t\t\t\t\t\t\t\t\t\t\t\t\t<img loading=\"lazy\" decoding=\"async\" width=\"829\" height=\"416\" src=\"https:\/\/i0.wp.com\/iberoleonenvio.com\/website_f1c4f9f2\/wp-content\/uploads\/2022\/03\/recuerda-1.jpg?fit=829%2C416&amp;ssl=1\" class=\"attachment-full size-full wp-image-40\" alt=\"\" srcset=\"https:\/\/i0.wp.com\/iberoleonenvio.com\/website_f1c4f9f2\/wp-content\/uploads\/2022\/03\/recuerda-1.jpg?w=829&amp;ssl=1 829w, https:\/\/i0.wp.com\/iberoleonenvio.com\/website_f1c4f9f2\/wp-content\/uploads\/2022\/03\/recuerda-1.jpg?resize=300%2C150&amp;ssl=1 300w, https:\/\/i0.wp.com\/iberoleonenvio.com\/website_f1c4f9f2\/wp-content\/uploads\/2022\/03\/recuerda-1.jpg?resize=768%2C385&amp;ssl=1 768w\" sizes=\"(max-width: 800px) 100vw, 800px\" \/>\t\t\t\t\t\t\t\t\t\t\t\t\t\t\t<\/div>\n\t\t\t\t<\/div>\n\t\t\t\t<div class=\"elementor-element elementor-element-3965dfe elementor-widget elementor-widget-eael-feature-list\" data-id=\"3965dfe\" data-element_type=\"widget\" data-e-type=\"widget\" data-widget_type=\"eael-feature-list.default\">\n\t\t\t\t<div class=\"elementor-widget-container\">\n\t\t\t\t\t\t\t<div class=\"-icon-position-left -tablet-icon-position-left -mobile-icon-position-left\">\n\t\t\t<ul id=\"eael-feature-list-3965dfe\" class=\"eael-feature-list-items circle framed connector-type-modern eael-feature-list-vertical\" data-layout-tablet=\"vertical\" data-layout-mobile=\"vertical\">\n\t\t\t                <li class=\"eael-feature-list-item elementor-repeater-item-f4a2b39\">\n                                            <span class=\"connector\" style=\"right: calc(100% - 42px); left: 0;\"><\/span>\n                        <span class=\"connector connector-tablet\" style=\"right: calc(100% - 42px); left: 0;\"><\/span>\n                        <span class=\"connector connector-mobile\" style=\"right: calc(100% - 42px); left: 0;\"><\/span>\n                    \n\t\t\t\t\t\t<div class=\"eael-feature-list-icon-box\">\n\t\t\t\t\t\t\t<div class=\"eael-feature-list-icon-inner\">\n\n\t\t\t\t\t\t\t\t<span class=\"eael-feature-list-icon fl-icon-0\">\n\n\t\t<i aria-hidden=\"true\" class=\"fas fa-calendar-check\"><\/i>\t\t\t\t\t\t\t\t<\/span>\n\t\t\t\t\t\t\t<\/div>\n\t\t\t\t\t\t<\/div>\n\t\t\t\t\t\t<div class=\"eael-feature-list-content-box\">\n                            <h2 class=\"eael-feature-list-title\">3 al 7 de abril<\/h2>\t\t\t\t\t\t<p class=\"eael-feature-list-content\">Suspensi\u00f3n de labores<\/p>\n\t\t\t\t\t\t<\/div>\n\n\t\t\t\t\t<\/li>\n\t\t\t\t                <li class=\"eael-feature-list-item elementor-repeater-item-4a6a203\">\n                                            <span class=\"connector\" style=\"right: calc(100% - 42px); left: 0;\"><\/span>\n                        <span class=\"connector connector-tablet\" style=\"right: calc(100% - 42px); left: 0;\"><\/span>\n                        <span class=\"connector connector-mobile\" style=\"right: calc(100% - 42px); left: 0;\"><\/span>\n                    \n\t\t\t\t\t\t<div class=\"eael-feature-list-icon-box\">\n\t\t\t\t\t\t\t<div class=\"eael-feature-list-icon-inner\">\n\n\t\t\t\t\t\t\t\t<span class=\"eael-feature-list-icon fl-icon-1\">\n\n\t\t<i aria-hidden=\"true\" class=\"fas fa-calendar-check\"><\/i>\t\t\t\t\t\t\t\t<\/span>\n\t\t\t\t\t\t\t<\/div>\n\t\t\t\t\t\t<\/div>\n\t\t\t\t\t\t<div class=\"eael-feature-list-content-box\">\n                            <h2 class=\"eael-feature-list-title\">9 de abril<\/h2>\t\t\t\t\t\t<p class=\"eael-feature-list-content\">Misa de Domingo de Resurreci\u00f3n<\/p>\n\t\t\t\t\t\t<\/div>\n\n\t\t\t\t\t<\/li>\n\t\t\t\t                <li class=\"eael-feature-list-item elementor-repeater-item-9c845eb\">\n                                            <span class=\"connector\" style=\"right: calc(100% - 42px); left: 0;\"><\/span>\n                        <span class=\"connector connector-tablet\" style=\"right: calc(100% - 42px); left: 0;\"><\/span>\n                        <span class=\"connector connector-mobile\" style=\"right: calc(100% - 42px); left: 0;\"><\/span>\n                    \n\t\t\t\t\t\t<div class=\"eael-feature-list-icon-box\">\n\t\t\t\t\t\t\t<div class=\"eael-feature-list-icon-inner\">\n\n\t\t\t\t\t\t\t\t<span class=\"eael-feature-list-icon fl-icon-2\">\n\n\t\t<i aria-hidden=\"true\" class=\"fas fa-calendar-check\"><\/i>\t\t\t\t\t\t\t\t<\/span>\n\t\t\t\t\t\t\t<\/div>\n\t\t\t\t\t\t<\/div>\n\t\t\t\t\t\t<div class=\"eael-feature-list-content-box\">\n                            <h2 class=\"eael-feature-list-title\">16 de abril<\/h2>\t\t\t\t\t\t<p class=\"eael-feature-list-content\">Misa Dominical<\/p>\n\t\t\t\t\t\t<\/div>\n\n\t\t\t\t\t<\/li>\n\t\t\t\t                <li class=\"eael-feature-list-item elementor-repeater-item-6112275\">\n                                            <span class=\"connector\" style=\"right: calc(100% - 42px); left: 0;\"><\/span>\n                        <span class=\"connector connector-tablet\" style=\"right: calc(100% - 42px); left: 0;\"><\/span>\n                        <span class=\"connector connector-mobile\" style=\"right: calc(100% - 42px); left: 0;\"><\/span>\n                    \n\t\t\t\t\t\t<div class=\"eael-feature-list-icon-box\">\n\t\t\t\t\t\t\t<div class=\"eael-feature-list-icon-inner\">\n\n\t\t\t\t\t\t\t\t<span class=\"eael-feature-list-icon fl-icon-3\">\n\n\t\t<i aria-hidden=\"true\" class=\"fas fa-calendar-check\"><\/i>\t\t\t\t\t\t\t\t<\/span>\n\t\t\t\t\t\t\t<\/div>\n\t\t\t\t\t\t<\/div>\n\t\t\t\t\t\t<div class=\"eael-feature-list-content-box\">\n                            <h2 class=\"eael-feature-list-title\">17 de abril<\/h2>\t\t\t\t\t\t<p class=\"eael-feature-list-content\">Fecha l\u00edmite de captura de calificaciones parciales y faltas<\/p>\n\t\t\t\t\t\t<\/div>\n\n\t\t\t\t\t<\/li>\n\t\t\t\t                <li class=\"eael-feature-list-item elementor-repeater-item-22a5dd5\">\n                                            <span class=\"connector\" style=\"right: calc(100% - 42px); left: 0;\"><\/span>\n                        <span class=\"connector connector-tablet\" style=\"right: calc(100% - 42px); left: 0;\"><\/span>\n                        <span class=\"connector connector-mobile\" style=\"right: calc(100% - 42px); left: 0;\"><\/span>\n                    \n\t\t\t\t\t\t<div class=\"eael-feature-list-icon-box\">\n\t\t\t\t\t\t\t<div class=\"eael-feature-list-icon-inner\">\n\n\t\t\t\t\t\t\t\t<span class=\"eael-feature-list-icon fl-icon-4\">\n\n\t\t<i aria-hidden=\"true\" class=\"fas fa-calendar-check\"><\/i>\t\t\t\t\t\t\t\t<\/span>\n\t\t\t\t\t\t\t<\/div>\n\t\t\t\t\t\t<\/div>\n\t\t\t\t\t\t<div class=\"eael-feature-list-content-box\">\n                            <h2 class=\"eael-feature-list-title\">18 de abril<\/h2>\t\t\t\t\t\t<p class=\"eael-feature-list-content\">Publicaci\u00f3n de calificaciones parciales y faltas<\/p>\n\t\t\t\t\t\t<\/div>\n\n\t\t\t\t\t<\/li>\n\t\t\t\t                <li class=\"eael-feature-list-item elementor-repeater-item-6d0e300\">\n                                            <span class=\"connector\" style=\"right: calc(100% - 42px); left: 0;\"><\/span>\n                        <span class=\"connector connector-tablet\" style=\"right: calc(100% - 42px); left: 0;\"><\/span>\n                        <span class=\"connector connector-mobile\" style=\"right: calc(100% - 42px); left: 0;\"><\/span>\n                    \n\t\t\t\t\t\t<div class=\"eael-feature-list-icon-box\">\n\t\t\t\t\t\t\t<div class=\"eael-feature-list-icon-inner\">\n\n\t\t\t\t\t\t\t\t<span class=\"eael-feature-list-icon fl-icon-5\">\n\n\t\t<i aria-hidden=\"true\" class=\"fas fa-calendar-check\"><\/i>\t\t\t\t\t\t\t\t<\/span>\n\t\t\t\t\t\t\t<\/div>\n\t\t\t\t\t\t<\/div>\n\t\t\t\t\t\t<div class=\"eael-feature-list-content-box\">\n                            <h2 class=\"eael-feature-list-title\">23 de abril<\/h2>\t\t\t\t\t\t<p class=\"eael-feature-list-content\">Misa Dominical<\/p>\n\t\t\t\t\t\t<\/div>\n\n\t\t\t\t\t<\/li>\n\t\t\t\t                <li class=\"eael-feature-list-item elementor-repeater-item-dfb3453\">\n                                            <span class=\"connector\" style=\"right: calc(100% - 42px); left: 0;\"><\/span>\n                        <span class=\"connector connector-tablet\" style=\"right: calc(100% - 42px); left: 0;\"><\/span>\n                        <span class=\"connector connector-mobile\" style=\"right: calc(100% - 42px); left: 0;\"><\/span>\n                    \n\t\t\t\t\t\t<div class=\"eael-feature-list-icon-box\">\n\t\t\t\t\t\t\t<div class=\"eael-feature-list-icon-inner\">\n\n\t\t\t\t\t\t\t\t<span class=\"eael-feature-list-icon fl-icon-6\">\n\n\t\t<i aria-hidden=\"true\" class=\"fas fa-calendar-check\"><\/i>\t\t\t\t\t\t\t\t<\/span>\n\t\t\t\t\t\t\t<\/div>\n\t\t\t\t\t\t<\/div>\n\t\t\t\t\t\t<div class=\"eael-feature-list-content-box\">\n                            <h2 class=\"eael-feature-list-title\">24 al 28 de abril<\/h2>\t\t\t\t\t\t<p class=\"eael-feature-list-content\">Bajas de asignaturas<\/p>\n\t\t\t\t\t\t<\/div>\n\n\t\t\t\t\t<\/li>\n\t\t\t\t                <li class=\"eael-feature-list-item elementor-repeater-item-db65fcd\">\n                                            <span class=\"connector\" style=\"right: calc(100% - 42px); left: 0;\"><\/span>\n                        <span class=\"connector connector-tablet\" style=\"right: calc(100% - 42px); left: 0;\"><\/span>\n                        <span class=\"connector connector-mobile\" style=\"right: calc(100% - 42px); left: 0;\"><\/span>\n                    \n\t\t\t\t\t\t<div class=\"eael-feature-list-icon-box\">\n\t\t\t\t\t\t\t<div class=\"eael-feature-list-icon-inner\">\n\n\t\t\t\t\t\t\t\t<span class=\"eael-feature-list-icon fl-icon-7\">\n\n\t\t<i aria-hidden=\"true\" class=\"fas fa-calendar-check\"><\/i>\t\t\t\t\t\t\t\t<\/span>\n\t\t\t\t\t\t\t<\/div>\n\t\t\t\t\t\t<\/div>\n\t\t\t\t\t\t<div class=\"eael-feature-list-content-box\">\n                            <h2 class=\"eael-feature-list-title\">28 de abril<\/h2>\t\t\t\t\t\t<p class=\"eael-feature-list-content\">Fecha l\u00edmite de baja total<\/p>\n\t\t\t\t\t\t<\/div>\n\n\t\t\t\t\t<\/li>\n\t\t\t\t                <li class=\"eael-feature-list-item elementor-repeater-item-2148350\">\n                                            <span class=\"connector\" style=\"right: calc(100% - 42px); left: 0;\"><\/span>\n                        <span class=\"connector connector-tablet\" style=\"right: calc(100% - 42px); left: 0;\"><\/span>\n                        <span class=\"connector connector-mobile\" style=\"right: calc(100% - 42px); left: 0;\"><\/span>\n                    \n\t\t\t\t\t\t<div class=\"eael-feature-list-icon-box\">\n\t\t\t\t\t\t\t<div class=\"eael-feature-list-icon-inner\">\n\n\t\t\t\t\t\t\t\t<span class=\"eael-feature-list-icon fl-icon-8\">\n\n\t\t<i aria-hidden=\"true\" class=\"fas fa-calendar-check\"><\/i>\t\t\t\t\t\t\t\t<\/span>\n\t\t\t\t\t\t\t<\/div>\n\t\t\t\t\t\t<\/div>\n\t\t\t\t\t\t<div class=\"eael-feature-list-content-box\">\n                            <h2 class=\"eael-feature-list-title\">30 de abril<\/h2>\t\t\t\t\t\t<p class=\"eael-feature-list-content\">Misa Dominical<\/p>\n\t\t\t\t\t\t<\/div>\n\n\t\t\t\t\t<\/li>\n\t\t\t\t\t\t\t<\/ul>\n\t\t<\/div>\n\t\t\t\t\t\t<\/div>\n\t\t\t\t<\/div>\n\t\t\t\t\t<\/div>\n\t\t<\/div>\n\t\t\t\t\t<\/div>\n\t\t<\/section>\n\t\t\t\t<\/div>\n\t\t","protected":false},"excerpt":{"rendered":"<p>Vinculaci\u00f3n e Incidencia Social Universitaria: Las Ferias de la Salud en la comunidad de Las Ladrilleras del Refugio N\u00famero 21 &#8211; Abril 2023 Por Jorge Eduardo Reza AlvaDirector del Centro &#8230;<\/p>\n","protected":false},"author":2,"featured_media":4626,"comment_status":"closed","ping_status":"closed","sticky":false,"template":"","format":"standard","meta":{"_monsterinsights_skip_tracking":false,"_monsterinsights_sitenote_active":false,"_monsterinsights_sitenote_note":"","_monsterinsights_sitenote_category":0,"_jetpack_memberships_contains_paid_content":false,"footnotes":""},"categories":[17],"tags":[],"class_list":["post-4625","post","type-post","status-publish","format-standard","has-post-thumbnail","hentry","category-numero-21-abril-2023"],"yoast_head":"<!-- This site is optimized with the Yoast SEO plugin v27.4 - https:\/\/yoast.com\/product\/yoast-seo-wordpress\/ -->\n<title>Vinculaci\u00f3n e Incidencia Social Universitaria: Las Ferias de la Salud en la comunidad de Las Ladrilleras del Refugio - Pulso<\/title>\n<meta name=\"robots\" content=\"index, follow, max-snippet:-1, max-image-preview:large, max-video-preview:-1\" \/>\n<link rel=\"canonical\" href=\"https:\/\/iberoleonenvio.com\/website_f1c4f9f2\/vinculacion-e-incidencia-social-universitaria-las-ferias-de-la-salud-en-la-comunidad-de-las-ladrilleras-del-refugio\/\" \/>\n<meta property=\"og:locale\" content=\"es_MX\" \/>\n<meta property=\"og:type\" content=\"article\" \/>\n<meta property=\"og:title\" content=\"Vinculaci\u00f3n e Incidencia Social Universitaria: Las Ferias de la Salud en la comunidad de Las Ladrilleras del Refugio - Pulso\" \/>\n<meta property=\"og:description\" content=\"Vinculaci\u00f3n e Incidencia Social Universitaria: Las Ferias de la Salud en la comunidad de Las Ladrilleras del Refugio N\u00famero 21 &#8211; Abril 2023 Por Jorge Eduardo Reza AlvaDirector del Centro ...\" \/>\n<meta property=\"og:url\" content=\"https:\/\/iberoleonenvio.com\/website_f1c4f9f2\/vinculacion-e-incidencia-social-universitaria-las-ferias-de-la-salud-en-la-comunidad-de-las-ladrilleras-del-refugio\/\" \/>\n<meta property=\"og:site_name\" content=\"Pulso\" \/>\n<meta property=\"article:published_time\" content=\"2023-03-30T19:59:18+00:00\" \/>\n<meta property=\"article:modified_time\" content=\"2023-03-31T21:47:50+00:00\" \/>\n<meta property=\"og:image\" content=\"https:\/\/i0.wp.com\/iberoleonenvio.com\/website_f1c4f9f2\/wp-content\/uploads\/2023\/03\/Imagen-2.png?fit=483%2C362&ssl=1\" \/>\n\t<meta property=\"og:image:width\" content=\"483\" \/>\n\t<meta property=\"og:image:height\" content=\"362\" \/>\n\t<meta property=\"og:image:type\" content=\"image\/png\" \/>\n<meta name=\"author\" content=\"Mois\u00e9s Rojas\" \/>\n<meta name=\"twitter:card\" content=\"summary_large_image\" \/>\n<meta name=\"twitter:label1\" content=\"Escrito por\" \/>\n\t<meta name=\"twitter:data1\" content=\"Mois\u00e9s Rojas\" \/>\n\t<meta name=\"twitter:label2\" content=\"Tiempo de lectura\" \/>\n\t<meta name=\"twitter:data2\" content=\"8 minutos\" \/>\n<script type=\"application\/ld+json\" class=\"yoast-schema-graph\">{\"@context\":\"https:\\\/\\\/schema.org\",\"@graph\":[{\"@type\":\"Article\",\"@id\":\"https:\\\/\\\/iberoleonenvio.com\\\/website_f1c4f9f2\\\/vinculacion-e-incidencia-social-universitaria-las-ferias-de-la-salud-en-la-comunidad-de-las-ladrilleras-del-refugio\\\/#article\",\"isPartOf\":{\"@id\":\"https:\\\/\\\/iberoleonenvio.com\\\/website_f1c4f9f2\\\/vinculacion-e-incidencia-social-universitaria-las-ferias-de-la-salud-en-la-comunidad-de-las-ladrilleras-del-refugio\\\/\"},\"author\":{\"name\":\"Mois\u00e9s Rojas\",\"@id\":\"https:\\\/\\\/iberoleonenvio.com\\\/website_f1c4f9f2\\\/#\\\/schema\\\/person\\\/b891e7d09057e96bfc8b3f25edda4b71\"},\"headline\":\"Vinculaci\u00f3n e Incidencia Social Universitaria: Las Ferias de la Salud en la comunidad de Las Ladrilleras del Refugio\",\"datePublished\":\"2023-03-30T19:59:18+00:00\",\"dateModified\":\"2023-03-31T21:47:50+00:00\",\"mainEntityOfPage\":{\"@id\":\"https:\\\/\\\/iberoleonenvio.com\\\/website_f1c4f9f2\\\/vinculacion-e-incidencia-social-universitaria-las-ferias-de-la-salud-en-la-comunidad-de-las-ladrilleras-del-refugio\\\/\"},\"wordCount\":1661,\"publisher\":{\"@id\":\"https:\\\/\\\/iberoleonenvio.com\\\/website_f1c4f9f2\\\/#organization\"},\"image\":{\"@id\":\"https:\\\/\\\/iberoleonenvio.com\\\/website_f1c4f9f2\\\/vinculacion-e-incidencia-social-universitaria-las-ferias-de-la-salud-en-la-comunidad-de-las-ladrilleras-del-refugio\\\/#primaryimage\"},\"thumbnailUrl\":\"https:\\\/\\\/i0.wp.com\\\/iberoleonenvio.com\\\/website_f1c4f9f2\\\/wp-content\\\/uploads\\\/2023\\\/03\\\/Imagen-2.png?fit=483%2C362&ssl=1\",\"articleSection\":[\"N\u00famero 21 - Abril 2023\"],\"inLanguage\":\"es\"},{\"@type\":\"WebPage\",\"@id\":\"https:\\\/\\\/iberoleonenvio.com\\\/website_f1c4f9f2\\\/vinculacion-e-incidencia-social-universitaria-las-ferias-de-la-salud-en-la-comunidad-de-las-ladrilleras-del-refugio\\\/\",\"url\":\"https:\\\/\\\/iberoleonenvio.com\\\/website_f1c4f9f2\\\/vinculacion-e-incidencia-social-universitaria-las-ferias-de-la-salud-en-la-comunidad-de-las-ladrilleras-del-refugio\\\/\",\"name\":\"Vinculaci\u00f3n e Incidencia Social Universitaria: Las Ferias de la Salud en la comunidad de Las Ladrilleras del Refugio - Pulso\",\"isPartOf\":{\"@id\":\"https:\\\/\\\/iberoleonenvio.com\\\/website_f1c4f9f2\\\/#website\"},\"primaryImageOfPage\":{\"@id\":\"https:\\\/\\\/iberoleonenvio.com\\\/website_f1c4f9f2\\\/vinculacion-e-incidencia-social-universitaria-las-ferias-de-la-salud-en-la-comunidad-de-las-ladrilleras-del-refugio\\\/#primaryimage\"},\"image\":{\"@id\":\"https:\\\/\\\/iberoleonenvio.com\\\/website_f1c4f9f2\\\/vinculacion-e-incidencia-social-universitaria-las-ferias-de-la-salud-en-la-comunidad-de-las-ladrilleras-del-refugio\\\/#primaryimage\"},\"thumbnailUrl\":\"https:\\\/\\\/i0.wp.com\\\/iberoleonenvio.com\\\/website_f1c4f9f2\\\/wp-content\\\/uploads\\\/2023\\\/03\\\/Imagen-2.png?fit=483%2C362&ssl=1\",\"datePublished\":\"2023-03-30T19:59:18+00:00\",\"dateModified\":\"2023-03-31T21:47:50+00:00\",\"breadcrumb\":{\"@id\":\"https:\\\/\\\/iberoleonenvio.com\\\/website_f1c4f9f2\\\/vinculacion-e-incidencia-social-universitaria-las-ferias-de-la-salud-en-la-comunidad-de-las-ladrilleras-del-refugio\\\/#breadcrumb\"},\"inLanguage\":\"es\",\"potentialAction\":[{\"@type\":\"ReadAction\",\"target\":[\"https:\\\/\\\/iberoleonenvio.com\\\/website_f1c4f9f2\\\/vinculacion-e-incidencia-social-universitaria-las-ferias-de-la-salud-en-la-comunidad-de-las-ladrilleras-del-refugio\\\/\"]}]},{\"@type\":\"ImageObject\",\"inLanguage\":\"es\",\"@id\":\"https:\\\/\\\/iberoleonenvio.com\\\/website_f1c4f9f2\\\/vinculacion-e-incidencia-social-universitaria-las-ferias-de-la-salud-en-la-comunidad-de-las-ladrilleras-del-refugio\\\/#primaryimage\",\"url\":\"https:\\\/\\\/i0.wp.com\\\/iberoleonenvio.com\\\/website_f1c4f9f2\\\/wp-content\\\/uploads\\\/2023\\\/03\\\/Imagen-2.png?fit=483%2C362&ssl=1\",\"contentUrl\":\"https:\\\/\\\/i0.wp.com\\\/iberoleonenvio.com\\\/website_f1c4f9f2\\\/wp-content\\\/uploads\\\/2023\\\/03\\\/Imagen-2.png?fit=483%2C362&ssl=1\",\"width\":483,\"height\":362},{\"@type\":\"BreadcrumbList\",\"@id\":\"https:\\\/\\\/iberoleonenvio.com\\\/website_f1c4f9f2\\\/vinculacion-e-incidencia-social-universitaria-las-ferias-de-la-salud-en-la-comunidad-de-las-ladrilleras-del-refugio\\\/#breadcrumb\",\"itemListElement\":[{\"@type\":\"ListItem\",\"position\":1,\"name\":\"Inicio\",\"item\":\"https:\\\/\\\/iberoleonenvio.com\\\/website_f1c4f9f2\\\/\"},{\"@type\":\"ListItem\",\"position\":2,\"name\":\"Vinculaci\u00f3n e Incidencia Social Universitaria: Las Ferias de la Salud en la comunidad de Las Ladrilleras del Refugio\"}]},{\"@type\":\"WebSite\",\"@id\":\"https:\\\/\\\/iberoleonenvio.com\\\/website_f1c4f9f2\\\/#website\",\"url\":\"https:\\\/\\\/iberoleonenvio.com\\\/website_f1c4f9f2\\\/\",\"name\":\"Pulso\",\"description\":\"\",\"publisher\":{\"@id\":\"https:\\\/\\\/iberoleonenvio.com\\\/website_f1c4f9f2\\\/#organization\"},\"potentialAction\":[{\"@type\":\"SearchAction\",\"target\":{\"@type\":\"EntryPoint\",\"urlTemplate\":\"https:\\\/\\\/iberoleonenvio.com\\\/website_f1c4f9f2\\\/?s={search_term_string}\"},\"query-input\":{\"@type\":\"PropertyValueSpecification\",\"valueRequired\":true,\"valueName\":\"search_term_string\"}}],\"inLanguage\":\"es\"},{\"@type\":\"Organization\",\"@id\":\"https:\\\/\\\/iberoleonenvio.com\\\/website_f1c4f9f2\\\/#organization\",\"name\":\"Pulso\",\"url\":\"https:\\\/\\\/iberoleonenvio.com\\\/website_f1c4f9f2\\\/\",\"logo\":{\"@type\":\"ImageObject\",\"inLanguage\":\"es\",\"@id\":\"https:\\\/\\\/iberoleonenvio.com\\\/website_f1c4f9f2\\\/#\\\/schema\\\/logo\\\/image\\\/\",\"url\":\"https:\\\/\\\/i0.wp.com\\\/iberoleonenvio.com\\\/website_f1c4f9f2\\\/wp-content\\\/uploads\\\/2022\\\/04\\\/cropped-logo_pulso.png?fit=347%2C101&ssl=1\",\"contentUrl\":\"https:\\\/\\\/i0.wp.com\\\/iberoleonenvio.com\\\/website_f1c4f9f2\\\/wp-content\\\/uploads\\\/2022\\\/04\\\/cropped-logo_pulso.png?fit=347%2C101&ssl=1\",\"width\":347,\"height\":101,\"caption\":\"Pulso\"},\"image\":{\"@id\":\"https:\\\/\\\/iberoleonenvio.com\\\/website_f1c4f9f2\\\/#\\\/schema\\\/logo\\\/image\\\/\"}},{\"@type\":\"Person\",\"@id\":\"https:\\\/\\\/iberoleonenvio.com\\\/website_f1c4f9f2\\\/#\\\/schema\\\/person\\\/b891e7d09057e96bfc8b3f25edda4b71\",\"name\":\"Mois\u00e9s Rojas\",\"url\":\"https:\\\/\\\/iberoleonenvio.com\\\/website_f1c4f9f2\\\/author\\\/mrojas\\\/\"}]}<\/script>\n<!-- \/ Yoast SEO plugin. -->","yoast_head_json":{"title":"Vinculaci\u00f3n e Incidencia Social Universitaria: Las Ferias de la Salud en la comunidad de Las Ladrilleras del Refugio - Pulso","robots":{"index":"index","follow":"follow","max-snippet":"max-snippet:-1","max-image-preview":"max-image-preview:large","max-video-preview":"max-video-preview:-1"},"canonical":"https:\/\/iberoleonenvio.com\/website_f1c4f9f2\/vinculacion-e-incidencia-social-universitaria-las-ferias-de-la-salud-en-la-comunidad-de-las-ladrilleras-del-refugio\/","og_locale":"es_MX","og_type":"article","og_title":"Vinculaci\u00f3n e Incidencia Social Universitaria: Las Ferias de la Salud en la comunidad de Las Ladrilleras del Refugio - Pulso","og_description":"Vinculaci\u00f3n e Incidencia Social Universitaria: Las Ferias de la Salud en la comunidad de Las Ladrilleras del Refugio N\u00famero 21 &#8211; Abril 2023 Por Jorge Eduardo Reza AlvaDirector del Centro ...","og_url":"https:\/\/iberoleonenvio.com\/website_f1c4f9f2\/vinculacion-e-incidencia-social-universitaria-las-ferias-de-la-salud-en-la-comunidad-de-las-ladrilleras-del-refugio\/","og_site_name":"Pulso","article_published_time":"2023-03-30T19:59:18+00:00","article_modified_time":"2023-03-31T21:47:50+00:00","og_image":[{"width":483,"height":362,"url":"https:\/\/i0.wp.com\/iberoleonenvio.com\/website_f1c4f9f2\/wp-content\/uploads\/2023\/03\/Imagen-2.png?fit=483%2C362&ssl=1","type":"image\/png"}],"author":"Mois\u00e9s Rojas","twitter_card":"summary_large_image","twitter_misc":{"Escrito por":"Mois\u00e9s Rojas","Tiempo de lectura":"8 minutos"},"schema":{"@context":"https:\/\/schema.org","@graph":[{"@type":"Article","@id":"https:\/\/iberoleonenvio.com\/website_f1c4f9f2\/vinculacion-e-incidencia-social-universitaria-las-ferias-de-la-salud-en-la-comunidad-de-las-ladrilleras-del-refugio\/#article","isPartOf":{"@id":"https:\/\/iberoleonenvio.com\/website_f1c4f9f2\/vinculacion-e-incidencia-social-universitaria-las-ferias-de-la-salud-en-la-comunidad-de-las-ladrilleras-del-refugio\/"},"author":{"name":"Mois\u00e9s Rojas","@id":"https:\/\/iberoleonenvio.com\/website_f1c4f9f2\/#\/schema\/person\/b891e7d09057e96bfc8b3f25edda4b71"},"headline":"Vinculaci\u00f3n e Incidencia Social Universitaria: Las Ferias de la Salud en la comunidad de Las Ladrilleras del Refugio","datePublished":"2023-03-30T19:59:18+00:00","dateModified":"2023-03-31T21:47:50+00:00","mainEntityOfPage":{"@id":"https:\/\/iberoleonenvio.com\/website_f1c4f9f2\/vinculacion-e-incidencia-social-universitaria-las-ferias-de-la-salud-en-la-comunidad-de-las-ladrilleras-del-refugio\/"},"wordCount":1661,"publisher":{"@id":"https:\/\/iberoleonenvio.com\/website_f1c4f9f2\/#organization"},"image":{"@id":"https:\/\/iberoleonenvio.com\/website_f1c4f9f2\/vinculacion-e-incidencia-social-universitaria-las-ferias-de-la-salud-en-la-comunidad-de-las-ladrilleras-del-refugio\/#primaryimage"},"thumbnailUrl":"https:\/\/i0.wp.com\/iberoleonenvio.com\/website_f1c4f9f2\/wp-content\/uploads\/2023\/03\/Imagen-2.png?fit=483%2C362&ssl=1","articleSection":["N\u00famero 21 - Abril 2023"],"inLanguage":"es"},{"@type":"WebPage","@id":"https:\/\/iberoleonenvio.com\/website_f1c4f9f2\/vinculacion-e-incidencia-social-universitaria-las-ferias-de-la-salud-en-la-comunidad-de-las-ladrilleras-del-refugio\/","url":"https:\/\/iberoleonenvio.com\/website_f1c4f9f2\/vinculacion-e-incidencia-social-universitaria-las-ferias-de-la-salud-en-la-comunidad-de-las-ladrilleras-del-refugio\/","name":"Vinculaci\u00f3n e Incidencia Social Universitaria: Las Ferias de la Salud en la comunidad de Las Ladrilleras del Refugio - Pulso","isPartOf":{"@id":"https:\/\/iberoleonenvio.com\/website_f1c4f9f2\/#website"},"primaryImageOfPage":{"@id":"https:\/\/iberoleonenvio.com\/website_f1c4f9f2\/vinculacion-e-incidencia-social-universitaria-las-ferias-de-la-salud-en-la-comunidad-de-las-ladrilleras-del-refugio\/#primaryimage"},"image":{"@id":"https:\/\/iberoleonenvio.com\/website_f1c4f9f2\/vinculacion-e-incidencia-social-universitaria-las-ferias-de-la-salud-en-la-comunidad-de-las-ladrilleras-del-refugio\/#primaryimage"},"thumbnailUrl":"https:\/\/i0.wp.com\/iberoleonenvio.com\/website_f1c4f9f2\/wp-content\/uploads\/2023\/03\/Imagen-2.png?fit=483%2C362&ssl=1","datePublished":"2023-03-30T19:59:18+00:00","dateModified":"2023-03-31T21:47:50+00:00","breadcrumb":{"@id":"https:\/\/iberoleonenvio.com\/website_f1c4f9f2\/vinculacion-e-incidencia-social-universitaria-las-ferias-de-la-salud-en-la-comunidad-de-las-ladrilleras-del-refugio\/#breadcrumb"},"inLanguage":"es","potentialAction":[{"@type":"ReadAction","target":["https:\/\/iberoleonenvio.com\/website_f1c4f9f2\/vinculacion-e-incidencia-social-universitaria-las-ferias-de-la-salud-en-la-comunidad-de-las-ladrilleras-del-refugio\/"]}]},{"@type":"ImageObject","inLanguage":"es","@id":"https:\/\/iberoleonenvio.com\/website_f1c4f9f2\/vinculacion-e-incidencia-social-universitaria-las-ferias-de-la-salud-en-la-comunidad-de-las-ladrilleras-del-refugio\/#primaryimage","url":"https:\/\/i0.wp.com\/iberoleonenvio.com\/website_f1c4f9f2\/wp-content\/uploads\/2023\/03\/Imagen-2.png?fit=483%2C362&ssl=1","contentUrl":"https:\/\/i0.wp.com\/iberoleonenvio.com\/website_f1c4f9f2\/wp-content\/uploads\/2023\/03\/Imagen-2.png?fit=483%2C362&ssl=1","width":483,"height":362},{"@type":"BreadcrumbList","@id":"https:\/\/iberoleonenvio.com\/website_f1c4f9f2\/vinculacion-e-incidencia-social-universitaria-las-ferias-de-la-salud-en-la-comunidad-de-las-ladrilleras-del-refugio\/#breadcrumb","itemListElement":[{"@type":"ListItem","position":1,"name":"Inicio","item":"https:\/\/iberoleonenvio.com\/website_f1c4f9f2\/"},{"@type":"ListItem","position":2,"name":"Vinculaci\u00f3n e Incidencia Social Universitaria: Las Ferias de la Salud en la comunidad de Las Ladrilleras del Refugio"}]},{"@type":"WebSite","@id":"https:\/\/iberoleonenvio.com\/website_f1c4f9f2\/#website","url":"https:\/\/iberoleonenvio.com\/website_f1c4f9f2\/","name":"Pulso","description":"","publisher":{"@id":"https:\/\/iberoleonenvio.com\/website_f1c4f9f2\/#organization"},"potentialAction":[{"@type":"SearchAction","target":{"@type":"EntryPoint","urlTemplate":"https:\/\/iberoleonenvio.com\/website_f1c4f9f2\/?s={search_term_string}"},"query-input":{"@type":"PropertyValueSpecification","valueRequired":true,"valueName":"search_term_string"}}],"inLanguage":"es"},{"@type":"Organization","@id":"https:\/\/iberoleonenvio.com\/website_f1c4f9f2\/#organization","name":"Pulso","url":"https:\/\/iberoleonenvio.com\/website_f1c4f9f2\/","logo":{"@type":"ImageObject","inLanguage":"es","@id":"https:\/\/iberoleonenvio.com\/website_f1c4f9f2\/#\/schema\/logo\/image\/","url":"https:\/\/i0.wp.com\/iberoleonenvio.com\/website_f1c4f9f2\/wp-content\/uploads\/2022\/04\/cropped-logo_pulso.png?fit=347%2C101&ssl=1","contentUrl":"https:\/\/i0.wp.com\/iberoleonenvio.com\/website_f1c4f9f2\/wp-content\/uploads\/2022\/04\/cropped-logo_pulso.png?fit=347%2C101&ssl=1","width":347,"height":101,"caption":"Pulso"},"image":{"@id":"https:\/\/iberoleonenvio.com\/website_f1c4f9f2\/#\/schema\/logo\/image\/"}},{"@type":"Person","@id":"https:\/\/iberoleonenvio.com\/website_f1c4f9f2\/#\/schema\/person\/b891e7d09057e96bfc8b3f25edda4b71","name":"Mois\u00e9s Rojas","url":"https:\/\/iberoleonenvio.com\/website_f1c4f9f2\/author\/mrojas\/"}]}},"jetpack_featured_media_url":"https:\/\/i0.wp.com\/iberoleonenvio.com\/website_f1c4f9f2\/wp-content\/uploads\/2023\/03\/Imagen-2.png?fit=483%2C362&ssl=1","jetpack_sharing_enabled":true,"_links":{"self":[{"href":"https:\/\/iberoleonenvio.com\/website_f1c4f9f2\/wp-json\/wp\/v2\/posts\/4625","targetHints":{"allow":["GET"]}}],"collection":[{"href":"https:\/\/iberoleonenvio.com\/website_f1c4f9f2\/wp-json\/wp\/v2\/posts"}],"about":[{"href":"https:\/\/iberoleonenvio.com\/website_f1c4f9f2\/wp-json\/wp\/v2\/types\/post"}],"author":[{"embeddable":true,"href":"https:\/\/iberoleonenvio.com\/website_f1c4f9f2\/wp-json\/wp\/v2\/users\/2"}],"replies":[{"embeddable":true,"href":"https:\/\/iberoleonenvio.com\/website_f1c4f9f2\/wp-json\/wp\/v2\/comments?post=4625"}],"version-history":[{"count":13,"href":"https:\/\/iberoleonenvio.com\/website_f1c4f9f2\/wp-json\/wp\/v2\/posts\/4625\/revisions"}],"predecessor-version":[{"id":4814,"href":"https:\/\/iberoleonenvio.com\/website_f1c4f9f2\/wp-json\/wp\/v2\/posts\/4625\/revisions\/4814"}],"wp:featuredmedia":[{"embeddable":true,"href":"https:\/\/iberoleonenvio.com\/website_f1c4f9f2\/wp-json\/wp\/v2\/media\/4626"}],"wp:attachment":[{"href":"https:\/\/iberoleonenvio.com\/website_f1c4f9f2\/wp-json\/wp\/v2\/media?parent=4625"}],"wp:term":[{"taxonomy":"category","embeddable":true,"href":"https:\/\/iberoleonenvio.com\/website_f1c4f9f2\/wp-json\/wp\/v2\/categories?post=4625"},{"taxonomy":"post_tag","embeddable":true,"href":"https:\/\/iberoleonenvio.com\/website_f1c4f9f2\/wp-json\/wp\/v2\/tags?post=4625"}],"curies":[{"name":"wp","href":"https:\/\/api.w.org\/{rel}","templated":true}]}}